{"id":44845,"date":"2024-03-28T15:34:59","date_gmt":"2024-03-28T14:34:59","guid":{"rendered":"https:\/\/www.smartphoto.be\/inspiration\/?p=44845"},"modified":"2024-03-28T15:40:50","modified_gmt":"2024-03-28T14:40:50","slug":"anniversaire-en-retard","status":"publish","type":"post","link":"https:\/\/www.smartphoto.be\/inspiration\/anniversaire-en-retard","title":{"rendered":"Anniversaire en retard : id\u00e9es de textes &amp; v\u0153ux pour vous faire pardonner"},"content":{"rendered":"\n<p>Vous avez oubli\u00e9 de souhaiter un bon anniversaire \u00e0 un proche ? Il n\u2019est pas trop tard pour faire sourire cette personne qui vous est ch\u00e8re !<strong> Souhaiter un bon anniversaire en retard <\/strong>offre l\u2019avantage suivant : vous serez sans doute le.a seul.e \u00e0 lui souhaiter ce jour-l\u00e0 !\u00a0<\/p>\n\n\n\n<p>Si vous ne savez pas quoi \u00e9crire, inspirez-vous des souhaits d&rsquo;anniversaire \u00ab\u00a0en retard\u00a0\u00bb ci-dessous !<\/p>\n\n\n\n<p><em><strong>Il y a un anniversaire, hourrah, hourrah ! Le moment fort de l&rsquo;ann\u00e9e pour celui qui f\u00eate son anniversaire.<\/strong><\/em><\/p>\n\n\n\n<h2 class=\"wp-block-heading\">Bien s\u00fbr, vous avez particip\u00e9 \u00e0 cette&#8230;<\/h2>\n\n\n\n<h2 class=\"wp-block-heading has-text-align-right\">Oups.<\/h2>\n\n\n\n<p><strong>Eh bien voici une grande nouvelle : <\/strong>cela arrive \u00e0 tout le monde de temps en temps. Ce n&rsquo;est pas agr\u00e9able, mais il est toujours possible de se rattraper.<\/p>\n\n\n<div class=\"wp-block-image\">\n<figure class=\"alignleft size-large\"><img loading=\"lazy\" decoding=\"async\" width=\"1024\" height=\"576\" src=\"https:\/\/storage.googleapis.com\/smartphoto-express-production-wp-blogs-com\/9\/2024\/03\/1280x720_Blog_Party_1-1024x576.jpg\" alt=\"Anniversaire en retard : id\u00e9es de textes pour vous faire pardonner? Id\u00e9es pour souhaiter un joyeux anniv en retard, texte pour anniversaire en retard, voeux, cadeaux et messages.\" class=\"wp-image-44847\" srcset=\"https:\/\/storage.googleapis.com\/smartphoto-express-production-wp-blogs-com\/9\/2024\/03\/1280x720_Blog_Party_1-1024x576.jpg 1024w, https:\/\/storage.googleapis.com\/smartphoto-express-production-wp-blogs-com\/9\/2024\/03\/1280x720_Blog_Party_1-300x169.jpg 300w, https:\/\/storage.googleapis.com\/smartphoto-express-production-wp-blogs-com\/9\/2024\/03\/1280x720_Blog_Party_1-768x432.jpg 768w, https:\/\/storage.googleapis.com\/smartphoto-express-production-wp-blogs-com\/9\/2024\/03\/1280x720_Blog_Party_1.jpg 1280w\" sizes=\"auto, (max-width: 1024px) 100vw, 1024px\" \/><figcaption class=\"wp-element-caption\"><em>Anniversaire en retard : id\u00e9es de textes pour vous rattraper<\/em><\/figcaption><\/figure><\/div>\n\n\n<h2 class=\"wp-block-heading\">1. Que faire si l&rsquo;on oublie l&rsquo;anniversaire de quelqu&rsquo;un ?<\/h2>\n\n\n\n<p>Soyons bien clairs :  <strong><em>la pire chose \u00e0 faire, c&rsquo;est de ne jamais souhaiter un joyeux anniversaire \u00e0 cette personne, par peur d&rsquo;avouer son oubli.<\/em><\/strong><\/p>\n\n\n\n<p>Bien s\u00fbr, cela d\u00e9pend enti\u00e8rement de qui est<strong> la personne que vous avez oubli\u00e9e<\/strong>. Pour les personnes moins proches, vous pouvez envoyer un SMS ou une carte d&rsquo;anniversaire. L&rsquo;anniversaire d&rsquo;une vague connaissance arrive trop tard ? Pas de probl\u00e8me. Mais lorsqu&rsquo;il s&rsquo;agit de votre m\u00e8re ou de votre meilleur.e ami.e, le probl\u00e8me est d\u00e9j\u00e0 d&rsquo;une autre envergure&#8230;.<\/p>\n\n\n\n<p>Il est \u00e9galement important de se demander \u00e0 quel point la personne dont on a oubli\u00e9 l&rsquo;anniversaire <strong>appr\u00e9cie les anniversaires<\/strong>. S&rsquo;agit-il d&rsquo;une personne qui est toujours pr\u00e9sente le jour de votre anniversaire, qui passe des semaines \u00e0 pr\u00e9parer sa f\u00eate et qui n&rsquo;oublie jamais l&rsquo;anniversaire d&rsquo;un proche ? Ou au contraire, cela lui arrive r\u00e9guli\u00e8rement d&rsquo;oublier votre propre anniversaire ? <\/p>\n\n\n\n<p>Dans les deux cas, nous vous proposons une liste de solutions !<\/p>\n\n\n<div class=\"wp-block-image\">\n<figure class=\"aligncenter size-large\"><a href=\"https:\/\/www.smartphoto.be\/fr\/cadeaux-photo\/porte-cle-photo\"><img loading=\"lazy\" decoding=\"async\" width=\"1024\" height=\"576\" src=\"https:\/\/storage.googleapis.com\/smartphoto-express-production-wp-blogs-com\/9\/2024\/03\/1280x720_Blog_Quote_3_FR-1024x576.jpg\" alt=\"Id\u00e9es pour souhaiter un joyeux anniv en retard, texte pour anniversaire en retard, voeux, cadeaux et messages.\" class=\"wp-image-44848\" srcset=\"https:\/\/storage.googleapis.com\/smartphoto-express-production-wp-blogs-com\/9\/2024\/03\/1280x720_Blog_Quote_3_FR-1024x576.jpg 1024w, https:\/\/storage.googleapis.com\/smartphoto-express-production-wp-blogs-com\/9\/2024\/03\/1280x720_Blog_Quote_3_FR-300x169.jpg 300w, https:\/\/storage.googleapis.com\/smartphoto-express-production-wp-blogs-com\/9\/2024\/03\/1280x720_Blog_Quote_3_FR-768x432.jpg 768w, https:\/\/storage.googleapis.com\/smartphoto-express-production-wp-blogs-com\/9\/2024\/03\/1280x720_Blog_Quote_3_FR.jpg 1280w\" sizes=\"auto, (max-width: 1024px) 100vw, 1024px\" \/><\/a><figcaption class=\"wp-element-caption\"><a href=\"https:\/\/www.smartphoto.be\/fr\/cadeaux-photo\/porte-cle-photo\">Porte-cl\u00e9s hexagonal personnalis\u00e9<\/a> smartphoto<\/figcaption><\/figure><\/div>\n\n\n<h2 class=\"wp-block-heading\">2. Comment pr\u00e9senter des v\u0153ux d&rsquo;anniversaire en retard ?<\/h2>\n\n\n\n<p>Il serait extr\u00eamement ennuyeux de blesser une personne ch\u00e8re \u00e0 cause de cette situation ou d&rsquo;\u00e9corner une amiti\u00e9 \u00e0 cause de cet oubli. Estimez donc dans quelle mesure la personne oubli\u00e9e vous en voudra d&rsquo;avoir oubli\u00e9 son anniversaire, et adaptez votre <strong>v\u0153u d&rsquo;anniversaire tardif<\/strong> en cons\u00e9quence.<\/p>\n\n\n\n<h3 class=\"wp-block-heading\">Probl\u00e8me&#8230; \u00e0 relativiser<\/h3>\n\n\n\n<p>Si vous pensez que la personne dont c&rsquo;est l&rsquo;anniversaire ne vous en voudra pas d&rsquo;avoir oubli\u00e9 sa journ\u00e9e, r\u00e9solvez le probl\u00e8me en envoyant un message ou une carte mignonne lui souhaitant un super \u00ab\u00a0anniversaire en retard\u00a0\u00bb d&rsquo;une fa\u00e7on originale, dr\u00f4le ou po\u00e9tique.<\/p>\n\n\n\n<p>Bien s\u00fbr, il existe toutes sortes de cartes \u00e0 vendre avec des textes appropri\u00e9s. Cela prouve que vous n&rsquo;\u00eates pas le seul \u00e0 oublier un anniversaire de temps en temps ! Mais la plus belle carte, c&rsquo;est celle que vous \u00e9crirez ou cr\u00e9erez vous-m\u00eame. Si vous voulez non seulement vous r\u00e9concilier, mais aussi laisser un souvenir imp\u00e9rissable, <a href=\"https:\/\/www.smartphoto.be\/fr\/faire-part-cartes\/faire-part-classique\">personnalisez votre carte avec de belles photos<\/a>, qui vous permettront de vous rem\u00e9morer les meilleurs moments pass\u00e9s ensemble. Bien s\u00fbr, pour les plus gourmands d&rsquo;entre nous, vous pouvez \u00e9galement envoyer un message via <a href=\"https:\/\/www.smartphoto.be\/fr\/cadeaux-photo\/chocolat-personnalise\/lettres-en-chocolat\">un t\u00e9l\u00e9gramme en chocolat<\/a>. C&rsquo;est non seulement d\u00e9licieux, mais aussi original. Que peut-on souhaiter de plus ? Apr\u00e8s l&rsquo;avoir re\u00e7u, la personne dont c&rsquo;est l&rsquo;anniversaire se souviendra \u00e0 peine de votre retard.<\/p>\n\n\n\n<p><strong>Voici quelques id\u00e9es de textes sympathiques, qui fonctionnent aussi bien comme sms d&rsquo;anniversaire que sur une jolie carte :<\/strong><\/p>\n\n\n\n<ul class=\"wp-block-list\">\n<li>Je voulais \u00eatre la &#8230; derni\u00e8re personne \u00e0 te souhaiter un joyeux anniversaire ! Pour que tu ne m&rsquo;oublies jamais.<\/li>\n\n\n\n<li>J&rsquo;ai b\u00eatement oubli\u00e9 ton anniversaire. Afin que cela ne se produise plus, je me permets de te pr\u00e9senter mes meilleurs v\u0153ux pour ton prochain anniversaire.<\/li>\n\n\n\n<li>Bonne nouvelle ! Tu n&rsquo;es pas le seul \u00e0 vieillir. Ma m\u00e9moire aussi n&rsquo;est plus ce qu&rsquo;elle \u00e9tait exactement&#8230;. Joyeux anniversaire en retard !<\/li>\n\n\n\n<li>Je n&rsquo;ai pas oubli\u00e9 ton anniversaire, mais j&rsquo;avais envie qu&rsquo;il dure un peu plus longtemps !<\/li>\n\n\n\n<li>Tu as l&rsquo;air si jeune que j&rsquo;avais oubli\u00e9 que tu avais d\u00e9j\u00e0 un an de plus.<\/li>\n\n\n\n<li>Je pense tellement \u00e0 toi que je n&rsquo;ai plus le temps de regarder le calendrier des anniversaires.<\/li>\n\n\n\n<li>J&rsquo;aime mieux f\u00eater ton \u00ab\u00a0mois d&rsquo;anniversaire\u00a0\u00bb que ton anniversaire. C&rsquo;est toujours ton mois d&rsquo;anniversaire, n&rsquo;est-ce pas ?<\/li>\n\n\n\n<li>Tu es une si bonne amie, talentueuse et pleine de qualit\u00e9s. Heureusement pour moi, la capacit\u00e9 \u00e0 pardonner est l&rsquo;une d&rsquo;entre elles ! <\/li>\n<\/ul>\n\n\n\n<figure class=\"wp-block-image size-large is-resized\"><a href=\"https:\/\/www.smartphoto.be\/fr\/cadeaux-photo\/chocolat-personnalise\/c%C5%93ur-en-chocolat-avec-photo\"><img loading=\"lazy\" decoding=\"async\" width=\"1024\" height=\"576\" src=\"https:\/\/storage.googleapis.com\/smartphoto-express-production-wp-blogs-com\/9\/2024\/03\/1280x720_Blog_Quote_1_FR-1024x576.jpg\" alt=\"Cadeau pour un anniversaire en retard, chocolat en coeur avec texte, id\u00e9es de textes anniversaire en retard\" class=\"wp-image-44849\" style=\"aspect-ratio:1.7777777777777777;width:840px;height:auto\" srcset=\"https:\/\/storage.googleapis.com\/smartphoto-express-production-wp-blogs-com\/9\/2024\/03\/1280x720_Blog_Quote_1_FR-1024x576.jpg 1024w, https:\/\/storage.googleapis.com\/smartphoto-express-production-wp-blogs-com\/9\/2024\/03\/1280x720_Blog_Quote_1_FR-300x169.jpg 300w, https:\/\/storage.googleapis.com\/smartphoto-express-production-wp-blogs-com\/9\/2024\/03\/1280x720_Blog_Quote_1_FR-768x432.jpg 768w, https:\/\/storage.googleapis.com\/smartphoto-express-production-wp-blogs-com\/9\/2024\/03\/1280x720_Blog_Quote_1_FR.jpg 1280w\" sizes=\"auto, (max-width: 1024px) 100vw, 1024px\" \/><\/a><figcaption class=\"wp-element-caption\">Pour une touche extra fun, imprimez votre message d&rsquo;anniversaire en retard <a href=\"https:\/\/www.smartphoto.be\/fr\/cadeaux-photo\/chocolat-personnalise\/c%C5%93ur-en-chocolat-avec-photo\">sur un coeur en chocolat<\/a><\/figcaption><\/figure>\n\n\n\n<h2 class=\"wp-block-heading\">4. L&rsquo;affaire est d&rsquo;importance : organisez une surprise sp\u00e9ciale<\/h2>\n\n\n\n<p>Vous craignez qu&rsquo;en oubliant un anniversaire, vous n&rsquo;ayez vraiment l\u00e9s\u00e9 quelqu&rsquo;un ou vous pensez que la personne oubli\u00e9e pourrait vous en vouloir ? Dans ce cas, laissez votre cerveau cr\u00e9atif s&rsquo;exprimer et inventez quelque chose de sp\u00e9cial !&nbsp;<\/p>\n\n\n\n<p>Plut\u00f4t difficile, n&rsquo;est-ce pas ? Nous vous donnons ci-dessous un petit coup de pouce. <strong>Essayez de trouver quelque chose qui corresponde vraiment \u00e0 la personne qui f\u00eate son anniversaire. <\/strong>Peut-\u00eatre a-t-il.elle un r\u00eave qui ne s&rsquo;est jamais r\u00e9alis\u00e9 ?<\/p>\n\n\n\n<p>C&rsquo;est aussi l&rsquo;occasion de faire quelque chose ensemble. Voici quelques exemples pour vous inspirer :<\/p>\n\n\n\n<ul class=\"wp-block-list\">\n<li>D\u00eener ensemble dans un restaurant d&rsquo;ambiance.<\/li>\n\n\n\n<li>Se rendre dans la ville commer\u00e7ante pr\u00e9f\u00e9r\u00e9e de la personne dont c&rsquo;est l&rsquo;anniversaire et la surprendre avec un cadeau sp\u00e9cial.<\/li>\n\n\n\n<li>La personne dont c&rsquo;est l&rsquo;anniversaire parle depuis des ann\u00e9es de faire un saut en parachute, mais cela n&rsquo;a jamais abouti. Organisez-le et r\u00e9alisez ainsi ce r\u00eave.<\/li>\n\n\n\n<li>Vous verrez, de cette fa\u00e7on, l&rsquo;anniversaire oubli\u00e9 deviendra r\u00e9alit\u00e9 !<\/li>\n<\/ul>\n\n\n\n<p>Vous verrez, de cette fa\u00e7on, l&rsquo;anniversaire oubli\u00e9 deviendra un beau moment partag\u00e9 !<\/p>\n\n\n<div class=\"wp-block-image\">\n<figure class=\"aligncenter size-large\"><a href=\"https:\/\/www.smartphoto.be\/fr\/cadeaux-photo\/boite-biscuits-photo\"><img loading=\"lazy\" decoding=\"async\" width=\"1024\" height=\"576\" src=\"https:\/\/storage.googleapis.com\/smartphoto-express-production-wp-blogs-com\/9\/2024\/03\/1280x720_Blog_Quote_2_FR-1024x576.jpg\" alt=\"Id\u00e9e de cadeau personnalis\u00e9 pour anniversaire en retard\" class=\"wp-image-44850\" srcset=\"https:\/\/storage.googleapis.com\/smartphoto-express-production-wp-blogs-com\/9\/2024\/03\/1280x720_Blog_Quote_2_FR-1024x576.jpg 1024w, https:\/\/storage.googleapis.com\/smartphoto-express-production-wp-blogs-com\/9\/2024\/03\/1280x720_Blog_Quote_2_FR-300x169.jpg 300w, https:\/\/storage.googleapis.com\/smartphoto-express-production-wp-blogs-com\/9\/2024\/03\/1280x720_Blog_Quote_2_FR-768x432.jpg 768w, https:\/\/storage.googleapis.com\/smartphoto-express-production-wp-blogs-com\/9\/2024\/03\/1280x720_Blog_Quote_2_FR.jpg 1280w\" sizes=\"auto, (max-width: 1024px) 100vw, 1024px\" \/><\/a><figcaption class=\"wp-element-caption\"><a href=\"https:\/\/www.smartphoto.be\/fr\/cadeaux-photo\/boite-biscuits-photo\">Bo\u00eete \u00e0 biscuits d&rsquo;anniversaire<\/a> smartphoto<\/figcaption><\/figure><\/div>\n\n\n<p>Vous avez des conseils ou des id\u00e9es amusantes pour souhaiter un bon anniversaire en retard ? N&rsquo;h\u00e9sitez pas \u00e0 nous en faire part dans nos commentaires, sur Facebook ou sur instagram avec le hashtag #mysmartphoto. Nous avons h\u00e2te de d\u00e9couvrir vos textes !<\/p>\n\n\n\n<figure class=\"wp-block-image size-large\"><a href=\"https:\/\/www.smartphoto.be\/fr\/calendrier-photo\/calendrier-anniversaire\"><img loading=\"lazy\" decoding=\"async\" width=\"1024\" height=\"465\" src=\"https:\/\/storage.googleapis.com\/smartphoto-express-production-wp-blogs-com\/9\/2024\/03\/Blog_BirthdayCalender_FR-1024x465.jpg\" alt=\"Calendrier anniversaire poru ne plus jamais oublier les anniversaires\" class=\"wp-image-44853\" srcset=\"https:\/\/storage.googleapis.com\/smartphoto-express-production-wp-blogs-com\/9\/2024\/03\/Blog_BirthdayCalender_FR-1024x465.jpg 1024w, https:\/\/storage.googleapis.com\/smartphoto-express-production-wp-blogs-com\/9\/2024\/03\/Blog_BirthdayCalender_FR-300x136.jpg 300w, https:\/\/storage.googleapis.com\/smartphoto-express-production-wp-blogs-com\/9\/2024\/03\/Blog_BirthdayCalender_FR-768x349.jpg 768w, https:\/\/storage.googleapis.com\/smartphoto-express-production-wp-blogs-com\/9\/2024\/03\/Blog_BirthdayCalender_FR-1536x698.jpg 1536w, https:\/\/storage.googleapis.com\/smartphoto-express-production-wp-blogs-com\/9\/2024\/03\/Blog_BirthdayCalender_FR.jpg 1584w\" sizes=\"auto, (max-width: 1024px) 100vw, 1024px\" \/><\/a><\/figure>\n","protected":false},"excerpt":{"rendered":"<p>Anniversaire en retard : id\u00e9es de textes pour vous faire pardonner .Id\u00e9es pour souhaiter un joyeux anniv en retard, texte pour anniversaire en retard, voeux, cadeaux et messages.<\/p>\n","protected":false},"author":39,"featured_media":44850,"comment_status":"open","ping_status":"closed","sticky":false,"template":"","format":"standard","meta":{"om_disable_all_campaigns":false,"_monsterinsights_skip_tracking":false,"_monsterinsights_sitenote_active":false,"_monsterinsights_sitenote_note":"","_monsterinsights_sitenote_category":0,"footnotes":""},"categories":[97],"tags":[],"class_list":["post-44845","post","type-post","status-publish","format-standard","has-post-thumbnail","hentry","category-anniversaire"],"yoast_head":"<!-- This site is optimized with the Yoast SEO plugin v23.8 - https:\/\/yoast.com\/wordpress\/plugins\/seo\/ -->\n<title>Anniversaire en retard : id\u00e9es de textes &amp; v\u0153ux pour vous faire pardonner<\/title>\n<meta name=\"description\" content=\"Id\u00e9es pour souhaiter un joyeux anniv en retard, texte pour anniversaire en retard, voeux, cadeaux et messages.\" \/>\n<meta name=\"robots\" content=\"index, follow, max-snippet:-1, max-image-preview:large, max-video-preview:-1\" \/>\n<link rel=\"canonical\" href=\"https:\/\/www.smartphoto.be\/inspiration\/anniversaire-en-retard\" \/>\n<meta property=\"og:locale\" content=\"fr_FR\" \/>\n<meta property=\"og:type\" content=\"article\" \/>\n<meta property=\"og:title\" content=\"Anniversaire en retard : id\u00e9es de textes &amp; v\u0153ux pour vous faire pardonner\" \/>\n<meta property=\"og:description\" content=\"Id\u00e9es pour souhaiter un joyeux anniv en retard, texte pour anniversaire en retard, voeux, cadeaux et messages.\" \/>\n<meta property=\"og:url\" content=\"https:\/\/www.smartphoto.be\/inspiration\/anniversaire-en-retard\" \/>\n<meta property=\"og:site_name\" content=\"smartphoto BE FR\" \/>\n<meta property=\"article:publisher\" content=\"https:\/\/www.facebook.com\/smartphoto.be\/\" \/>\n<meta property=\"article:published_time\" content=\"2024-03-28T14:34:59+00:00\" \/>\n<meta property=\"article:modified_time\" content=\"2024-03-28T14:40:50+00:00\" \/>\n<meta property=\"og:image\" content=\"https:\/\/storage.googleapis.com\/smartphoto-express-production-wp-blogs-com\/9\/2024\/03\/1280x720_Blog_Quote_2_FR.jpg\" \/>\n\t<meta property=\"og:image:width\" content=\"1280\" \/>\n\t<meta property=\"og:image:height\" content=\"720\" \/>\n\t<meta property=\"og:image:type\" content=\"image\/jpeg\" \/>\n<meta name=\"author\" content=\"Caroline\" \/>\n<meta name=\"twitter:card\" content=\"summary_large_image\" \/>\n<meta name=\"twitter:creator\" content=\"@smartphoto_be\" \/>\n<meta name=\"twitter:site\" content=\"@smartphoto_be\" \/>\n<meta name=\"twitter:label1\" content=\"Written by\" \/>\n\t<meta name=\"twitter:data1\" content=\"Caroline\" \/>\n\t<meta name=\"twitter:label2\" content=\"Est. reading time\" \/>\n\t<meta name=\"twitter:data2\" content=\"6 minutes\" \/>\n<script type=\"application\/ld+json\" class=\"yoast-schema-graph\">{\"@context\":\"https:\/\/schema.org\",\"@graph\":[{\"@type\":\"WebPage\",\"@id\":\"https:\/\/www.smartphoto.be\/inspiration\/anniversaire-en-retard\",\"url\":\"https:\/\/www.smartphoto.be\/inspiration\/anniversaire-en-retard\",\"name\":\"Anniversaire en retard : id\u00e9es de textes &amp; v\u0153ux pour vous faire pardonner\",\"isPartOf\":{\"@id\":\"https:\/\/www.smartphoto.be\/inspiration\/#website\"},\"primaryImageOfPage\":{\"@id\":\"https:\/\/www.smartphoto.be\/inspiration\/anniversaire-en-retard#primaryimage\"},\"image\":{\"@id\":\"https:\/\/www.smartphoto.be\/inspiration\/anniversaire-en-retard#primaryimage\"},\"thumbnailUrl\":\"https:\/\/storage.googleapis.com\/smartphoto-express-production-wp-blogs-com\/9\/2024\/03\/1280x720_Blog_Quote_2_FR.jpg\",\"datePublished\":\"2024-03-28T14:34:59+00:00\",\"dateModified\":\"2024-03-28T14:40:50+00:00\",\"author\":{\"@id\":\"https:\/\/www.smartphoto.be\/inspiration\/#\/schema\/person\/14abe7c86f4bda0d741e3ec66a39733e\"},\"description\":\"Id\u00e9es pour souhaiter un joyeux anniv en retard, texte pour anniversaire en retard, voeux, cadeaux et messages.\",\"breadcrumb\":{\"@id\":\"https:\/\/www.smartphoto.be\/inspiration\/anniversaire-en-retard#breadcrumb\"},\"inLanguage\":\"fr-BE\",\"potentialAction\":[{\"@type\":\"ReadAction\",\"target\":[\"https:\/\/www.smartphoto.be\/inspiration\/anniversaire-en-retard\"]}]},{\"@type\":\"ImageObject\",\"inLanguage\":\"fr-BE\",\"@id\":\"https:\/\/www.smartphoto.be\/inspiration\/anniversaire-en-retard#primaryimage\",\"url\":\"https:\/\/storage.googleapis.com\/smartphoto-express-production-wp-blogs-com\/9\/2024\/03\/1280x720_Blog_Quote_2_FR.jpg\",\"contentUrl\":\"https:\/\/storage.googleapis.com\/smartphoto-express-production-wp-blogs-com\/9\/2024\/03\/1280x720_Blog_Quote_2_FR.jpg\",\"width\":1280,\"height\":720},{\"@type\":\"BreadcrumbList\",\"@id\":\"https:\/\/www.smartphoto.be\/inspiration\/anniversaire-en-retard#breadcrumb\",\"itemListElement\":[{\"@type\":\"ListItem\",\"position\":1,\"name\":\"Home\",\"item\":\"\/inspiration\/\"},{\"@type\":\"ListItem\",\"position\":2,\"name\":\"Anniversaire en retard : id\u00e9es de textes &amp; v\u0153ux pour vous faire pardonner\"}]},{\"@type\":\"WebSite\",\"@id\":\"https:\/\/www.smartphoto.be\/inspiration\/#website\",\"url\":\"https:\/\/www.smartphoto.be\/inspiration\/\",\"name\":\"smartphoto BE FR\",\"description\":\"\",\"potentialAction\":[{\"@type\":\"SearchAction\",\"target\":{\"@type\":\"EntryPoint\",\"urlTemplate\":\"https:\/\/www.smartphoto.be\/inspiration\/?s={search_term_string}\"},\"query-input\":{\"@type\":\"PropertyValueSpecification\",\"valueRequired\":true,\"valueName\":\"search_term_string\"}}],\"inLanguage\":\"fr-BE\"},{\"@type\":\"Person\",\"@id\":\"https:\/\/www.smartphoto.be\/inspiration\/#\/schema\/person\/14abe7c86f4bda0d741e3ec66a39733e\",\"name\":\"Caroline\",\"image\":{\"@type\":\"ImageObject\",\"inLanguage\":\"fr-BE\",\"@id\":\"https:\/\/www.smartphoto.be\/inspiration\/#\/schema\/person\/image\/\",\"url\":\"https:\/\/secure.gravatar.com\/avatar\/3bf4c2775ae12d0bb3bb504b56a0508c?s=96&d=mm&r=g\",\"contentUrl\":\"https:\/\/secure.gravatar.com\/avatar\/3bf4c2775ae12d0bb3bb504b56a0508c?s=96&d=mm&r=g\",\"caption\":\"Caroline\"},\"description\":\"Des id\u00e9es cr\u00e9atives pour vous inspirer, des sujets qui vous aident vraiment dans votre quotidien, voil\u00e0 ce que j'esp\u00e8re partager avec vous via ce blog. Quand je ne blogue pas pour smartphoto, je profites de bons moments en famille avec mon ch\u00e9ri et mes enfants, ou j'\u00e9tudie et je pratique le yoga.\",\"sameAs\":[\"http:\/\/www.smartphoto.fr\/inspiration\",\"https:\/\/www.instagram.com\/smartphoto_fr\/\"],\"url\":\"https:\/\/www.smartphoto.be\/inspiration\/author\/caroline\"}]}<\/script>\n<!-- \/ Yoast SEO plugin. -->","yoast_head_json":{"title":"Anniversaire en retard : id\u00e9es de textes &amp; v\u0153ux pour vous faire pardonner","description":"Id\u00e9es pour souhaiter un joyeux anniv en retard, texte pour anniversaire en retard, voeux, cadeaux et messages.","robots":{"index":"index","follow":"follow","max-snippet":"max-snippet:-1","max-image-preview":"max-image-preview:large","max-video-preview":"max-video-preview:-1"},"canonical":"https:\/\/www.smartphoto.be\/inspiration\/anniversaire-en-retard","og_locale":"fr_FR","og_type":"article","og_title":"Anniversaire en retard : id\u00e9es de textes &amp; v\u0153ux pour vous faire pardonner","og_description":"Id\u00e9es pour souhaiter un joyeux anniv en retard, texte pour anniversaire en retard, voeux, cadeaux et messages.","og_url":"https:\/\/www.smartphoto.be\/inspiration\/anniversaire-en-retard","og_site_name":"smartphoto BE FR","article_publisher":"https:\/\/www.facebook.com\/smartphoto.be\/","article_published_time":"2024-03-28T14:34:59+00:00","article_modified_time":"2024-03-28T14:40:50+00:00","og_image":[{"width":1280,"height":720,"url":"https:\/\/storage.googleapis.com\/smartphoto-express-production-wp-blogs-com\/9\/2024\/03\/1280x720_Blog_Quote_2_FR.jpg","type":"image\/jpeg"}],"author":"Caroline","twitter_card":"summary_large_image","twitter_creator":"@smartphoto_be","twitter_site":"@smartphoto_be","twitter_misc":{"Written by":"Caroline","Est. reading time":"6 minutes"},"schema":{"@context":"https:\/\/schema.org","@graph":[{"@type":"WebPage","@id":"https:\/\/www.smartphoto.be\/inspiration\/anniversaire-en-retard","url":"https:\/\/www.smartphoto.be\/inspiration\/anniversaire-en-retard","name":"Anniversaire en retard : id\u00e9es de textes &amp; v\u0153ux pour vous faire pardonner","isPartOf":{"@id":"https:\/\/www.smartphoto.be\/inspiration\/#website"},"primaryImageOfPage":{"@id":"https:\/\/www.smartphoto.be\/inspiration\/anniversaire-en-retard#primaryimage"},"image":{"@id":"https:\/\/www.smartphoto.be\/inspiration\/anniversaire-en-retard#primaryimage"},"thumbnailUrl":"https:\/\/storage.googleapis.com\/smartphoto-express-production-wp-blogs-com\/9\/2024\/03\/1280x720_Blog_Quote_2_FR.jpg","datePublished":"2024-03-28T14:34:59+00:00","dateModified":"2024-03-28T14:40:50+00:00","author":{"@id":"https:\/\/www.smartphoto.be\/inspiration\/#\/schema\/person\/14abe7c86f4bda0d741e3ec66a39733e"},"description":"Id\u00e9es pour souhaiter un joyeux anniv en retard, texte pour anniversaire en retard, voeux, cadeaux et messages.","breadcrumb":{"@id":"https:\/\/www.smartphoto.be\/inspiration\/anniversaire-en-retard#breadcrumb"},"inLanguage":"fr-BE","potentialAction":[{"@type":"ReadAction","target":["https:\/\/www.smartphoto.be\/inspiration\/anniversaire-en-retard"]}]},{"@type":"ImageObject","inLanguage":"fr-BE","@id":"https:\/\/www.smartphoto.be\/inspiration\/anniversaire-en-retard#primaryimage","url":"https:\/\/storage.googleapis.com\/smartphoto-express-production-wp-blogs-com\/9\/2024\/03\/1280x720_Blog_Quote_2_FR.jpg","contentUrl":"https:\/\/storage.googleapis.com\/smartphoto-express-production-wp-blogs-com\/9\/2024\/03\/1280x720_Blog_Quote_2_FR.jpg","width":1280,"height":720},{"@type":"BreadcrumbList","@id":"https:\/\/www.smartphoto.be\/inspiration\/anniversaire-en-retard#breadcrumb","itemListElement":[{"@type":"ListItem","position":1,"name":"Home","item":"\/inspiration\/"},{"@type":"ListItem","position":2,"name":"Anniversaire en retard : id\u00e9es de textes &amp; v\u0153ux pour vous faire pardonner"}]},{"@type":"WebSite","@id":"https:\/\/www.smartphoto.be\/inspiration\/#website","url":"https:\/\/www.smartphoto.be\/inspiration\/","name":"smartphoto BE FR","description":"","potentialAction":[{"@type":"SearchAction","target":{"@type":"EntryPoint","urlTemplate":"https:\/\/www.smartphoto.be\/inspiration\/?s={search_term_string}"},"query-input":{"@type":"PropertyValueSpecification","valueRequired":true,"valueName":"search_term_string"}}],"inLanguage":"fr-BE"},{"@type":"Person","@id":"https:\/\/www.smartphoto.be\/inspiration\/#\/schema\/person\/14abe7c86f4bda0d741e3ec66a39733e","name":"Caroline","image":{"@type":"ImageObject","inLanguage":"fr-BE","@id":"https:\/\/www.smartphoto.be\/inspiration\/#\/schema\/person\/image\/","url":"https:\/\/secure.gravatar.com\/avatar\/3bf4c2775ae12d0bb3bb504b56a0508c?s=96&d=mm&r=g","contentUrl":"https:\/\/secure.gravatar.com\/avatar\/3bf4c2775ae12d0bb3bb504b56a0508c?s=96&d=mm&r=g","caption":"Caroline"},"description":"Des id\u00e9es cr\u00e9atives pour vous inspirer, des sujets qui vous aident vraiment dans votre quotidien, voil\u00e0 ce que j'esp\u00e8re partager avec vous via ce blog. Quand je ne blogue pas pour smartphoto, je profites de bons moments en famille avec mon ch\u00e9ri et mes enfants, ou j'\u00e9tudie et je pratique le yoga.","sameAs":["http:\/\/www.smartphoto.fr\/inspiration","https:\/\/www.instagram.com\/smartphoto_fr\/"],"url":"https:\/\/www.smartphoto.be\/inspiration\/author\/caroline"}]}},"_links":{"self":[{"href":"https:\/\/www.smartphoto.be\/inspiration\/wp-json\/wp\/v2\/posts\/44845","targetHints":{"allow":["GET"]}}],"collection":[{"href":"https:\/\/www.smartphoto.be\/inspiration\/wp-json\/wp\/v2\/posts"}],"about":[{"href":"https:\/\/www.smartphoto.be\/inspiration\/wp-json\/wp\/v2\/types\/post"}],"author":[{"embeddable":true,"href":"https:\/\/www.smartphoto.be\/inspiration\/wp-json\/wp\/v2\/users\/39"}],"replies":[{"embeddable":true,"href":"https:\/\/www.smartphoto.be\/inspiration\/wp-json\/wp\/v2\/comments?post=44845"}],"version-history":[{"count":7,"href":"https:\/\/www.smartphoto.be\/inspiration\/wp-json\/wp\/v2\/posts\/44845\/revisions"}],"predecessor-version":[{"id":44858,"href":"https:\/\/www.smartphoto.be\/inspiration\/wp-json\/wp\/v2\/posts\/44845\/revisions\/44858"}],"wp:featuredmedia":[{"embeddable":true,"href":"https:\/\/www.smartphoto.be\/inspiration\/wp-json\/wp\/v2\/media\/44850"}],"wp:attachment":[{"href":"https:\/\/www.smartphoto.be\/inspiration\/wp-json\/wp\/v2\/media?parent=44845"}],"wp:term":[{"taxonomy":"category","embeddable":true,"href":"https:\/\/www.smartphoto.be\/inspiration\/wp-json\/wp\/v2\/categories?post=44845"},{"taxonomy":"post_tag","embeddable":true,"href":"https:\/\/www.smartphoto.be\/inspiration\/wp-json\/wp\/v2\/tags?post=44845"}],"curies":[{"name":"wp","href":"https:\/\/api.w.org\/{rel}","templated":true}]}}