{"id":43405,"date":"2023-10-03T10:54:40","date_gmt":"2023-10-03T08:54:40","guid":{"rendered":"\/inspiration\/?p=43405"},"modified":"2023-10-03T10:54:44","modified_gmt":"2023-10-03T08:54:44","slug":"animaux-des-collegues-smartphoto","status":"publish","type":"post","link":"https:\/\/www.smartphoto.be\/inspiration\/animaux-des-collegues-smartphoto","title":{"rendered":"Alerte mignonnerie \ud83d\ude3b Rencontrez nos\u00a0animaux\u00a0de compagnie \ud83d\udc36"},"content":{"rendered":"\n<h3 class=\"wp-block-heading\" id=\"voici-nos-animaux-de-compagnie-et-leurs-produits-smartphoto-preferes\">Voici nos animaux de compagnie et leurs produits smartphoto pr\u00e9f\u00e9r\u00e9s <\/h3>\n\n\n\n<p>Chez smartphoto, comme la plupart de nos clients, nous sommes <strong>de vrais&nbsp;amoureux des&nbsp;animaux&nbsp;!<\/strong> Beaucoup de nos coll\u00e8gues ont un adorable compagnon \u00e0 quatre pattes \u00e0 la maison. Nous voulions vous pr\u00e9senter<strong> nos meilleurs amis<\/strong>&nbsp;!&nbsp;\u2764<\/p>\n\n\n\n<p>Mais que pensent-ils de notre nouvelle <a href=\"https:\/\/www.smartphoto.be\/fr\/cadeaux-animaux\" target=\"_blank\" rel=\"noreferrer noopener\">collection pour&nbsp;animaux<\/a>&nbsp;de compagnie&nbsp;? Ils vous diront ci-dessous quel est&nbsp;<strong>leur produit pr\u00e9f\u00e9r\u00e9<\/strong>&nbsp;!<\/p>\n\n\n\n<p>Attention : nous d\u00e9clinons toute responsabilit\u00e9 si vous filez au refuge le plus proche de chez vous apr\u00e8s avoir lu cet article \ud83d\ude00.<\/p>\n\n\n<div class=\"wp-block-image\">\n<figure class=\"aligncenter size-full is-resized\"><img loading=\"lazy\" decoding=\"async\" src=\"https:\/\/storage.googleapis.com\/smartphoto-express-production-wp-blogs-com\/9\/2022\/02\/Dans-les-coulisses-de-smartphoto-Les-animaux-de-compagnie-de-nos-collegues-titre.jpg\" alt=\"Voici nos animaux de compagnie et leurs produits smartphoto pr\u00e9f\u00e9r\u00e9s \" class=\"wp-image-43423\" width=\"806\" height=\"478\" srcset=\"https:\/\/storage.googleapis.com\/smartphoto-express-production-wp-blogs-com\/9\/2022\/02\/Dans-les-coulisses-de-smartphoto-Les-animaux-de-compagnie-de-nos-collegues-titre.jpg 806w, https:\/\/storage.googleapis.com\/smartphoto-express-production-wp-blogs-com\/9\/2022\/02\/Dans-les-coulisses-de-smartphoto-Les-animaux-de-compagnie-de-nos-collegues-titre-300x178.jpg 300w, https:\/\/storage.googleapis.com\/smartphoto-express-production-wp-blogs-com\/9\/2022\/02\/Dans-les-coulisses-de-smartphoto-Les-animaux-de-compagnie-de-nos-collegues-titre-768x455.jpg 768w\" sizes=\"auto, (max-width: 806px) 100vw, 806px\" \/><\/figure><\/div>\n\n\n<hr class=\"wp-block-separator has-alpha-channel-opacity\" \/>\n\n\n\n<h2 class=\"wp-block-heading\" id=\"delicieux-biscuits-bonjour-je-m-appelle-qais-le-ragdoll-tout-doux-de-kenny-mon-proprietaire-est-testeur-support-technique-chez-smartphoto-et-m-a-offert-ces-boites-de-conservation-a-mon-nom-en-cadeau-est-ce-que-je-les-aime-bien-sur-ils-sont-la-source-de-tous-les-cookies\">D\u00e9licieux biscuits<\/h2>\n\n\n\n<p id=\"delicieux-biscuits-bonjour-je-m-appelle-qais-le-ragdoll-tout-doux-de-kenny-mon-proprietaire-est-testeur-support-technique-chez-smartphoto-et-m-a-offert-ces-boites-de-conservation-a-mon-nom-en-cadeau-est-ce-que-je-les-aime-bien-sur-ils-sont-la-source-de-tous-les-cookies\">\u00ab\u00a0Bonjour ! Je m&rsquo;appelle Qa\u00efs, le Ragdoll tout doux de Kenny. Mon propri\u00e9taire est Testeur &amp; Support Technique chez smartphoto et m&rsquo;a offert ces <a href=\"https:\/\/www.smartphoto.be\/fr\/cadeaux-photo\/boite-de-conservation?occ=pets\" target=\"_blank\" rel=\"noreferrer noopener\">bo\u00eetes de conservation<\/a> \u00e0 mon nom en cadeau. Est-ce que je les aime ? Bien s\u00fbr, ils sont la source de tous les cookies !\u00a0\u00bb<\/p>\n\n\n<div class=\"wp-block-image\">\n<figure class=\"aligncenter size-full is-resized\"><img decoding=\"async\" src=\"https:\/\/storage.googleapis.com\/smartphoto-express-production-wp-blogs-com\/9\/2022\/02\/Dans-les-coulisses-de-smartphoto-Les-animaux-de-compagnie-de-nos-collegues-2.png\" alt=\"Voici nos animaux de compagnie et leurs produits smartphoto pr\u00e9f\u00e9r\u00e9s \" class=\"wp-image-43406\" width=\"700\" srcset=\"https:\/\/storage.googleapis.com\/smartphoto-express-production-wp-blogs-com\/9\/2022\/02\/Dans-les-coulisses-de-smartphoto-Les-animaux-de-compagnie-de-nos-collegues-2.png 1024w, https:\/\/storage.googleapis.com\/smartphoto-express-production-wp-blogs-com\/9\/2022\/02\/Dans-les-coulisses-de-smartphoto-Les-animaux-de-compagnie-de-nos-collegues-2-300x200.png 300w, https:\/\/storage.googleapis.com\/smartphoto-express-production-wp-blogs-com\/9\/2022\/02\/Dans-les-coulisses-de-smartphoto-Les-animaux-de-compagnie-de-nos-collegues-2-768x511.png 768w\" sizes=\"(max-width: 1024px) 100vw, 1024px\" \/><\/figure><\/div>\n\n\n<hr class=\"wp-block-separator has-alpha-channel-opacity\" \/>\n\n\n\n<h2 class=\"wp-block-heading\" id=\"un-heros-a-fourrure\">Un h\u00e9ros \u00e0 fourrure<\/h2>\n\n\n\n<p>\u00ab\u00a0Mon nom est Odilon. Je suis la ch\u00e9rie de Nancy, brigadier aux tirages et posters. <a href=\"https:\/\/www.smartphoto.be\/fr\/cadeaux-photo\/foulard-bandana-chien-chat?occ=pets\" target=\"_blank\" rel=\"noreferrer noopener\">Mon bandana<\/a> est encore une cape car je dois encore grossir un peu, mais j&rsquo;en suis super contente !\u00a0\u00bb<\/p>\n\n\n<div class=\"wp-block-image\">\n<figure class=\"aligncenter size-full\"><img decoding=\"async\" src=\"https:\/\/storage.googleapis.com\/smartphoto-express-production-wp-blogs-com\/9\/2022\/02\/Dans-les-coulisses-de-smartphoto-Les-animaux-de-compagnie-de-nos-collegues-2-edited.jpeg\" alt=\"Voici nos animaux de compagnie et leurs produits smartphoto pr\u00e9f\u00e9r\u00e9s \" class=\"wp-image-43418\" \/><\/figure><\/div>\n\n\n<hr class=\"wp-block-separator has-alpha-channel-opacity\" \/>\n\n\n\n<h2 class=\"wp-block-heading\" id=\"no-paparazzi-prrrease\">No paparazzi, prrrease !<\/h2>\n\n\n\n<p>\u00ab\u00a0Miaou ! Nous sommes Lola et Bridget, de vrais mod\u00e8les dans le monde des chats du showbiz ! Il suffit de demander \u00e0 notre maman Sarah, coordinatrice du marketing digital, qui nous a mis devant l&rsquo;objectif smartphoto. Depuis peu, nous utilisions fi\u00e8rement ces <a href=\"https:\/\/www.smartphoto.be\/fr\/cadeaux-photo\/set-de-table-plastique?occ=pets\" target=\"_blank\" rel=\"noreferrer noopener\">sets de table<\/a> et <a href=\"https:\/\/www.smartphoto.be\/fr\/cadeaux-photo\/coussin-personnalise-photo-texte\" target=\"_blank\" rel=\"noreferrer noopener\">ces coussins <\/a>command\u00e9s sur le site.\u00a0\u00bb<\/p>\n\n\n\n<figure class=\"wp-block-gallery has-nested-images columns-default is-cropped wp-block-gallery-1 is-layout-flex wp-block-gallery-is-layout-flex\">\n<figure class=\"wp-block-image size-full\"><img loading=\"lazy\" decoding=\"async\" width=\"800\" height=\"534\" data-id=\"43409\" src=\"https:\/\/storage.googleapis.com\/smartphoto-express-production-wp-blogs-com\/9\/2022\/02\/Dans-les-coulisses-de-smartphoto-Les-animaux-de-compagnie-de-nos-collegues-16-1.jpg\" alt=\"Voici nos animaux de compagnie et leurs produits smartphoto pr\u00e9f\u00e9r\u00e9s \" class=\"wp-image-43409\" srcset=\"https:\/\/storage.googleapis.com\/smartphoto-express-production-wp-blogs-com\/9\/2022\/02\/Dans-les-coulisses-de-smartphoto-Les-animaux-de-compagnie-de-nos-collegues-16-1.jpg 800w, https:\/\/storage.googleapis.com\/smartphoto-express-production-wp-blogs-com\/9\/2022\/02\/Dans-les-coulisses-de-smartphoto-Les-animaux-de-compagnie-de-nos-collegues-16-1-300x200.jpg 300w, https:\/\/storage.googleapis.com\/smartphoto-express-production-wp-blogs-com\/9\/2022\/02\/Dans-les-coulisses-de-smartphoto-Les-animaux-de-compagnie-de-nos-collegues-16-1-768x513.jpg 768w\" sizes=\"auto, (max-width: 800px) 100vw, 800px\" \/><\/figure>\n\n\n\n<figure class=\"wp-block-image size-full\"><img loading=\"lazy\" decoding=\"async\" width=\"800\" height=\"534\" data-id=\"43417\" src=\"https:\/\/storage.googleapis.com\/smartphoto-express-production-wp-blogs-com\/9\/2022\/02\/Dans-les-coulisses-de-smartphoto-Les-animaux-de-compagnie-de-nos-collegues-17.jpg\" alt=\"Voici nos animaux de compagnie et leurs produits smartphoto pr\u00e9f\u00e9r\u00e9s \" class=\"wp-image-43417\" srcset=\"https:\/\/storage.googleapis.com\/smartphoto-express-production-wp-blogs-com\/9\/2022\/02\/Dans-les-coulisses-de-smartphoto-Les-animaux-de-compagnie-de-nos-collegues-17.jpg 800w, https:\/\/storage.googleapis.com\/smartphoto-express-production-wp-blogs-com\/9\/2022\/02\/Dans-les-coulisses-de-smartphoto-Les-animaux-de-compagnie-de-nos-collegues-17-300x200.jpg 300w, https:\/\/storage.googleapis.com\/smartphoto-express-production-wp-blogs-com\/9\/2022\/02\/Dans-les-coulisses-de-smartphoto-Les-animaux-de-compagnie-de-nos-collegues-17-768x513.jpg 768w\" sizes=\"auto, (max-width: 800px) 100vw, 800px\" \/><\/figure>\n<\/figure>\n\n\n\n<hr class=\"wp-block-separator has-alpha-channel-opacity\" \/>\n\n\n\n<h2 class=\"wp-block-heading\" id=\"paco-la-classe\">Paco, la cl\u00e2sse<\/h2>\n\n\n\n<p>\u00ab\u00a0Maggy, Responsable Audit Interne &amp; Consolidation chez smartphoto, adore me g\u00e2ter avec des cadeaux personnalis\u00e9s. Depuis que j&rsquo;ai <a href=\"https:\/\/www.smartphoto.be\/fr\/cadeaux-photo\/tapis-pour-animaux?occ=pets\" target=\"_blank\" rel=\"noreferrer noopener\">ce tapis super doux<\/a> pour animaux de compagnie, je n&rsquo;aime plus faire la sieste ailleurs. Amiti\u00e9s, Paco.\u00a0\u00bb<\/p>\n\n\n\n<figure class=\"wp-block-gallery has-nested-images columns-default is-cropped wp-block-gallery-2 is-layout-flex wp-block-gallery-is-layout-flex\">\n<figure class=\"wp-block-image size-full\"><img loading=\"lazy\" decoding=\"async\" width=\"1024\" height=\"768\" data-id=\"43410\" src=\"https:\/\/storage.googleapis.com\/smartphoto-express-production-wp-blogs-com\/9\/2022\/02\/Dans-les-coulisses-de-smartphoto-Les-animaux-de-compagnie-de-nos-collegues-11.jpg\" alt=\"Voici nos animaux de compagnie et leurs produits smartphoto pr\u00e9f\u00e9r\u00e9s \" class=\"wp-image-43410\" srcset=\"https:\/\/storage.googleapis.com\/smartphoto-express-production-wp-blogs-com\/9\/2022\/02\/Dans-les-coulisses-de-smartphoto-Les-animaux-de-compagnie-de-nos-collegues-11.jpg 1024w, https:\/\/storage.googleapis.com\/smartphoto-express-production-wp-blogs-com\/9\/2022\/02\/Dans-les-coulisses-de-smartphoto-Les-animaux-de-compagnie-de-nos-collegues-11-300x225.jpg 300w, https:\/\/storage.googleapis.com\/smartphoto-express-production-wp-blogs-com\/9\/2022\/02\/Dans-les-coulisses-de-smartphoto-Les-animaux-de-compagnie-de-nos-collegues-11-768x576.jpg 768w\" sizes=\"auto, (max-width: 1024px) 100vw, 1024px\" \/><\/figure>\n\n\n\n<figure class=\"wp-block-image size-full\"><img loading=\"lazy\" decoding=\"async\" width=\"1024\" height=\"768\" data-id=\"43416\" src=\"https:\/\/storage.googleapis.com\/smartphoto-express-production-wp-blogs-com\/9\/2022\/02\/Dans-les-coulisses-de-smartphoto-Les-animaux-de-compagnie-de-nos-collegues-12.jpg\" alt=\"Voici nos animaux de compagnie et leurs produits smartphoto pr\u00e9f\u00e9r\u00e9s \" class=\"wp-image-43416\" srcset=\"https:\/\/storage.googleapis.com\/smartphoto-express-production-wp-blogs-com\/9\/2022\/02\/Dans-les-coulisses-de-smartphoto-Les-animaux-de-compagnie-de-nos-collegues-12.jpg 1024w, https:\/\/storage.googleapis.com\/smartphoto-express-production-wp-blogs-com\/9\/2022\/02\/Dans-les-coulisses-de-smartphoto-Les-animaux-de-compagnie-de-nos-collegues-12-300x225.jpg 300w, https:\/\/storage.googleapis.com\/smartphoto-express-production-wp-blogs-com\/9\/2022\/02\/Dans-les-coulisses-de-smartphoto-Les-animaux-de-compagnie-de-nos-collegues-12-768x576.jpg 768w\" sizes=\"auto, (max-width: 1024px) 100vw, 1024px\" \/><\/figure>\n<\/figure>\n\n\n\n<hr class=\"wp-block-separator has-alpha-channel-opacity\" \/>\n\n\n\n<h2 class=\"wp-block-heading\" id=\"modeles-epoustouflants\">Mod\u00e8les \u00e9poustouflants<\/h2>\n\n\n\n<p>\u00ab\u00a0Notre pr\u00e9f\u00e9r\u00e9 ? C&rsquo;est sans aucun doute <a href=\"https:\/\/www.smartphoto.be\/fr\/cadeaux-photo\/gamelle-chat-chien-photo?occ=pets\" target=\"_blank\" rel=\"noreferrer noopener\">la gamelle<\/a> ! C&rsquo;\u00e9tait l&rsquo;un des premiers produits smartphoto pour animaux de compagnie que notre propri\u00e9taire Phaedra, chef de projet informatique et analyste fonctionnelle, et ses coll\u00e8gues ont lanc\u00e9s. N&rsquo;est-ce pas, Nacho ?\u00a0\u00bb \u00ab\u00a0Soyons honn\u00eates, Raja, secr\u00e8tement, vous \u00eates juste super fiers de faire les stars sur cette page !\u00a0\u00bb<\/p>\n\n\n\n<figure class=\"wp-block-gallery has-nested-images columns-default is-cropped wp-block-gallery-3 is-layout-flex wp-block-gallery-is-layout-flex\">\n<figure class=\"wp-block-image size-full\"><img loading=\"lazy\" decoding=\"async\" width=\"1024\" height=\"683\" data-id=\"43411\" src=\"https:\/\/storage.googleapis.com\/smartphoto-express-production-wp-blogs-com\/9\/2022\/02\/Dans-les-coulisses-de-smartphoto-Les-animaux-de-compagnie-de-nos-collegues-9.jpg\" alt=\"Voici nos animaux de compagnie et leurs produits smartphoto pr\u00e9f\u00e9r\u00e9s \" class=\"wp-image-43411\" srcset=\"https:\/\/storage.googleapis.com\/smartphoto-express-production-wp-blogs-com\/9\/2022\/02\/Dans-les-coulisses-de-smartphoto-Les-animaux-de-compagnie-de-nos-collegues-9.jpg 1024w, https:\/\/storage.googleapis.com\/smartphoto-express-production-wp-blogs-com\/9\/2022\/02\/Dans-les-coulisses-de-smartphoto-Les-animaux-de-compagnie-de-nos-collegues-9-300x200.jpg 300w, https:\/\/storage.googleapis.com\/smartphoto-express-production-wp-blogs-com\/9\/2022\/02\/Dans-les-coulisses-de-smartphoto-Les-animaux-de-compagnie-de-nos-collegues-9-768x512.jpg 768w\" sizes=\"auto, (max-width: 1024px) 100vw, 1024px\" \/><\/figure>\n\n\n\n<figure class=\"wp-block-image size-full\"><img loading=\"lazy\" decoding=\"async\" width=\"800\" height=\"533\" data-id=\"43415\" src=\"https:\/\/storage.googleapis.com\/smartphoto-express-production-wp-blogs-com\/9\/2022\/02\/Dans-les-coulisses-de-smartphoto-Les-animaux-de-compagnie-de-nos-collegues-15.jpg\" alt=\"Voici nos animaux de compagnie et leurs produits smartphoto pr\u00e9f\u00e9r\u00e9s \" class=\"wp-image-43415\" srcset=\"https:\/\/storage.googleapis.com\/smartphoto-express-production-wp-blogs-com\/9\/2022\/02\/Dans-les-coulisses-de-smartphoto-Les-animaux-de-compagnie-de-nos-collegues-15.jpg 800w, https:\/\/storage.googleapis.com\/smartphoto-express-production-wp-blogs-com\/9\/2022\/02\/Dans-les-coulisses-de-smartphoto-Les-animaux-de-compagnie-de-nos-collegues-15-300x200.jpg 300w, https:\/\/storage.googleapis.com\/smartphoto-express-production-wp-blogs-com\/9\/2022\/02\/Dans-les-coulisses-de-smartphoto-Les-animaux-de-compagnie-de-nos-collegues-15-768x512.jpg 768w\" sizes=\"auto, (max-width: 800px) 100vw, 800px\" \/><\/figure>\n<\/figure>\n\n\n\n<hr class=\"wp-block-separator has-alpha-channel-opacity\" \/>\n\n\n\n<h2 class=\"wp-block-heading\" id=\"bone-appetit\">&lsquo;Bone&rsquo; appetit<\/h2>\n\n\n\n<p>\u00ab\u00a0Je suis Leonie, le Leonberg de Lieve, op\u00e9ratrice dans le d\u00e9partement \u00ab\u00a0cadeaux photo\u00a0\u00bb. J&rsquo;adore <a href=\"https:\/\/www.smartphoto.be\/fr\/cadeaux-photo\/boite-biscuits-photo\" target=\"_blank\" rel=\"noreferrer noopener\">la bo\u00eete \u00e0 biscuits<\/a>, il est plein de friandises pour moi. Malheureusement, je suis trop grand pour le panier pour animaux de compagnie, mais ma nouvelle <a href=\"https:\/\/www.smartphoto.be\/fr\/cadeaux-photo\/gamelle-chat-chien-photo\" target=\"_blank\" rel=\"noreferrer noopener\">gamelle <\/a>est d\u00e9j\u00e0 en route ! Je porte toujours ma <a href=\"https:\/\/www.smartphoto.be\/fr\/cadeaux-photo\/medaille-chien-chat\" target=\"_blank\" rel=\"noreferrer noopener\">m\u00e9daille <\/a>pendant la promenade. Si je me perds, j&rsquo;ai de bonnes chances de rentrer chez moi en toute s\u00e9curit\u00e9.\u00a0\u00bb<\/p>\n\n\n\n<figure class=\"wp-block-gallery has-nested-images columns-default is-cropped wp-block-gallery-4 is-layout-flex wp-block-gallery-is-layout-flex\">\n<figure class=\"wp-block-image size-large\"><img decoding=\"async\" data-id=\"43419\" src=\"https:\/\/storage.googleapis.com\/smartphoto-express-production-wp-blogs-com\/9\/2022\/02\/Dans-les-coulisses-de-smartphoto-Les-animaux-de-compagnie-de-nos-collegues-1-1-edited.jpg\" alt=\"Voici nos animaux de compagnie et leurs produits smartphoto pr\u00e9f\u00e9r\u00e9s \" class=\"wp-image-43419\" \/><\/figure>\n\n\n\n<figure class=\"wp-block-image size-large\"><img decoding=\"async\" data-id=\"43420\" src=\"https:\/\/storage.googleapis.com\/smartphoto-express-production-wp-blogs-com\/9\/2022\/02\/Dans-les-coulisses-de-smartphoto-Les-animaux-de-compagnie-de-nos-collegues-2-edited.jpg\" alt=\"Voici nos animaux de compagnie et leurs produits smartphoto pr\u00e9f\u00e9r\u00e9s \" class=\"wp-image-43420\" \/><\/figure>\n<\/figure>\n\n\n\n<hr class=\"wp-block-separator has-alpha-channel-opacity\" \/>\n\n\n\n<h2 class=\"wp-block-heading\" id=\"un-coco-llegue\">Ellie, la survivante (dans un monde pas si apocalyptique)<\/h2>\n\n\n\n<p>\u00ab\u00a0Je m&rsquo;appelle Ellie et j&rsquo;ai eu la chance de survivre \u00e0 une maladie grave. Ma maman, Jolien, du d\u00e9partement marketing, est pass\u00e9e par un long, tr\u00e8s long moment de doute et de peur pendant mon traitement. Mais au final je suis l\u00e0, en pleine forme, et j&rsquo;adore les produits smartphoto. Tous les produits, car ils arrivent bien emball\u00e9s dans une jolie bo\u00eete en carton qui fait mon plus grand bonheur. Et J&rsquo;ai aussi mon <a href=\"https:\/\/www.smartphoto.be\/fr\/cadeaux-photo\/tapis\/pour-chats?occ=pets\" target=\"_blank\" rel=\"noreferrer noopener\">tapis<\/a> personnel pour faire la sieste.\u00a0\u00bb <\/p>\n\n\n<div class=\"wp-block-image\">\n<figure class=\"aligncenter size-full\"><img loading=\"lazy\" decoding=\"async\" width=\"832\" height=\"1013\" src=\"https:\/\/storage.googleapis.com\/smartphoto-express-production-wp-blogs-com\/9\/2023\/09\/Image_20230728_143305_357-1.jpeg\" alt=\"\" class=\"wp-image-44599\" srcset=\"https:\/\/storage.googleapis.com\/smartphoto-express-production-wp-blogs-com\/9\/2023\/09\/Image_20230728_143305_357-1.jpeg 832w, https:\/\/storage.googleapis.com\/smartphoto-express-production-wp-blogs-com\/9\/2023\/09\/Image_20230728_143305_357-1-246x300.jpeg 246w, https:\/\/storage.googleapis.com\/smartphoto-express-production-wp-blogs-com\/9\/2023\/09\/Image_20230728_143305_357-1-768x935.jpeg 768w\" sizes=\"auto, (max-width: 832px) 100vw, 832px\" \/><\/figure><\/div>\n\n\n<hr class=\"wp-block-separator has-alpha-channel-opacity\" \/>\n\n\n\n<h2 class=\"wp-block-heading\" id=\"je-veux-des-patt-cakes\">Bilbo, un chien pour les gouverner tous<\/h2>\n\n\n\n<p>\u00ab\u00a0Le Mordor aller-retour ? Trop facile ! Moi c&rsquo;est Bilbo, je suis plein d&rsquo;\u00e9nergie et ma maman, Jolien, graphic designer chez smartphoto, en fait les frais tous les jours. La gr\u00e2ce du lion, l&rsquo;\u00e9nergie d&rsquo;une centrale nucl\u00e9aire. Mon accessoire pr\u00e9f\u00e9r\u00e9 ? mon <a href=\"https:\/\/www.smartphoto.be\/fr\/cadeaux-photo\/tapis\/pour-chiens?occ=pets\" target=\"_blank\" rel=\"noreferrer noopener\">tapis pour chien<\/a>. Je peux faire une sieste m\u00e9rit\u00e9e apr\u00e8s mes promenades, mon cours d&rsquo;\u00e9ducation et mes quelques heures de jeu.\u00a0\u00bb  Courage Jolien \ud83d\ude42<\/p>\n\n\n<div class=\"wp-block-image\">\n<figure class=\"aligncenter size-full\"><img loading=\"lazy\" decoding=\"async\" width=\"696\" height=\"867\" src=\"https:\/\/storage.googleapis.com\/smartphoto-express-production-wp-blogs-com\/9\/2023\/09\/Image_20230927_154903_711.jpeg\" alt=\"\" class=\"wp-image-44600\" srcset=\"https:\/\/storage.googleapis.com\/smartphoto-express-production-wp-blogs-com\/9\/2023\/09\/Image_20230927_154903_711.jpeg 696w, https:\/\/storage.googleapis.com\/smartphoto-express-production-wp-blogs-com\/9\/2023\/09\/Image_20230927_154903_711-241x300.jpeg 241w\" sizes=\"auto, (max-width: 696px) 100vw, 696px\" \/><\/figure><\/div>\n\n\n<hr class=\"wp-block-separator has-alpha-channel-opacity\" \/>\n\n\n\n<h2 class=\"wp-block-heading\" id=\"un-bebe-tout-doux\">Le trio fantastique<\/h2>\n\n\n\n<p>\u00ab\u00a0Moi c&rsquo;est Mik\u00e9, \u00e0 gauche. Je suis une pile \u00e9lectrique qui adore jouer et grimper aux arbres.\u00a0\u00bb \u00ab\u00a0Ma tante Yuki sur la photo du milieu, surveille son domaine depuis sa tour d&rsquo;observation. Rien n&rsquo;\u00e9chappe \u00e0 sa vigilance, ou presque. Et mon oncle Fuku, \u00e0 droite, est un v\u00e9ritable pacha(t). Il dort dans des positions improbables, et prend la majorit\u00e9 de la place, au d\u00e9triment des autres habitants de la maison. Mais nous avons tous un point commun, on adore notre papa, Thomas, du service marketing. Il nous donne \u00e0 manger d\u00e8s qu&rsquo;on le demandent, et il nous g\u00e2te \u00e9norm\u00e9ment. Pour le remercier, on a d\u00e9cid\u00e9 de le remercier avec une <a href=\"https:\/\/www.smartphoto.be\/fr\/cadeaux-photo\/gourde-isotherme?pvc=thermosbambooaluwhite750ml\" target=\"_blank\" rel=\"noreferrer noopener\">bouteille isotherme<\/a> \u00e0 notre effigie, ainsi qu&rsquo;une <a href=\"https:\/\/www.smartphoto.be\/fr\/cadeaux-photo\/coque-telephone\" target=\"_blank\" rel=\"noreferrer noopener\">coque pour son smartphone<\/a>. Il ne manquera pas de penser \u00e0 nous \u00e0 chaque gorg\u00e9es, et chaque texto. Il doit se rappeler d&rsquo;acheter nos croquettes hein !\u00a0\u00bb<\/p>\n\n\n\n<figure class=\"wp-block-gallery has-nested-images columns-default is-cropped wp-block-gallery-5 is-layout-flex wp-block-gallery-is-layout-flex\">\n<figure class=\"wp-block-image size-full\"><img loading=\"lazy\" decoding=\"async\" width=\"600\" height=\"800\" data-id=\"44601\" src=\"https:\/\/storage.googleapis.com\/smartphoto-express-production-wp-blogs-com\/9\/2023\/09\/20230927_164306.jpg\" alt=\"\" class=\"wp-image-44601\" srcset=\"https:\/\/storage.googleapis.com\/smartphoto-express-production-wp-blogs-com\/9\/2023\/09\/20230927_164306.jpg 600w, https:\/\/storage.googleapis.com\/smartphoto-express-production-wp-blogs-com\/9\/2023\/09\/20230927_164306-225x300.jpg 225w\" sizes=\"auto, (max-width: 600px) 100vw, 600px\" \/><\/figure>\n\n\n\n<figure class=\"wp-block-image size-full\"><img loading=\"lazy\" decoding=\"async\" width=\"600\" height=\"800\" data-id=\"44602\" src=\"https:\/\/storage.googleapis.com\/smartphoto-express-production-wp-blogs-com\/9\/2023\/09\/1000003983.jpg\" alt=\"\" class=\"wp-image-44602\" srcset=\"https:\/\/storage.googleapis.com\/smartphoto-express-production-wp-blogs-com\/9\/2023\/09\/1000003983.jpg 600w, https:\/\/storage.googleapis.com\/smartphoto-express-production-wp-blogs-com\/9\/2023\/09\/1000003983-225x300.jpg 225w\" sizes=\"auto, (max-width: 600px) 100vw, 600px\" \/><\/figure>\n\n\n\n<figure class=\"wp-block-image size-full\"><img loading=\"lazy\" decoding=\"async\" width=\"600\" height=\"800\" data-id=\"44603\" src=\"https:\/\/storage.googleapis.com\/smartphoto-express-production-wp-blogs-com\/9\/2023\/09\/1000003984.jpg\" alt=\"\" class=\"wp-image-44603\" srcset=\"https:\/\/storage.googleapis.com\/smartphoto-express-production-wp-blogs-com\/9\/2023\/09\/1000003984.jpg 600w, https:\/\/storage.googleapis.com\/smartphoto-express-production-wp-blogs-com\/9\/2023\/09\/1000003984-225x300.jpg 225w\" sizes=\"auto, (max-width: 600px) 100vw, 600px\" \/><\/figure>\n<\/figure>\n\n\n\n<hr class=\"wp-block-separator has-alpha-channel-opacity\" \/>\n\n\n\n<h2 class=\"wp-block-heading\" id=\"le-roi-ouaf-du-monde\">Le Roi&rsquo;ouaf du monde<\/h2>\n\n\n\n<p>\u00ab\u00a0Pssst\u2026 Mon nom est Cha Le Roi. Un nom appropri\u00e9, car ma propri\u00e9taire, Ann Verschuere, une employ\u00e9e du service client\u00e8le, aime me d\u00e9crire comme \u00ab\u00a0le roi du monde\u00a0\u00bb ! Mon produit smartphoto pr\u00e9f\u00e9r\u00e9 ? C&rsquo;est facile : <a href=\"https:\/\/www.smartphoto.be\/fr\/tirage-photo\" target=\"_blank\" rel=\"noreferrer noopener\">les tirages photo<\/a> ! J&rsquo;aime toujours distribuer des photos \u00e0 mes amis et \u00e0 ma famille. Retour aux sources, pour smartphoto\u2026\u00a0\u00bb \ud83d\udc51<\/p>\n\n\n\n<figure class=\"wp-block-image size-full\"><img loading=\"lazy\" decoding=\"async\" width=\"1024\" height=\"683\" src=\"https:\/\/storage.googleapis.com\/smartphoto-express-production-wp-blogs-com\/9\/2022\/02\/Dans-les-coulisses-de-smartphoto-Les-animaux-de-compagnie-de-nos-collegues-7.jpg\" alt=\"Voici nos animaux de compagnie et leurs produits smartphoto pr\u00e9f\u00e9r\u00e9s \" class=\"wp-image-43432\" srcset=\"https:\/\/storage.googleapis.com\/smartphoto-express-production-wp-blogs-com\/9\/2022\/02\/Dans-les-coulisses-de-smartphoto-Les-animaux-de-compagnie-de-nos-collegues-7.jpg 1024w, https:\/\/storage.googleapis.com\/smartphoto-express-production-wp-blogs-com\/9\/2022\/02\/Dans-les-coulisses-de-smartphoto-Les-animaux-de-compagnie-de-nos-collegues-7-300x200.jpg 300w, https:\/\/storage.googleapis.com\/smartphoto-express-production-wp-blogs-com\/9\/2022\/02\/Dans-les-coulisses-de-smartphoto-Les-animaux-de-compagnie-de-nos-collegues-7-768x512.jpg 768w\" sizes=\"auto, (max-width: 1024px) 100vw, 1024px\" \/><\/figure>\n\n\n\n<hr class=\"wp-block-separator has-alpha-channel-opacity\" \/>\n\n\n\n<h2 class=\"wp-block-heading\" id=\"j-aime-des-promenades\">J&rsquo;aime des promenades<\/h2>\n\n\n\n<p>\u00ab\u00a0Suis-je le dernier ? Oups, j&rsquo;\u00e9tais sorti prendre l&rsquo;air. Je voulais aussi avoir une place dans la newsletter, alors j&rsquo;ai vite accouru ici ! Je m&rsquo;appelle Oscar. Je suis un Cocker Spaniel anglais et j&rsquo;ai d\u00e9j\u00e0 6 ans d\u2019amour chez Lisa, responsable RH chez smartphoto. Pour mon anniversaire, elle m&rsquo;a offert <a href=\"https:\/\/www.smartphoto.be\/fr\/cadeaux-photo\/laisse\" target=\"_blank\" rel=\"noreferrer noopener\">une laisse personnalis\u00e9e avec mon nom<\/a>. Magnifique, n&rsquo;est-ce pas ? Je pense que c&rsquo;est l&rsquo;un des meilleurs produits smartphoto. Il existe un choix de nombreux designs sympas pour cr\u00e9er une laisse unique. Quand mon propri\u00e9taire prend ma laisse, je commence \u00e0 remuer la queue avec beaucoup d&rsquo;enthousiasme, car j&rsquo;adore les promenades !\u00a0\u00bb<\/p>\n\n\n<div class=\"wp-block-image\">\n<figure class=\"aligncenter size-full is-resized\"><img loading=\"lazy\" decoding=\"async\" src=\"https:\/\/storage.googleapis.com\/smartphoto-express-production-wp-blogs-com\/9\/2022\/02\/Dans-les-coulisses-de-smartphoto-Les-animaux-de-compagnie-de-nos-collegues-10.jpg\" alt=\"Voici nos animaux de compagnie et leurs produits smartphoto pr\u00e9f\u00e9r\u00e9s \" class=\"wp-image-43425\" width=\"700\" height=\"1022\" \/><\/figure><\/div>\n\n\n<hr class=\"wp-block-separator has-alpha-channel-opacity\" \/>\n\n\n\n<p>Vous voulez choyer votre ami \u00e0 quatre pattes ? Jetez un coup d&rsquo;\u0153il \u00e0 notre nouvelle collection pour animaux de compagnie et donnez \u00e0 votre animal l&rsquo;amour qu&rsquo;il m\u00e9rite ! \u2764<\/p>\n\n\n\n<p>Quel est votre quadrup\u00e8de pr\u00e9f\u00e9r\u00e9 ? Comment surprendre votre animal de compagnie ? Avez-vous d\u00e9j\u00e0 personnalis\u00e9 un cadeau pour animaux ? Faites-nous part de votre point de vue dans les commentaires ou sur Facebook, Instagram, TikTok ou Pinterest avec le hashtag #mysmartphoto !<\/p>\n","protected":false},"excerpt":{"rendered":"<p>D\u00e9cpivrez les a,imaux de compagnie de la team smartphoto, ainsi que leurs produits pr\u00e9f\u00e9r\u00e9s. Mignonnerie garantie ! <\/p>\n","protected":false},"author":39,"featured_media":43423,"comment_status":"open","ping_status":"open","sticky":false,"template":"","format":"standard","meta":{"om_disable_all_campaigns":false,"_monsterinsights_skip_tracking":false,"_monsterinsights_sitenote_active":false,"_monsterinsights_sitenote_note":"","_monsterinsights_sitenote_category":0,"footnotes":""},"categories":[130,114,1],"tags":[],"class_list":["post-43405","post","type-post","status-publish","format-standard","has-post-thumbnail","hentry","category-animaux","category-en-coulisses","category-smartphoto"],"yoast_head":"<!-- This site is optimized with the Yoast SEO plugin v23.8 - https:\/\/yoast.com\/wordpress\/plugins\/seo\/ -->\n<title>Alerte mignonnerie \ud83d\ude3b Rencontrez nos\u00a0animaux\u00a0de compagnie \ud83d\udc36<\/title>\n<meta name=\"description\" content=\"D\u00e9couvrez les animaux de compagnie de la team smartphoto, ainsi que leurs produits pr\u00e9f\u00e9r\u00e9s. Mignonnerie garantie, et cvraquage en vue !\" \/>\n<meta name=\"robots\" content=\"index, follow, max-snippet:-1, max-image-preview:large, max-video-preview:-1\" \/>\n<link rel=\"canonical\" href=\"https:\/\/www.smartphoto.be\/inspiration\/animaux-des-collegues-smartphoto\" \/>\n<meta property=\"og:locale\" content=\"fr_FR\" \/>\n<meta property=\"og:type\" content=\"article\" \/>\n<meta property=\"og:title\" content=\"Alerte mignonnerie \ud83d\ude3b Rencontrez nos\u00a0animaux\u00a0de compagnie \ud83d\udc36\" \/>\n<meta property=\"og:description\" content=\"D\u00e9couvrez les animaux de compagnie de la team smartphoto, ainsi que leurs produits pr\u00e9f\u00e9r\u00e9s. Mignonnerie garantie, et cvraquage en vue !\" \/>\n<meta property=\"og:url\" content=\"https:\/\/www.smartphoto.be\/inspiration\/animaux-des-collegues-smartphoto\" \/>\n<meta property=\"og:site_name\" content=\"smartphoto BE FR\" \/>\n<meta property=\"article:publisher\" content=\"https:\/\/www.facebook.com\/smartphoto.be\/\" \/>\n<meta property=\"article:published_time\" content=\"2023-10-03T08:54:40+00:00\" \/>\n<meta property=\"article:modified_time\" content=\"2023-10-03T08:54:44+00:00\" \/>\n<meta property=\"og:image\" content=\"https:\/\/storage.googleapis.com\/smartphoto-express-production-wp-blogs-com\/9\/2022\/02\/Dans-les-coulisses-de-smartphoto-Les-animaux-de-compagnie-de-nos-collegues-titre.jpg\" \/>\n\t<meta property=\"og:image:width\" content=\"806\" \/>\n\t<meta property=\"og:image:height\" content=\"478\" \/>\n\t<meta property=\"og:image:type\" content=\"image\/jpeg\" \/>\n<meta name=\"author\" content=\"Caroline\" \/>\n<meta name=\"twitter:card\" content=\"summary_large_image\" \/>\n<meta name=\"twitter:creator\" content=\"@smartphoto_be\" \/>\n<meta name=\"twitter:site\" content=\"@smartphoto_be\" \/>\n<meta name=\"twitter:label1\" content=\"Written by\" \/>\n\t<meta name=\"twitter:data1\" content=\"Caroline\" \/>\n\t<meta name=\"twitter:label2\" content=\"Est. reading time\" \/>\n\t<meta name=\"twitter:data2\" content=\"9 minutes\" \/>\n<script type=\"application\/ld+json\" class=\"yoast-schema-graph\">{\"@context\":\"https:\/\/schema.org\",\"@graph\":[{\"@type\":\"WebPage\",\"@id\":\"https:\/\/www.smartphoto.be\/inspiration\/animaux-des-collegues-smartphoto\",\"url\":\"https:\/\/www.smartphoto.be\/inspiration\/animaux-des-collegues-smartphoto\",\"name\":\"Alerte mignonnerie \ud83d\ude3b Rencontrez nos\u00a0animaux\u00a0de compagnie \ud83d\udc36\",\"isPartOf\":{\"@id\":\"https:\/\/www.smartphoto.be\/inspiration\/#website\"},\"primaryImageOfPage\":{\"@id\":\"https:\/\/www.smartphoto.be\/inspiration\/animaux-des-collegues-smartphoto#primaryimage\"},\"image\":{\"@id\":\"https:\/\/www.smartphoto.be\/inspiration\/animaux-des-collegues-smartphoto#primaryimage\"},\"thumbnailUrl\":\"https:\/\/storage.googleapis.com\/smartphoto-express-production-wp-blogs-com\/9\/2022\/02\/Dans-les-coulisses-de-smartphoto-Les-animaux-de-compagnie-de-nos-collegues-titre.jpg\",\"datePublished\":\"2023-10-03T08:54:40+00:00\",\"dateModified\":\"2023-10-03T08:54:44+00:00\",\"author\":{\"@id\":\"https:\/\/www.smartphoto.be\/inspiration\/#\/schema\/person\/14abe7c86f4bda0d741e3ec66a39733e\"},\"description\":\"D\u00e9couvrez les animaux de compagnie de la team smartphoto, ainsi que leurs produits pr\u00e9f\u00e9r\u00e9s. Mignonnerie garantie, et cvraquage en vue !\",\"breadcrumb\":{\"@id\":\"https:\/\/www.smartphoto.be\/inspiration\/animaux-des-collegues-smartphoto#breadcrumb\"},\"inLanguage\":\"fr-BE\",\"potentialAction\":[{\"@type\":\"ReadAction\",\"target\":[\"https:\/\/www.smartphoto.be\/inspiration\/animaux-des-collegues-smartphoto\"]}]},{\"@type\":\"ImageObject\",\"inLanguage\":\"fr-BE\",\"@id\":\"https:\/\/www.smartphoto.be\/inspiration\/animaux-des-collegues-smartphoto#primaryimage\",\"url\":\"https:\/\/storage.googleapis.com\/smartphoto-express-production-wp-blogs-com\/9\/2022\/02\/Dans-les-coulisses-de-smartphoto-Les-animaux-de-compagnie-de-nos-collegues-titre.jpg\",\"contentUrl\":\"https:\/\/storage.googleapis.com\/smartphoto-express-production-wp-blogs-com\/9\/2022\/02\/Dans-les-coulisses-de-smartphoto-Les-animaux-de-compagnie-de-nos-collegues-titre.jpg\",\"width\":806,\"height\":478},{\"@type\":\"BreadcrumbList\",\"@id\":\"https:\/\/www.smartphoto.be\/inspiration\/animaux-des-collegues-smartphoto#breadcrumb\",\"itemListElement\":[{\"@type\":\"ListItem\",\"position\":1,\"name\":\"Home\",\"item\":\"\/inspiration\/\"},{\"@type\":\"ListItem\",\"position\":2,\"name\":\"Alerte mignonnerie \ud83d\ude3b Rencontrez nos\u00a0animaux\u00a0de compagnie \ud83d\udc36\"}]},{\"@type\":\"WebSite\",\"@id\":\"https:\/\/www.smartphoto.be\/inspiration\/#website\",\"url\":\"https:\/\/www.smartphoto.be\/inspiration\/\",\"name\":\"smartphoto BE FR\",\"description\":\"\",\"potentialAction\":[{\"@type\":\"SearchAction\",\"target\":{\"@type\":\"EntryPoint\",\"urlTemplate\":\"https:\/\/www.smartphoto.be\/inspiration\/?s={search_term_string}\"},\"query-input\":{\"@type\":\"PropertyValueSpecification\",\"valueRequired\":true,\"valueName\":\"search_term_string\"}}],\"inLanguage\":\"fr-BE\"},{\"@type\":\"Person\",\"@id\":\"https:\/\/www.smartphoto.be\/inspiration\/#\/schema\/person\/14abe7c86f4bda0d741e3ec66a39733e\",\"name\":\"Caroline\",\"image\":{\"@type\":\"ImageObject\",\"inLanguage\":\"fr-BE\",\"@id\":\"https:\/\/www.smartphoto.be\/inspiration\/#\/schema\/person\/image\/\",\"url\":\"https:\/\/secure.gravatar.com\/avatar\/3bf4c2775ae12d0bb3bb504b56a0508c?s=96&d=mm&r=g\",\"contentUrl\":\"https:\/\/secure.gravatar.com\/avatar\/3bf4c2775ae12d0bb3bb504b56a0508c?s=96&d=mm&r=g\",\"caption\":\"Caroline\"},\"description\":\"Des id\u00e9es cr\u00e9atives pour vous inspirer, des sujets qui vous aident vraiment dans votre quotidien, voil\u00e0 ce que j'esp\u00e8re partager avec vous via ce blog. Quand je ne blogue pas pour smartphoto, je profites de bons moments en famille avec mon ch\u00e9ri et mes enfants, ou j'\u00e9tudie et je pratique le yoga.\",\"sameAs\":[\"http:\/\/www.smartphoto.fr\/inspiration\",\"https:\/\/www.instagram.com\/smartphoto_fr\/\"],\"url\":\"https:\/\/www.smartphoto.be\/inspiration\/author\/caroline\"}]}<\/script>\n<!-- \/ Yoast SEO plugin. -->","yoast_head_json":{"title":"Alerte mignonnerie \ud83d\ude3b Rencontrez nos\u00a0animaux\u00a0de compagnie \ud83d\udc36","description":"D\u00e9couvrez les animaux de compagnie de la team smartphoto, ainsi que leurs produits pr\u00e9f\u00e9r\u00e9s. Mignonnerie garantie, et cvraquage en vue !","robots":{"index":"index","follow":"follow","max-snippet":"max-snippet:-1","max-image-preview":"max-image-preview:large","max-video-preview":"max-video-preview:-1"},"canonical":"https:\/\/www.smartphoto.be\/inspiration\/animaux-des-collegues-smartphoto","og_locale":"fr_FR","og_type":"article","og_title":"Alerte mignonnerie \ud83d\ude3b Rencontrez nos\u00a0animaux\u00a0de compagnie \ud83d\udc36","og_description":"D\u00e9couvrez les animaux de compagnie de la team smartphoto, ainsi que leurs produits pr\u00e9f\u00e9r\u00e9s. Mignonnerie garantie, et cvraquage en vue !","og_url":"https:\/\/www.smartphoto.be\/inspiration\/animaux-des-collegues-smartphoto","og_site_name":"smartphoto BE FR","article_publisher":"https:\/\/www.facebook.com\/smartphoto.be\/","article_published_time":"2023-10-03T08:54:40+00:00","article_modified_time":"2023-10-03T08:54:44+00:00","og_image":[{"width":806,"height":478,"url":"https:\/\/storage.googleapis.com\/smartphoto-express-production-wp-blogs-com\/9\/2022\/02\/Dans-les-coulisses-de-smartphoto-Les-animaux-de-compagnie-de-nos-collegues-titre.jpg","type":"image\/jpeg"}],"author":"Caroline","twitter_card":"summary_large_image","twitter_creator":"@smartphoto_be","twitter_site":"@smartphoto_be","twitter_misc":{"Written by":"Caroline","Est. reading time":"9 minutes"},"schema":{"@context":"https:\/\/schema.org","@graph":[{"@type":"WebPage","@id":"https:\/\/www.smartphoto.be\/inspiration\/animaux-des-collegues-smartphoto","url":"https:\/\/www.smartphoto.be\/inspiration\/animaux-des-collegues-smartphoto","name":"Alerte mignonnerie \ud83d\ude3b Rencontrez nos\u00a0animaux\u00a0de compagnie \ud83d\udc36","isPartOf":{"@id":"https:\/\/www.smartphoto.be\/inspiration\/#website"},"primaryImageOfPage":{"@id":"https:\/\/www.smartphoto.be\/inspiration\/animaux-des-collegues-smartphoto#primaryimage"},"image":{"@id":"https:\/\/www.smartphoto.be\/inspiration\/animaux-des-collegues-smartphoto#primaryimage"},"thumbnailUrl":"https:\/\/storage.googleapis.com\/smartphoto-express-production-wp-blogs-com\/9\/2022\/02\/Dans-les-coulisses-de-smartphoto-Les-animaux-de-compagnie-de-nos-collegues-titre.jpg","datePublished":"2023-10-03T08:54:40+00:00","dateModified":"2023-10-03T08:54:44+00:00","author":{"@id":"https:\/\/www.smartphoto.be\/inspiration\/#\/schema\/person\/14abe7c86f4bda0d741e3ec66a39733e"},"description":"D\u00e9couvrez les animaux de compagnie de la team smartphoto, ainsi que leurs produits pr\u00e9f\u00e9r\u00e9s. Mignonnerie garantie, et cvraquage en vue !","breadcrumb":{"@id":"https:\/\/www.smartphoto.be\/inspiration\/animaux-des-collegues-smartphoto#breadcrumb"},"inLanguage":"fr-BE","potentialAction":[{"@type":"ReadAction","target":["https:\/\/www.smartphoto.be\/inspiration\/animaux-des-collegues-smartphoto"]}]},{"@type":"ImageObject","inLanguage":"fr-BE","@id":"https:\/\/www.smartphoto.be\/inspiration\/animaux-des-collegues-smartphoto#primaryimage","url":"https:\/\/storage.googleapis.com\/smartphoto-express-production-wp-blogs-com\/9\/2022\/02\/Dans-les-coulisses-de-smartphoto-Les-animaux-de-compagnie-de-nos-collegues-titre.jpg","contentUrl":"https:\/\/storage.googleapis.com\/smartphoto-express-production-wp-blogs-com\/9\/2022\/02\/Dans-les-coulisses-de-smartphoto-Les-animaux-de-compagnie-de-nos-collegues-titre.jpg","width":806,"height":478},{"@type":"BreadcrumbList","@id":"https:\/\/www.smartphoto.be\/inspiration\/animaux-des-collegues-smartphoto#breadcrumb","itemListElement":[{"@type":"ListItem","position":1,"name":"Home","item":"\/inspiration\/"},{"@type":"ListItem","position":2,"name":"Alerte mignonnerie \ud83d\ude3b Rencontrez nos\u00a0animaux\u00a0de compagnie \ud83d\udc36"}]},{"@type":"WebSite","@id":"https:\/\/www.smartphoto.be\/inspiration\/#website","url":"https:\/\/www.smartphoto.be\/inspiration\/","name":"smartphoto BE FR","description":"","potentialAction":[{"@type":"SearchAction","target":{"@type":"EntryPoint","urlTemplate":"https:\/\/www.smartphoto.be\/inspiration\/?s={search_term_string}"},"query-input":{"@type":"PropertyValueSpecification","valueRequired":true,"valueName":"search_term_string"}}],"inLanguage":"fr-BE"},{"@type":"Person","@id":"https:\/\/www.smartphoto.be\/inspiration\/#\/schema\/person\/14abe7c86f4bda0d741e3ec66a39733e","name":"Caroline","image":{"@type":"ImageObject","inLanguage":"fr-BE","@id":"https:\/\/www.smartphoto.be\/inspiration\/#\/schema\/person\/image\/","url":"https:\/\/secure.gravatar.com\/avatar\/3bf4c2775ae12d0bb3bb504b56a0508c?s=96&d=mm&r=g","contentUrl":"https:\/\/secure.gravatar.com\/avatar\/3bf4c2775ae12d0bb3bb504b56a0508c?s=96&d=mm&r=g","caption":"Caroline"},"description":"Des id\u00e9es cr\u00e9atives pour vous inspirer, des sujets qui vous aident vraiment dans votre quotidien, voil\u00e0 ce que j'esp\u00e8re partager avec vous via ce blog. Quand je ne blogue pas pour smartphoto, je profites de bons moments en famille avec mon ch\u00e9ri et mes enfants, ou j'\u00e9tudie et je pratique le yoga.","sameAs":["http:\/\/www.smartphoto.fr\/inspiration","https:\/\/www.instagram.com\/smartphoto_fr\/"],"url":"https:\/\/www.smartphoto.be\/inspiration\/author\/caroline"}]}},"_links":{"self":[{"href":"https:\/\/www.smartphoto.be\/inspiration\/wp-json\/wp\/v2\/posts\/43405","targetHints":{"allow":["GET"]}}],"collection":[{"href":"https:\/\/www.smartphoto.be\/inspiration\/wp-json\/wp\/v2\/posts"}],"about":[{"href":"https:\/\/www.smartphoto.be\/inspiration\/wp-json\/wp\/v2\/types\/post"}],"author":[{"embeddable":true,"href":"https:\/\/www.smartphoto.be\/inspiration\/wp-json\/wp\/v2\/users\/39"}],"replies":[{"embeddable":true,"href":"https:\/\/www.smartphoto.be\/inspiration\/wp-json\/wp\/v2\/comments?post=43405"}],"version-history":[{"count":4,"href":"https:\/\/www.smartphoto.be\/inspiration\/wp-json\/wp\/v2\/posts\/43405\/revisions"}],"predecessor-version":[{"id":44604,"href":"https:\/\/www.smartphoto.be\/inspiration\/wp-json\/wp\/v2\/posts\/43405\/revisions\/44604"}],"wp:featuredmedia":[{"embeddable":true,"href":"https:\/\/www.smartphoto.be\/inspiration\/wp-json\/wp\/v2\/media\/43423"}],"wp:attachment":[{"href":"https:\/\/www.smartphoto.be\/inspiration\/wp-json\/wp\/v2\/media?parent=43405"}],"wp:term":[{"taxonomy":"category","embeddable":true,"href":"https:\/\/www.smartphoto.be\/inspiration\/wp-json\/wp\/v2\/categories?post=43405"},{"taxonomy":"post_tag","embeddable":true,"href":"https:\/\/www.smartphoto.be\/inspiration\/wp-json\/wp\/v2\/tags?post=43405"}],"curies":[{"name":"wp","href":"https:\/\/api.w.org\/{rel}","templated":true}]}}