{"id":42870,"date":"2022-02-09T15:41:28","date_gmt":"2022-02-09T14:41:28","guid":{"rendered":"\/inspiration\/?p=42870"},"modified":"2024-08-20T16:58:34","modified_gmt":"2024-08-20T14:58:34","slug":"soutien-a-la-villa-samson","status":"publish","type":"post","link":"https:\/\/www.smartphoto.be\/inspiration\/soutien-a-la-villa-samson","title":{"rendered":"La Villa Samson, un projet \u00e0 soutenir \ud83d\udc3e"},"content":{"rendered":"\n<p><strong>Le 8 septembre dernier, smartphoto lan\u00e7ait sa nouvelle collection d&rsquo;accessoires personnalis\u00e9s sp\u00e9cialement con\u00e7us pour les animaux de compagnie. Une collection de produits personnalis\u00e9s pour les chiens, les chats et ceux qui en prennent soin. C&rsquo;\u00e9tait l&rsquo;occasion id\u00e9ale de soutenir une bonne cause en lien avec les animaux de compagnie. <\/strong><\/p>\n\n\n\n<p>Nous sommes partis \u00e0 la recherche d&rsquo;une asbl qui corresponde \u00e0 l&rsquo;ADN de smartphoto. C&rsquo;est ainsi que nous avons atteri \u00e0 <strong>la Villa Samson<\/strong>. La Villa Samson est une maison chaleureuse situ\u00e9e juste \u00e0 c\u00f4t\u00e9 de l&rsquo;UZ Brussel. Les patients peuvent s&rsquo;y rendre pendant un s\u00e9jour \u00e0 l&rsquo;h\u00f4pital pour recevoir la visite de leur animal de compagnie. <\/p>\n\n\n\n<div class=\"wp-block-image\"><figure class=\"aligncenter size-full is-resized\"><img decoding=\"async\" src=\"https:\/\/storage.googleapis.com\/smartphoto-express-production-wp-blogs-com\/9\/2022\/02\/Villa-samson-cadeau-et-cheques-2cheques.jpg\" alt=\"\" class=\"wp-image-43395\" width=\"700\" srcset=\"https:\/\/storage.googleapis.com\/smartphoto-express-production-wp-blogs-com\/9\/2022\/02\/Villa-samson-cadeau-et-cheques-2cheques.jpg 806w, https:\/\/storage.googleapis.com\/smartphoto-express-production-wp-blogs-com\/9\/2022\/02\/Villa-samson-cadeau-et-cheques-2cheques-300x178.jpg 300w, https:\/\/storage.googleapis.com\/smartphoto-express-production-wp-blogs-com\/9\/2022\/02\/Villa-samson-cadeau-et-cheques-2cheques-768x455.jpg 768w\" sizes=\"(max-width: 806px) 100vw, 806px\" \/><\/figure><\/div>\n\n\n\n<p>En outre, les patients peuvent b\u00e9n\u00e9ficier de l&rsquo;effet th\u00e9rapeutique des animaux en compagnie des trois chats Maine Coon doux et tr\u00e8s c\u00e2lins qui y vivent en permanence. Un chien th\u00e9rapeutique se rend \u00e9galement sur place tous les apr\u00e8s-midi et stimule la gu\u00e9rison des patients par le biais de diverses activit\u00e9s. Ce sont des apr\u00e8s-midis merveilleux pour l&rsquo;animal et le patient.<\/p>\n\n\n\n<div class=\"wp-block-image\"><figure class=\"aligncenter size-large is-resized\"><img loading=\"lazy\" decoding=\"async\" src=\"https:\/\/storage.googleapis.com\/smartphoto-express-production-wp-blogs-com\/9\/2021\/09\/VillaSamson-5-1024x683.jpg\" alt=\"\" class=\"wp-image-42876\" width=\"580\" height=\"386\" srcset=\"https:\/\/storage.googleapis.com\/smartphoto-express-production-wp-blogs-com\/9\/2021\/09\/VillaSamson-5-1024x683.jpg 1024w, https:\/\/storage.googleapis.com\/smartphoto-express-production-wp-blogs-com\/9\/2021\/09\/VillaSamson-5-300x200.jpg 300w, https:\/\/storage.googleapis.com\/smartphoto-express-production-wp-blogs-com\/9\/2021\/09\/VillaSamson-5-768x512.jpg 768w, https:\/\/storage.googleapis.com\/smartphoto-express-production-wp-blogs-com\/9\/2021\/09\/VillaSamson-5-1536x1024.jpg 1536w, https:\/\/storage.googleapis.com\/smartphoto-express-production-wp-blogs-com\/9\/2021\/09\/VillaSamson-5.jpg 1920w\" sizes=\"auto, (max-width: 580px) 100vw, 580px\" \/><figcaption>Photo : smartphoto<\/figcaption><\/figure><\/div>\n\n\n\n<h2 class=\"wp-block-heading\">R\u00e9sidents \u00e0 quatre pattes<\/h2>\n\n\n\n<p>Le 16 septembre, nous avons visit\u00e9 la Villa Samson pour avoir une meilleure id\u00e9e du fonctionnement de ce magnifique projet. Nous avons \u00e9t\u00e9 chaleureusement accueillis par Vicky, coordinatrice de la Villa Samson, et Tanja, employ\u00e9e de la Fondation UZ Brussel. Nous avons \u00e9galement rencontr\u00e9 Misty, Chris et Luna, les splendides chats qui r\u00e9sident \u00e0 la Villa Samson.<\/p>\n\n\n\n<div class=\"wp-block-image\"><figure class=\"aligncenter size-large is-resized\"><img decoding=\"async\" src=\"https:\/\/storage.googleapis.com\/smartphoto-express-production-wp-blogs-com\/9\/2021\/09\/VillaSamson-26-1024x683.jpg\" alt=\"\" class=\"wp-image-42875\" width=\"700\" srcset=\"https:\/\/storage.googleapis.com\/smartphoto-express-production-wp-blogs-com\/9\/2021\/09\/VillaSamson-26-1024x683.jpg 1024w, https:\/\/storage.googleapis.com\/smartphoto-express-production-wp-blogs-com\/9\/2021\/09\/VillaSamson-26-300x200.jpg 300w, https:\/\/storage.googleapis.com\/smartphoto-express-production-wp-blogs-com\/9\/2021\/09\/VillaSamson-26-768x512.jpg 768w, https:\/\/storage.googleapis.com\/smartphoto-express-production-wp-blogs-com\/9\/2021\/09\/VillaSamson-26-1536x1024.jpg 1536w, https:\/\/storage.googleapis.com\/smartphoto-express-production-wp-blogs-com\/9\/2021\/09\/VillaSamson-26.jpg 1920w\" sizes=\"(max-width: 1024px) 100vw, 1024px\" \/><figcaption>Photo : smartphoto<\/figcaption><\/figure><\/div>\n\n\n\n<h2 class=\"wp-block-heading\">Effet b\u00e9n\u00e9fique<\/h2>\n\n\n\n<p>Vicky et Tanja ont expliqu\u00e9 avec enthousiasme les tenants et aboutissants de la Villa Samson. Les patients hospitalis\u00e9s \u00e0 l&rsquo;UZ Brussel peuvent y passer du temps avec leur propre animal de compagnie. Parce que, lorsque vous \u00eates malade, avoir un contact avec votre fid\u00e8le compagnon aide \u00e0 rester calme et r\u00e9duire le stress. C&rsquo;est un stimulant mental qui am\u00e9liore votre processus de r\u00e9cup\u00e9ration.<\/p>\n\n\n\n<div class=\"wp-block-image\"><figure class=\"aligncenter size-large is-resized\"><img decoding=\"async\" src=\"https:\/\/storage.googleapis.com\/smartphoto-express-production-wp-blogs-com\/9\/2021\/09\/FOTO-1024x722.jpg\" alt=\"\" class=\"wp-image-42878\" width=\"700\" srcset=\"https:\/\/storage.googleapis.com\/smartphoto-express-production-wp-blogs-com\/9\/2021\/09\/FOTO-1024x722.jpg 1024w, https:\/\/storage.googleapis.com\/smartphoto-express-production-wp-blogs-com\/9\/2021\/09\/FOTO-300x212.jpg 300w, https:\/\/storage.googleapis.com\/smartphoto-express-production-wp-blogs-com\/9\/2021\/09\/FOTO-768x542.jpg 768w, https:\/\/storage.googleapis.com\/smartphoto-express-production-wp-blogs-com\/9\/2021\/09\/FOTO.jpg 1208w\" sizes=\"(max-width: 1024px) 100vw, 1024px\" \/><figcaption>Photo : Villa Samson asbl<\/figcaption><\/figure><\/div>\n\n\n\n<p>Il y a \u00e9galement des s\u00e9ances quotidiennes avec des chiens de th\u00e9rapie sp\u00e9cialement form\u00e9s. Par exemple, les enfants du service de p\u00e9diatrie viennent deux fois par semaine. Le jour de notre visite, le chihuahua Max \u00e9tait de service. Ce petit chien espi\u00e8gle plein d&rsquo;\u00e9nergie est clairement le chouchou des jeunes patients. Les trois chats qui vivent dans la villa sont \u00e9galement heureux de profiter des c\u00e2lins et des friandises qui sont distribu\u00e9s.<\/p>\n\n\n\n<p><span style=\"font-size: inherit\">Vicky et Tanja nous ont parl\u00e9 de la gratitude des patients et ont expliqu\u00e9 comment la Villa Samson soutient le processus de gu\u00e9rison des patients. Et lorsque la gu\u00e9rison n&rsquo;est plus possible, il est important de pouvoir dire adieu \u00e0 votre animal de fa\u00e7on digne et sereine. <\/span><\/p>\n\n\n\n<p><span style=\"font-size: inherit\">Selon Vicky et Tanja, les animaux sont ceux qui savent le mieux comment interagir avec les patients. Ils passent sans effort des activit\u00e9s ludiques aux c\u00e2lins tranquilles, ils ressentent tr\u00e8s bien les besoins du patient.<\/span><\/p>\n\n\n\n<figure class=\"wp-block-image size-large\"><img loading=\"lazy\" decoding=\"async\" width=\"1024\" height=\"341\" src=\"https:\/\/storage.googleapis.com\/smartphoto-express-production-wp-blogs-com\/9\/2021\/09\/VillaSamson-14-1024x341.jpg\" alt=\"\" class=\"wp-image-42874\" srcset=\"https:\/\/storage.googleapis.com\/smartphoto-express-production-wp-blogs-com\/9\/2021\/09\/VillaSamson-14-1024x341.jpg 1024w, https:\/\/storage.googleapis.com\/smartphoto-express-production-wp-blogs-com\/9\/2021\/09\/VillaSamson-14-300x100.jpg 300w, https:\/\/storage.googleapis.com\/smartphoto-express-production-wp-blogs-com\/9\/2021\/09\/VillaSamson-14-768x256.jpg 768w, https:\/\/storage.googleapis.com\/smartphoto-express-production-wp-blogs-com\/9\/2021\/09\/VillaSamson-14-1536x512.jpg 1536w, https:\/\/storage.googleapis.com\/smartphoto-express-production-wp-blogs-com\/9\/2021\/09\/VillaSamson-14.jpg 1920w\" sizes=\"auto, (max-width: 1024px) 100vw, 1024px\" \/><figcaption>Photo : smartphoto<\/figcaption><\/figure>\n\n\n\n<h2 class=\"wp-block-heading\">Vision \u00e0 long terme<\/h2>\n\n\n\n<p>La <strong>Villa Samson<\/strong> aura bient\u00f4t cinq ans. Baptis\u00e9e par l&rsquo;un des cofondateurs, Danny Verbiest, <strong>la Villa Samson est enti\u00e8rement d\u00e9pendante des dons des particuliers et des entreprises pour fonctionner<\/strong>. <\/p>\n\n\n\n<p>Outre les moments de rencontre et la th\u00e9rapie, la Villa souhaite \u00e9galement se concentrer davantage sur<strong> la recherche scientifique concernant la th\u00e9rapie animale<\/strong> et son effet sur l&rsquo;\u00e9tat d&rsquo;esprit du patient et le processus de gu\u00e9rison. <\/p>\n\n\n\n<hr class=\"wp-block-separator\" \/>\n\n\n\n<p>La Villa Samson a \u00e9t\u00e9 cr\u00e9\u00e9e en collaboration avec Danny Verbiest, le p\u00e8re spirituel de Samson et parrain du projet, et gr\u00e2ce aux dons de nombreux donateurs. Aujourd&rsquo;hui, la Villa Samson est toujours enti\u00e8rement d\u00e9pendante des dons des particuliers et des entreprises pour faire fonctionner son organisation\u00a0\u00bb, explique la coordinatrice Vicky.<br>Et avec smartphoto, nous ferons notre part ! <\/p>\n\n\n\n<div class=\"wp-block-image\"><figure class=\"aligncenter size-large\"><img loading=\"lazy\" decoding=\"async\" width=\"780\" height=\"384\" src=\"https:\/\/storage.googleapis.com\/smartphoto-express-production-wp-blogs-com\/9\/2021\/09\/tile2x1_VillaSamson2.jpg\" alt=\"\" class=\"wp-image-42873\" srcset=\"https:\/\/storage.googleapis.com\/smartphoto-express-production-wp-blogs-com\/9\/2021\/09\/tile2x1_VillaSamson2.jpg 780w, https:\/\/storage.googleapis.com\/smartphoto-express-production-wp-blogs-com\/9\/2021\/09\/tile2x1_VillaSamson2-300x148.jpg 300w, https:\/\/storage.googleapis.com\/smartphoto-express-production-wp-blogs-com\/9\/2021\/09\/tile2x1_VillaSamson2-768x378.jpg 768w\" sizes=\"auto, (max-width: 780px) 100vw, 780px\" \/><figcaption>Photo : Villa Samson asbl<\/figcaption><\/figure><\/div>\n\n\n\n<h2 class=\"wp-block-heading\">4 278,00 \u20ac pour la Villa Samson !<\/h2>\n\n\n\n<p>Pendant le mois d&rsquo;<strong>octobre 2021<\/strong>, smartphoto a fait don de 1 \u20ac \u00e0 la Villa Samson pour chaque commande contenant un ou plusieurs produits de sa collection pour animaux de compagnie.<\/p>\n\n\n\n<p>Gr\u00e2ce \u00e0 vos commandes chaleureuses et enthousiastes, nous avons pu surprendre la Villa Samson avec un ch\u00e8que de pas moins de 4.278,00 \u20ac ! Les patients hospitalis\u00e9s, les b\u00e9n\u00e9voles et les animaux de la Villa Samson en sont tr\u00e8s heureux !<\/p>\n\n\n\n<p><\/p>\n\n\n\n<div class=\"wp-block-image\"><figure class=\"aligncenter size-full is-resized\"><img decoding=\"async\" src=\"https:\/\/storage.googleapis.com\/smartphoto-express-production-wp-blogs-com\/9\/2021\/10\/unnamed-2.jpg\" alt=\"\" class=\"wp-image-43383\" width=\"700\" srcset=\"https:\/\/storage.googleapis.com\/smartphoto-express-production-wp-blogs-com\/9\/2021\/10\/unnamed-2.jpg 806w, https:\/\/storage.googleapis.com\/smartphoto-express-production-wp-blogs-com\/9\/2021\/10\/unnamed-2-300x178.jpg 300w, https:\/\/storage.googleapis.com\/smartphoto-express-production-wp-blogs-com\/9\/2021\/10\/unnamed-2-768x455.jpg 768w\" sizes=\"(max-width: 806px) 100vw, 806px\" \/><\/figure><\/div>\n\n\n\n<p>Au d\u00e9but de l&rsquo;ann\u00e9e 2022, nous nous sommes rendus \u00e0 la Villa Samson pour remettre le ch\u00e8que et quelques bo\u00eetes de biscuits remplies de gourmandises aux b\u00e9n\u00e9voles. Ils le m\u00e9ritent ! Nous avons vraiment appr\u00e9ci\u00e9 de faire connaissance avec cette organisation chaleureuse et nous esp\u00e9rons qu&rsquo;avec notre contribution, nous pourrons faire la diff\u00e9rence pour les animaux et les patients de la Villa !<\/p>\n\n\n\n<div class=\"wp-block-image\"><figure class=\"aligncenter size-full is-resized\"><img decoding=\"async\" src=\"https:\/\/storage.googleapis.com\/smartphoto-express-production-wp-blogs-com\/9\/2022\/02\/Villa-samson-cadeau-et-cheques.jpg\" alt=\"\" class=\"wp-image-43396\" width=\"700\" srcset=\"https:\/\/storage.googleapis.com\/smartphoto-express-production-wp-blogs-com\/9\/2022\/02\/Villa-samson-cadeau-et-cheques.jpg 806w, https:\/\/storage.googleapis.com\/smartphoto-express-production-wp-blogs-com\/9\/2022\/02\/Villa-samson-cadeau-et-cheques-300x178.jpg 300w, https:\/\/storage.googleapis.com\/smartphoto-express-production-wp-blogs-com\/9\/2022\/02\/Villa-samson-cadeau-et-cheques-768x455.jpg 768w\" sizes=\"(max-width: 806px) 100vw, 806px\" \/><\/figure><\/div>\n\n\n\n<h4 class=\"wp-block-heading\">Voulez-vous soutenir la Villa Samson vous-m\u00eame ? Vous pouvez !<\/h4>\n\n\n\n<p>Faites un don sur le site web (www.villasamson.be) ou sur le compte BE75 3630 9458 5851 avec la r\u00e9f\u00e9rence \u00ab\u00a0Villa Samson\u00a0\u00bb. Pour tous vos dons annuels de 40 \u20ac ou plus, vous recevrez une attestation fiscale vous donnant droit \u00e0 une r\u00e9duction d&rsquo;imp\u00f4t de 45 %.<\/p>\n\n\n\n<p>Nous avons \u00e9t\u00e9 ravis de faire connaissance avec cette organisation chaleureuse et esp\u00e9rons que notre contribution fera la diff\u00e9rence pour les animaux et les patients de la Villa.<\/p>\n\n\n\n<div class=\"wp-block-media-text alignwide is-stacked-on-mobile\"><figure class=\"wp-block-media-text__media\"><img loading=\"lazy\" decoding=\"async\" width=\"780\" height=\"384\" src=\"https:\/\/storage.googleapis.com\/smartphoto-express-production-wp-blogs-com\/9\/2021\/09\/tile2x1_VillaSamson.jpg\" alt=\"\" class=\"wp-image-42872 size-full\" srcset=\"https:\/\/storage.googleapis.com\/smartphoto-express-production-wp-blogs-com\/9\/2021\/09\/tile2x1_VillaSamson.jpg 780w, https:\/\/storage.googleapis.com\/smartphoto-express-production-wp-blogs-com\/9\/2021\/09\/tile2x1_VillaSamson-300x148.jpg 300w, https:\/\/storage.googleapis.com\/smartphoto-express-production-wp-blogs-com\/9\/2021\/09\/tile2x1_VillaSamson-768x378.jpg 768w\" sizes=\"auto, (max-width: 780px) 100vw, 780px\" \/><\/figure><div class=\"wp-block-media-text__content\">\n<p class=\"has-large-font-size\">Gr\u00e2ce \u00e0 cette action, smartphoto a pu offrir un ch\u00e8que de 4278\u20ac \u00e0 la Villa samson.<\/p>\n<\/div><\/div>\n","protected":false},"excerpt":{"rendered":"<p>Smartphoto soutient la villa Samason ! Action de soutien du 4 au 17 octobre. D\u00e9couvrez notre visite de la villa pour en savoir plus.<\/p>\n","protected":false},"author":39,"featured_media":42893,"comment_status":"open","ping_status":"open","sticky":false,"template":"","format":"standard","meta":{"om_disable_all_campaigns":false,"_monsterinsights_skip_tracking":false,"_monsterinsights_sitenote_active":false,"_monsterinsights_sitenote_note":"","_monsterinsights_sitenote_category":0,"footnotes":""},"categories":[130,1],"tags":[],"class_list":["post-42870","post","type-post","status-publish","format-standard","has-post-thumbnail","hentry","category-animaux","category-smartphoto"],"yoast_head":"<!-- This site is optimized with the Yoast SEO plugin v23.8 - https:\/\/yoast.com\/wordpress\/plugins\/seo\/ -->\n<title>La Villa Samson, un projet \u00e0 soutenir \ud83d\udc3e - smartphoto BE FR<\/title>\n<meta name=\"robots\" content=\"index, follow, max-snippet:-1, max-image-preview:large, max-video-preview:-1\" \/>\n<link rel=\"canonical\" href=\"https:\/\/www.smartphoto.be\/inspiration\/soutien-a-la-villa-samson\" \/>\n<meta property=\"og:locale\" content=\"fr_FR\" \/>\n<meta property=\"og:type\" content=\"article\" \/>\n<meta property=\"og:title\" content=\"La Villa Samson, un projet \u00e0 soutenir \ud83d\udc3e - smartphoto BE FR\" \/>\n<meta property=\"og:description\" content=\"Smartphoto soutient la villa Samason ! Action de soutien du 4 au 17 octobre. D\u00e9couvrez notre visite de la villa pour en savoir plus.\" \/>\n<meta property=\"og:url\" content=\"https:\/\/www.smartphoto.be\/inspiration\/soutien-a-la-villa-samson\" \/>\n<meta property=\"og:site_name\" content=\"smartphoto BE FR\" \/>\n<meta property=\"article:publisher\" content=\"https:\/\/www.facebook.com\/smartphoto.be\/\" \/>\n<meta property=\"article:published_time\" content=\"2022-02-09T14:41:28+00:00\" \/>\n<meta property=\"article:modified_time\" content=\"2024-08-20T14:58:34+00:00\" \/>\n<meta property=\"og:image\" content=\"https:\/\/storage.googleapis.com\/smartphoto-express-production-wp-blogs-com\/9\/2021\/10\/Slider_Landscape_VillaSamson.jpg\" \/>\n\t<meta property=\"og:image:width\" content=\"552\" \/>\n\t<meta property=\"og:image:height\" content=\"380\" \/>\n\t<meta property=\"og:image:type\" content=\"image\/jpeg\" \/>\n<meta name=\"author\" content=\"Caroline\" \/>\n<meta name=\"twitter:card\" content=\"summary_large_image\" \/>\n<meta name=\"twitter:creator\" content=\"@smartphoto_be\" \/>\n<meta name=\"twitter:site\" content=\"@smartphoto_be\" \/>\n<meta name=\"twitter:label1\" content=\"Written by\" \/>\n\t<meta name=\"twitter:data1\" content=\"Caroline\" \/>\n\t<meta name=\"twitter:label2\" content=\"Est. reading time\" \/>\n\t<meta name=\"twitter:data2\" content=\"7 minutes\" \/>\n<script type=\"application\/ld+json\" class=\"yoast-schema-graph\">{\"@context\":\"https:\/\/schema.org\",\"@graph\":[{\"@type\":\"WebPage\",\"@id\":\"https:\/\/www.smartphoto.be\/inspiration\/soutien-a-la-villa-samson\",\"url\":\"https:\/\/www.smartphoto.be\/inspiration\/soutien-a-la-villa-samson\",\"name\":\"La Villa Samson, un projet \u00e0 soutenir \ud83d\udc3e - smartphoto BE FR\",\"isPartOf\":{\"@id\":\"https:\/\/www.smartphoto.be\/inspiration\/#website\"},\"primaryImageOfPage\":{\"@id\":\"https:\/\/www.smartphoto.be\/inspiration\/soutien-a-la-villa-samson#primaryimage\"},\"image\":{\"@id\":\"https:\/\/www.smartphoto.be\/inspiration\/soutien-a-la-villa-samson#primaryimage\"},\"thumbnailUrl\":\"https:\/\/storage.googleapis.com\/smartphoto-express-production-wp-blogs-com\/9\/2021\/10\/Slider_Landscape_VillaSamson.jpg\",\"datePublished\":\"2022-02-09T14:41:28+00:00\",\"dateModified\":\"2024-08-20T14:58:34+00:00\",\"author\":{\"@id\":\"https:\/\/www.smartphoto.be\/inspiration\/#\/schema\/person\/14abe7c86f4bda0d741e3ec66a39733e\"},\"breadcrumb\":{\"@id\":\"https:\/\/www.smartphoto.be\/inspiration\/soutien-a-la-villa-samson#breadcrumb\"},\"inLanguage\":\"fr-BE\",\"potentialAction\":[{\"@type\":\"ReadAction\",\"target\":[\"https:\/\/www.smartphoto.be\/inspiration\/soutien-a-la-villa-samson\"]}]},{\"@type\":\"ImageObject\",\"inLanguage\":\"fr-BE\",\"@id\":\"https:\/\/www.smartphoto.be\/inspiration\/soutien-a-la-villa-samson#primaryimage\",\"url\":\"https:\/\/storage.googleapis.com\/smartphoto-express-production-wp-blogs-com\/9\/2021\/10\/Slider_Landscape_VillaSamson.jpg\",\"contentUrl\":\"https:\/\/storage.googleapis.com\/smartphoto-express-production-wp-blogs-com\/9\/2021\/10\/Slider_Landscape_VillaSamson.jpg\",\"width\":552,\"height\":380},{\"@type\":\"BreadcrumbList\",\"@id\":\"https:\/\/www.smartphoto.be\/inspiration\/soutien-a-la-villa-samson#breadcrumb\",\"itemListElement\":[{\"@type\":\"ListItem\",\"position\":1,\"name\":\"Home\",\"item\":\"\/inspiration\/\"},{\"@type\":\"ListItem\",\"position\":2,\"name\":\"La Villa Samson, un projet \u00e0 soutenir \ud83d\udc3e\"}]},{\"@type\":\"WebSite\",\"@id\":\"https:\/\/www.smartphoto.be\/inspiration\/#website\",\"url\":\"https:\/\/www.smartphoto.be\/inspiration\/\",\"name\":\"smartphoto BE FR\",\"description\":\"\",\"potentialAction\":[{\"@type\":\"SearchAction\",\"target\":{\"@type\":\"EntryPoint\",\"urlTemplate\":\"https:\/\/www.smartphoto.be\/inspiration\/?s={search_term_string}\"},\"query-input\":{\"@type\":\"PropertyValueSpecification\",\"valueRequired\":true,\"valueName\":\"search_term_string\"}}],\"inLanguage\":\"fr-BE\"},{\"@type\":\"Person\",\"@id\":\"https:\/\/www.smartphoto.be\/inspiration\/#\/schema\/person\/14abe7c86f4bda0d741e3ec66a39733e\",\"name\":\"Caroline\",\"image\":{\"@type\":\"ImageObject\",\"inLanguage\":\"fr-BE\",\"@id\":\"https:\/\/www.smartphoto.be\/inspiration\/#\/schema\/person\/image\/\",\"url\":\"https:\/\/secure.gravatar.com\/avatar\/3bf4c2775ae12d0bb3bb504b56a0508c?s=96&d=mm&r=g\",\"contentUrl\":\"https:\/\/secure.gravatar.com\/avatar\/3bf4c2775ae12d0bb3bb504b56a0508c?s=96&d=mm&r=g\",\"caption\":\"Caroline\"},\"description\":\"Des id\u00e9es cr\u00e9atives pour vous inspirer, des sujets qui vous aident vraiment dans votre quotidien, voil\u00e0 ce que j'esp\u00e8re partager avec vous via ce blog. Quand je ne blogue pas pour smartphoto, je profites de bons moments en famille avec mon ch\u00e9ri et mes enfants, ou j'\u00e9tudie et je pratique le yoga.\",\"sameAs\":[\"http:\/\/www.smartphoto.fr\/inspiration\",\"https:\/\/www.instagram.com\/smartphoto_fr\/\"],\"url\":\"https:\/\/www.smartphoto.be\/inspiration\/author\/caroline\"}]}<\/script>\n<!-- \/ Yoast SEO plugin. -->","yoast_head_json":{"title":"La Villa Samson, un projet \u00e0 soutenir \ud83d\udc3e - smartphoto BE FR","robots":{"index":"index","follow":"follow","max-snippet":"max-snippet:-1","max-image-preview":"max-image-preview:large","max-video-preview":"max-video-preview:-1"},"canonical":"https:\/\/www.smartphoto.be\/inspiration\/soutien-a-la-villa-samson","og_locale":"fr_FR","og_type":"article","og_title":"La Villa Samson, un projet \u00e0 soutenir \ud83d\udc3e - smartphoto BE FR","og_description":"Smartphoto soutient la villa Samason ! Action de soutien du 4 au 17 octobre. D\u00e9couvrez notre visite de la villa pour en savoir plus.","og_url":"https:\/\/www.smartphoto.be\/inspiration\/soutien-a-la-villa-samson","og_site_name":"smartphoto BE FR","article_publisher":"https:\/\/www.facebook.com\/smartphoto.be\/","article_published_time":"2022-02-09T14:41:28+00:00","article_modified_time":"2024-08-20T14:58:34+00:00","og_image":[{"width":552,"height":380,"url":"https:\/\/storage.googleapis.com\/smartphoto-express-production-wp-blogs-com\/9\/2021\/10\/Slider_Landscape_VillaSamson.jpg","type":"image\/jpeg"}],"author":"Caroline","twitter_card":"summary_large_image","twitter_creator":"@smartphoto_be","twitter_site":"@smartphoto_be","twitter_misc":{"Written by":"Caroline","Est. reading time":"7 minutes"},"schema":{"@context":"https:\/\/schema.org","@graph":[{"@type":"WebPage","@id":"https:\/\/www.smartphoto.be\/inspiration\/soutien-a-la-villa-samson","url":"https:\/\/www.smartphoto.be\/inspiration\/soutien-a-la-villa-samson","name":"La Villa Samson, un projet \u00e0 soutenir \ud83d\udc3e - smartphoto BE FR","isPartOf":{"@id":"https:\/\/www.smartphoto.be\/inspiration\/#website"},"primaryImageOfPage":{"@id":"https:\/\/www.smartphoto.be\/inspiration\/soutien-a-la-villa-samson#primaryimage"},"image":{"@id":"https:\/\/www.smartphoto.be\/inspiration\/soutien-a-la-villa-samson#primaryimage"},"thumbnailUrl":"https:\/\/storage.googleapis.com\/smartphoto-express-production-wp-blogs-com\/9\/2021\/10\/Slider_Landscape_VillaSamson.jpg","datePublished":"2022-02-09T14:41:28+00:00","dateModified":"2024-08-20T14:58:34+00:00","author":{"@id":"https:\/\/www.smartphoto.be\/inspiration\/#\/schema\/person\/14abe7c86f4bda0d741e3ec66a39733e"},"breadcrumb":{"@id":"https:\/\/www.smartphoto.be\/inspiration\/soutien-a-la-villa-samson#breadcrumb"},"inLanguage":"fr-BE","potentialAction":[{"@type":"ReadAction","target":["https:\/\/www.smartphoto.be\/inspiration\/soutien-a-la-villa-samson"]}]},{"@type":"ImageObject","inLanguage":"fr-BE","@id":"https:\/\/www.smartphoto.be\/inspiration\/soutien-a-la-villa-samson#primaryimage","url":"https:\/\/storage.googleapis.com\/smartphoto-express-production-wp-blogs-com\/9\/2021\/10\/Slider_Landscape_VillaSamson.jpg","contentUrl":"https:\/\/storage.googleapis.com\/smartphoto-express-production-wp-blogs-com\/9\/2021\/10\/Slider_Landscape_VillaSamson.jpg","width":552,"height":380},{"@type":"BreadcrumbList","@id":"https:\/\/www.smartphoto.be\/inspiration\/soutien-a-la-villa-samson#breadcrumb","itemListElement":[{"@type":"ListItem","position":1,"name":"Home","item":"\/inspiration\/"},{"@type":"ListItem","position":2,"name":"La Villa Samson, un projet \u00e0 soutenir \ud83d\udc3e"}]},{"@type":"WebSite","@id":"https:\/\/www.smartphoto.be\/inspiration\/#website","url":"https:\/\/www.smartphoto.be\/inspiration\/","name":"smartphoto BE FR","description":"","potentialAction":[{"@type":"SearchAction","target":{"@type":"EntryPoint","urlTemplate":"https:\/\/www.smartphoto.be\/inspiration\/?s={search_term_string}"},"query-input":{"@type":"PropertyValueSpecification","valueRequired":true,"valueName":"search_term_string"}}],"inLanguage":"fr-BE"},{"@type":"Person","@id":"https:\/\/www.smartphoto.be\/inspiration\/#\/schema\/person\/14abe7c86f4bda0d741e3ec66a39733e","name":"Caroline","image":{"@type":"ImageObject","inLanguage":"fr-BE","@id":"https:\/\/www.smartphoto.be\/inspiration\/#\/schema\/person\/image\/","url":"https:\/\/secure.gravatar.com\/avatar\/3bf4c2775ae12d0bb3bb504b56a0508c?s=96&d=mm&r=g","contentUrl":"https:\/\/secure.gravatar.com\/avatar\/3bf4c2775ae12d0bb3bb504b56a0508c?s=96&d=mm&r=g","caption":"Caroline"},"description":"Des id\u00e9es cr\u00e9atives pour vous inspirer, des sujets qui vous aident vraiment dans votre quotidien, voil\u00e0 ce que j'esp\u00e8re partager avec vous via ce blog. Quand je ne blogue pas pour smartphoto, je profites de bons moments en famille avec mon ch\u00e9ri et mes enfants, ou j'\u00e9tudie et je pratique le yoga.","sameAs":["http:\/\/www.smartphoto.fr\/inspiration","https:\/\/www.instagram.com\/smartphoto_fr\/"],"url":"https:\/\/www.smartphoto.be\/inspiration\/author\/caroline"}]}},"_links":{"self":[{"href":"https:\/\/www.smartphoto.be\/inspiration\/wp-json\/wp\/v2\/posts\/42870","targetHints":{"allow":["GET"]}}],"collection":[{"href":"https:\/\/www.smartphoto.be\/inspiration\/wp-json\/wp\/v2\/posts"}],"about":[{"href":"https:\/\/www.smartphoto.be\/inspiration\/wp-json\/wp\/v2\/types\/post"}],"author":[{"embeddable":true,"href":"https:\/\/www.smartphoto.be\/inspiration\/wp-json\/wp\/v2\/users\/39"}],"replies":[{"embeddable":true,"href":"https:\/\/www.smartphoto.be\/inspiration\/wp-json\/wp\/v2\/comments?post=42870"}],"version-history":[{"count":11,"href":"https:\/\/www.smartphoto.be\/inspiration\/wp-json\/wp\/v2\/posts\/42870\/revisions"}],"predecessor-version":[{"id":45110,"href":"https:\/\/www.smartphoto.be\/inspiration\/wp-json\/wp\/v2\/posts\/42870\/revisions\/45110"}],"wp:featuredmedia":[{"embeddable":true,"href":"https:\/\/www.smartphoto.be\/inspiration\/wp-json\/wp\/v2\/media\/42893"}],"wp:attachment":[{"href":"https:\/\/www.smartphoto.be\/inspiration\/wp-json\/wp\/v2\/media?parent=42870"}],"wp:term":[{"taxonomy":"category","embeddable":true,"href":"https:\/\/www.smartphoto.be\/inspiration\/wp-json\/wp\/v2\/categories?post=42870"},{"taxonomy":"post_tag","embeddable":true,"href":"https:\/\/www.smartphoto.be\/inspiration\/wp-json\/wp\/v2\/tags?post=42870"}],"curies":[{"name":"wp","href":"https:\/\/api.w.org\/{rel}","templated":true}]}}