{"id":42277,"date":"2023-06-26T13:59:21","date_gmt":"2023-06-26T11:59:21","guid":{"rendered":"\/inspiration\/?p=42277"},"modified":"2024-08-20T16:55:00","modified_gmt":"2024-08-20T14:55:00","slug":"cadeau-personnalise-institutrice-belgique","status":"publish","type":"post","link":"https:\/\/www.smartphoto.be\/inspiration\/cadeau-personnalise-institutrice-belgique","title":{"rendered":"6 id\u00e9es de cadeau personnalis\u00e9 pour l&rsquo;instit&rsquo; en 2023"},"content":{"rendered":"\n<h4 class=\"wp-block-heading\" id=\"nouveautes-et-inspiration-pour-un-cadeau-personnalise-institutrice-ou-instituteur\">Nouveaut\u00e9s et inspiration pour un cadeau personnalis\u00e9 institutrice ou instituteur<\/h4>\n\n\n\n<p>2032, quelle ann\u00e9e ! Les profs ont fait le plein de sorties et d&rsquo;activit\u00e9s avec vos enfants ? Ils se sont donn\u00e9s \u00e0 fond pour leurs apprentissages ? Ils m\u00e9ritent bien un joli <strong>cadeau personnalis\u00e9 pour c\u00e9l\u00e9brer la fin de l&rsquo;ann\u00e9e scolaire<\/strong> !<\/p>\n\n\n\n<p>Pssst : tous ces cadeaux personnalis\u00e9s sont imprim\u00e9s dans les ateliers de smartphoto en Belgique (Wetteren, pr\u00e8s de Gand). L&rsquo;avantage ? Du local, et une livraison super rapide !<\/p>\n\n\n<div class=\"wp-block-image\">\n<figure class=\"aligncenter size-full is-resized\"><img decoding=\"async\" src=\"https:\/\/storage.googleapis.com\/smartphoto-express-production-wp-blogs-com\/9\/2023\/06\/780x537_Carroussel.jpg\" alt=\"\" class=\"wp-image-44492\" width=\"-198\" height=\"-136\" srcset=\"https:\/\/storage.googleapis.com\/smartphoto-express-production-wp-blogs-com\/9\/2023\/06\/780x537_Carroussel.jpg 780w, https:\/\/storage.googleapis.com\/smartphoto-express-production-wp-blogs-com\/9\/2023\/06\/780x537_Carroussel-300x207.jpg 300w, https:\/\/storage.googleapis.com\/smartphoto-express-production-wp-blogs-com\/9\/2023\/06\/780x537_Carroussel-768x529.jpg 768w\" sizes=\"(max-width: 780px) 100vw, 780px\" \/><figcaption class=\"wp-element-caption\"><a href=\"https:\/\/www.smartphoto.be\/fr\/idee-cadeau-maitresse\">D\u00e9couvrez ici <\/a>tous les cadeaux personnalis\u00e9s pour l&rsquo;institutrice \/ instituteur et les profs<\/figcaption><\/figure><\/div>\n\n\n<h2 class=\"wp-block-heading\" id=\"1-cadeau-original-de-fin-d-annee-scolaire-la-boite-a-the\">1. Cadeau original de fin d&rsquo;ann\u00e9e scolaire : les Blossombs<\/h2>\n\n\n\n<p>D\u00e9couvrez les <a href=\"https:\/\/www.smartphoto.be\/fr\/cadeaux-photo\/blossombs\/cadeau-maitresse\" target=\"_blank\" rel=\"noreferrer noopener\">blossombs<\/a>, ces bombes \u00e0 fleurs qui feront plaisir \u00e0 n&rsquo;importe quel prof proche de la nature.  C&rsquo;est aussi une belle fa\u00e7on d&rsquo;offrir des fleurs, sans l&rsquo;inconv\u00e9nient edes fleurs coup\u00e9es. Un cadeau super original dont vous pouvez personnaliser l&#8217;emballage avec des photos, un joli design et\/ou une citation originale pour professeur (<a href=\"\/inspiration\/textes-citations-cadeau-de-noel\">d\u00e9couvrez toutes nos id\u00e9es ici<\/a>). Notre favorite ? \u00ab\u00a0Merci de m&rsquo;avoir aid\u00e9 \u00e0 grandir !\u00a0\u00bb<\/p>\n\n\n<div class=\"wp-block-image\">\n<figure class=\"aligncenter size-full\"><a href=\"https:\/\/www.smartphoto.be\/fr\/cadeaux-photo\/blossombs\/cadeau-maitresse\"><img loading=\"lazy\" decoding=\"async\" width=\"780\" height=\"537\" src=\"https:\/\/storage.googleapis.com\/smartphoto-express-production-wp-blogs-com\/9\/2023\/06\/flowerbombs-carrousel1.jpg\" alt=\"\" class=\"wp-image-44493\" srcset=\"https:\/\/storage.googleapis.com\/smartphoto-express-production-wp-blogs-com\/9\/2023\/06\/flowerbombs-carrousel1.jpg 780w, https:\/\/storage.googleapis.com\/smartphoto-express-production-wp-blogs-com\/9\/2023\/06\/flowerbombs-carrousel1-300x207.jpg 300w, https:\/\/storage.googleapis.com\/smartphoto-express-production-wp-blogs-com\/9\/2023\/06\/flowerbombs-carrousel1-768x529.jpg 768w\" sizes=\"auto, (max-width: 780px) 100vw, 780px\" \/><\/a><figcaption class=\"wp-element-caption\"><a href=\"https:\/\/www.smartphoto.be\/fr\/cadeaux-photo\/blossombs\/cadeau-maitresse\" target=\"_blank\" rel=\"noreferrer noopener\">Blossombs<\/a> (bombes de graines de fleurs sauvages color\u00e9es), vendues par bo\u00eetes de 7 ou de 9<\/figcaption><\/figure><\/div>\n\n\n<h2 class=\"wp-block-heading\" id=\"1-cadeau-original-de-fin-d-annee-scolaire-la-boite-a-the\">2. Un cadeau tout doux pour prof zen : la bo\u00eete \u00e0 th\u00e9<\/h2>\n\n\n\n<p>Bo\u00eete \u00e0 th\u00e9 &#8230;ou \u00e0 tr\u00e9sors ! ce magnifique objet en bois a plus d&rsquo;un tour dans son sac : choisissez un design, ajoutez une citation sympa, et le tour est jou\u00e9. Vous pouvez aussi y ajouter une tasse \u00e0 th\u00e9 en verre grav\u00e9e, pour une cadeau encore plus sympa, par exemple comme cadeau group\u00e9 de la part de plusieurs parents.<\/p>\n\n\n<div class=\"wp-block-image\">\n<figure class=\"aligncenter size-large\"><a href=\"https:\/\/www.smartphoto.be\/fr\/cadeaux-photo\/boite-a-the-en-bois\"><img loading=\"lazy\" decoding=\"async\" width=\"720\" height=\"400\" src=\"https:\/\/storage.googleapis.com\/smartphoto-express-production-wp-blogs-com\/9\/2020\/06\/Blog_TeaBox_Teacher_FR.jpg\" alt=\"cadeau original de fin d'ann\u00e9e scolaire : boite \u00e0 th\u00e9 en bois grav\u00e9e avec citation institutrice\" class=\"wp-image-42283\" srcset=\"https:\/\/storage.googleapis.com\/smartphoto-express-production-wp-blogs-com\/9\/2020\/06\/Blog_TeaBox_Teacher_FR.jpg 720w, https:\/\/storage.googleapis.com\/smartphoto-express-production-wp-blogs-com\/9\/2020\/06\/Blog_TeaBox_Teacher_FR-300x167.jpg 300w\" sizes=\"auto, (max-width: 720px) 100vw, 720px\" \/><\/a><figcaption class=\"wp-element-caption\"><a href=\"https:\/\/www.smartphoto.be\/fr\/cadeaux-photo\/boite-a-the-en-bois\">Bo\u00eete \u00e0 th\u00e9 grav\u00e9e personnalis\u00e9e<\/a> <br>\u00ab\u00a0Les meilleurs professeurs enseignent avec leur coeur. Merci d&rsquo;\u00eatre de ceux-l\u00e0 !\u00a0\u00bb<\/figcaption><\/figure><\/div>\n\n\n<h2 class=\"wp-block-heading\" id=\"2-le-livret-de-citations-pour-un-instit-qui-aime-les-mots\">3. Le livret de citations pour un instit&rsquo; qui aime les mots !<\/h2>\n\n\n\n<p>Vous cherchez un cadeau personnalis\u00e9 pour une institutrice ou instituteur qui a le sens de la formule ? Prenez le livret de citations, et remplacez les citations par des textes sympa. Ce cadeau demande un peu plus de travail, mais il en vaut la peine ! Vous pouvez aussi placer une photo par \u00e9l\u00e8ve et que chaque \u00e9l\u00e8ve ajoute un petit mot. <a href=\"\/inspiration\/merci-pour-cette-annee-scolaire\">Il y a plein d&rsquo;id\u00e9es de texte ici<\/a>.<\/p>\n\n\n<div class=\"wp-block-image\">\n<figure class=\"aligncenter size-large\"><a href=\"https:\/\/www.smartphoto.be\/fr\/cadeaux-photo\/livret-de-citations\"><img loading=\"lazy\" decoding=\"async\" width=\"720\" height=\"400\" src=\"https:\/\/storage.googleapis.com\/smartphoto-express-production-wp-blogs-com\/9\/2020\/06\/Blog_QuoteBook_Teacher_FR.jpg\" alt=\"Cadeau personnalis\u00e9 institutrice\" class=\"wp-image-42284\" srcset=\"https:\/\/storage.googleapis.com\/smartphoto-express-production-wp-blogs-com\/9\/2020\/06\/Blog_QuoteBook_Teacher_FR.jpg 720w, https:\/\/storage.googleapis.com\/smartphoto-express-production-wp-blogs-com\/9\/2020\/06\/Blog_QuoteBook_Teacher_FR-300x167.jpg 300w\" sizes=\"auto, (max-width: 720px) 100vw, 720px\" \/><\/a><figcaption class=\"wp-element-caption\"><a href=\"https:\/\/www.smartphoto.be\/fr\/cadeaux-photo\/livret-de-citations\">Livret de citation design<\/a> \u00e0 personnaliser avec vos photos et textes<\/figcaption><\/figure><\/div>\n\n\n<h2 class=\"wp-block-heading\" id=\"3-pot-de-fleurs-personnalise\">4. Pot de fleurs personnalis\u00e9<\/h2>\n\n\n\n<p>Ce pot de fleurs de petit format est absolument adorable : avec une photo ou du texte, il est parfait, que ce soit pour y ranger des crayons, y cacher quelques bonbons ou y placer une petite plante d\u00e9corative. D\u00e9couvrez ce petit bijou sur notre site et laissez libre cours \u00e0 votre imagination !<\/p>\n\n\n<div class=\"wp-block-image\">\n<figure class=\"aligncenter size-large\"><a href=\"https:\/\/www.smartphoto.be\/fr\/cadeaux-photo\/pot-fleurs\"><img loading=\"lazy\" decoding=\"async\" width=\"720\" height=\"400\" src=\"https:\/\/storage.googleapis.com\/smartphoto-express-production-wp-blogs-com\/9\/2020\/06\/Blog_Teacher_FlowerPot_FR.jpg\" alt=\"Cadeau personnalis\u00e9 institutrice\" class=\"wp-image-42291\" srcset=\"https:\/\/storage.googleapis.com\/smartphoto-express-production-wp-blogs-com\/9\/2020\/06\/Blog_Teacher_FlowerPot_FR.jpg 720w, https:\/\/storage.googleapis.com\/smartphoto-express-production-wp-blogs-com\/9\/2020\/06\/Blog_Teacher_FlowerPot_FR-300x167.jpg 300w\" sizes=\"auto, (max-width: 720px) 100vw, 720px\" \/><\/a><figcaption class=\"wp-element-caption\"><a href=\"https:\/\/www.smartphoto.be\/fr\/cadeaux-photo\/pot-fleurs\">Pot de fleur personnalis\u00e9<\/a> &#8211; cadeau institutrice<\/figcaption><\/figure><\/div>\n\n\n<p><em>Pssst : c&rsquo;est aussi le support parfait pour imprimer un dessin que votre enfant aura fait sp\u00e9cialement pour son institutrice ador\u00e9e !<\/em><\/p>\n\n\n\n<h2 class=\"wp-block-heading\" id=\"4-profitez-le-coffret-a-vin-en-bois\">5. Profitez ! Le coffret \u00e0 vin en bois<\/h2>\n\n\n\n<p>C\u00e9l\u00e9brez la fin de cette ann\u00e9e scolaire tellement particuli\u00e8re avec cette magnifique bo\u00eete \u00e0 vin en bois que vous pouvez personnaliser \u00e0 l&rsquo;infini. Placez-y une bouteille de votre vin pr\u00e9f\u00e9r\u00e9 et souhaitez-lui de profiter de son \u00e9t\u00e9 comme il se doit !<\/p>\n\n\n<div class=\"wp-block-image\">\n<figure class=\"aligncenter\"><img decoding=\"async\" src=\"https:\/\/c-static.smartphoto.com\/structured\/repositoryimage\/productcategory\/fun_ideas\/wine_box_wood\/topimages\/0002\/image\/carrousel2.jpg\" alt=\"Cadeau personnalis\u00e9 institutrice : Coffret \u00e0 vin en bois\" \/><figcaption class=\"wp-element-caption\"><a href=\"https:\/\/www.smartphoto.be\/fr\/cadeaux-photo\/coffret-a-vin-en-bois\">Coffret \u00e0 vin en bois<\/a> personnalis\u00e9 avec photos ou texte &#8211; smartphoto<\/figcaption><\/figure><\/div>\n\n\n<h2 class=\"wp-block-heading\" id=\"5-cadeau-personnalise-institutrice-le-t-shirt-estival-super-classe\">6. Cadeau personnalis\u00e9 institutrice : le t-shirt estival super classe<\/h2>\n\n\n\n<p>Un t-shirt personnalis\u00e9 ? Rien de neuf, me dire-vous. Quoique : avec ces nouveaux designs vous pouvez cr\u00e9er un t-shirt super classe pour un prof qui le vaut bien ! Avec une citation marrante, c&rsquo;est cadeau original de fin d&rsquo;ann\u00e9e scolaire que tous ses coll\u00e8gues lui envieront !<\/p>\n\n\n<div class=\"wp-block-image\">\n<figure class=\"aligncenter size-large\"><img loading=\"lazy\" decoding=\"async\" width=\"720\" height=\"400\" src=\"https:\/\/storage.googleapis.com\/smartphoto-express-production-wp-blogs-com\/9\/2020\/06\/Blog_Teacher_Tshirt_FR.jpg\" alt=\"Cadeau personnalis\u00e9 institutrice : t-shirt estival\" class=\"wp-image-42285\" srcset=\"https:\/\/storage.googleapis.com\/smartphoto-express-production-wp-blogs-com\/9\/2020\/06\/Blog_Teacher_Tshirt_FR.jpg 720w, https:\/\/storage.googleapis.com\/smartphoto-express-production-wp-blogs-com\/9\/2020\/06\/Blog_Teacher_Tshirt_FR-300x167.jpg 300w\" sizes=\"auto, (max-width: 720px) 100vw, 720px\" \/><figcaption class=\"wp-element-caption\">T-shirt personnalis\u00e9 institutrice &#8211; <a href=\"https:\/\/www.smartphoto.be\/fr\/cadeaux-photo\/t-shirt-photo?occ=thankyou&amp;purpose=ThankYou\">d\u00e9couvrez tous les designs<\/a><\/figcaption><\/figure><\/div>\n\n\n<h2 class=\"wp-block-heading\" id=\"bonus-cadeau-personnalise-institutrice-livre-a-domicile\">Bonus : Cadeau personnalis\u00e9 institutrice &#8230; livr\u00e9 \u00e0 domicile<\/h2>\n\n\n\n<p>Cette ann\u00e9e \u00e9tant un peu sp\u00e9ciale, vos enfants ne pourront peut-\u00eatre pas donner leur cadeau \u00e0 leur institutrice ou instituteur en mains propres. Dans ce cas, vous pouvez le faire livrer directement \u00e0 leur adresse ! Explorez les cadeaux auxquels vous pouvez <a href=\"https:\/\/www.smartphoto.be\/fr\/cadeau-attentionne\">ajouter un petit mot personnalis\u00e9<\/a> pour seulement 1\u20ac suppl\u00e9mentaire.<\/p>\n\n\n\n<blockquote class=\"wp-block-quote is-layout-flow wp-block-quote-is-layout-flow\">\n<p><strong>Livraison super rapide en Belgique !<\/strong><\/p>\n<\/blockquote>\n\n\n<div class=\"wp-block-image\">\n<figure class=\"aligncenter size-large\"><a href=\"https:\/\/www.smartphoto.be\/fr\/cadeau-attentionne\"><img loading=\"lazy\" decoding=\"async\" width=\"720\" height=\"400\" src=\"https:\/\/storage.googleapis.com\/smartphoto-express-production-wp-blogs-com\/9\/2020\/06\/Blog_GiftCard_Teacher_FR.jpg\" alt=\"Cadeau personnalis\u00e9 institutrice \u00e0 envoyer par la Poste - livraison super rapide en Belgique\" class=\"wp-image-42286\" srcset=\"https:\/\/storage.googleapis.com\/smartphoto-express-production-wp-blogs-com\/9\/2020\/06\/Blog_GiftCard_Teacher_FR.jpg 720w, https:\/\/storage.googleapis.com\/smartphoto-express-production-wp-blogs-com\/9\/2020\/06\/Blog_GiftCard_Teacher_FR-300x167.jpg 300w\" sizes=\"auto, (max-width: 720px) 100vw, 720px\" \/><\/a><\/figure><\/div>\n\n\n<p>\ud83d\udc49 La <strong>carte personnalis\u00e9e<\/strong> est propos\u00e9e en option sur certains produits :<a href=\"https:\/\/www.smartphoto.be\/fr\/cadeau-attentionne\"> d\u00e9couvrez-les sur cette page<\/a>, quand vous ajouterez le produit \u00e0 votre panier, choisissez l&rsquo;option \u00ab\u00a0message personnalis\u00e9\u00a0\u00bb, cela co\u00fbte seulement 1 \u20ac suppl\u00e9mentaire ! <\/p>\n\n\n<div class=\"wp-block-image\">\n<figure class=\"aligncenter size-large\"><a href=\"https:\/\/www.smartphoto.be\/fr\/idee-cadeau-maitresse\"><img loading=\"lazy\" decoding=\"async\" width=\"720\" height=\"280\" src=\"https:\/\/storage.googleapis.com\/smartphoto-express-production-wp-blogs-com\/9\/2020\/06\/Blog_Teacher_CTA_FR.jpg\" alt=\"Cadeau personnalis\u00e9 institutrice Belgique\" class=\"wp-image-42287\" srcset=\"https:\/\/storage.googleapis.com\/smartphoto-express-production-wp-blogs-com\/9\/2020\/06\/Blog_Teacher_CTA_FR.jpg 720w, https:\/\/storage.googleapis.com\/smartphoto-express-production-wp-blogs-com\/9\/2020\/06\/Blog_Teacher_CTA_FR-300x117.jpg 300w\" sizes=\"auto, (max-width: 720px) 100vw, 720px\" \/><\/a><\/figure><\/div>","protected":false},"excerpt":{"rendered":"<p>Plus que jamais, les instits m\u00e9ritent un joli cadeau personnalis\u00e9 de fin d&rsquo;ann\u00e9e scolaire !<\/p>\n","protected":false},"author":39,"featured_media":42292,"comment_status":"open","ping_status":"open","sticky":false,"template":"","format":"standard","meta":{"om_disable_all_campaigns":false,"_monsterinsights_skip_tracking":false,"_monsterinsights_sitenote_active":false,"_monsterinsights_sitenote_note":"","_monsterinsights_sitenote_category":0,"footnotes":""},"categories":[108],"tags":[],"class_list":["post-42277","post","type-post","status-publish","format-standard","has-post-thumbnail","hentry","category-ecole"],"yoast_head":"<!-- This site is optimized with the Yoast SEO plugin v23.8 - https:\/\/yoast.com\/wordpress\/plugins\/seo\/ -->\n<title>6 id\u00e9es de cadeau personnalis\u00e9 pour l&#039;instit&#039; en 2023 - smartphoto BE FR<\/title>\n<meta name=\"robots\" content=\"index, follow, max-snippet:-1, max-image-preview:large, max-video-preview:-1\" \/>\n<link rel=\"canonical\" href=\"https:\/\/www.smartphoto.be\/inspiration\/cadeau-personnalise-institutrice-belgique\" \/>\n<meta property=\"og:locale\" content=\"fr_FR\" \/>\n<meta property=\"og:type\" content=\"article\" \/>\n<meta property=\"og:title\" content=\"6 id\u00e9es de cadeau personnalis\u00e9 pour l&#039;instit&#039; en 2023 - smartphoto BE FR\" \/>\n<meta property=\"og:description\" content=\"Plus que jamais, les instits m\u00e9ritent un joli cadeau personnalis\u00e9 de fin d&#039;ann\u00e9e scolaire !\" \/>\n<meta property=\"og:url\" content=\"https:\/\/www.smartphoto.be\/inspiration\/cadeau-personnalise-institutrice-belgique\" \/>\n<meta property=\"og:site_name\" content=\"smartphoto BE FR\" \/>\n<meta property=\"article:publisher\" content=\"https:\/\/www.facebook.com\/smartphoto.be\/\" \/>\n<meta property=\"article:published_time\" content=\"2023-06-26T11:59:21+00:00\" \/>\n<meta property=\"article:modified_time\" content=\"2024-08-20T14:55:00+00:00\" \/>\n<meta property=\"og:image\" content=\"https:\/\/storage.googleapis.com\/smartphoto-express-production-wp-blogs-com\/9\/2020\/06\/Blog_TeaBox_Teacher_FR-1.jpg\" \/>\n\t<meta property=\"og:image:width\" content=\"720\" \/>\n\t<meta property=\"og:image:height\" content=\"400\" \/>\n\t<meta property=\"og:image:type\" content=\"image\/jpeg\" \/>\n<meta name=\"author\" content=\"Caroline\" \/>\n<meta name=\"twitter:card\" content=\"summary_large_image\" \/>\n<meta name=\"twitter:creator\" content=\"@smartphoto_be\" \/>\n<meta name=\"twitter:site\" content=\"@smartphoto_be\" \/>\n<meta name=\"twitter:label1\" content=\"Written by\" \/>\n\t<meta name=\"twitter:data1\" content=\"Caroline\" \/>\n\t<meta name=\"twitter:label2\" content=\"Est. reading time\" \/>\n\t<meta name=\"twitter:data2\" content=\"6 minutes\" \/>\n<script type=\"application\/ld+json\" class=\"yoast-schema-graph\">{\"@context\":\"https:\/\/schema.org\",\"@graph\":[{\"@type\":\"WebPage\",\"@id\":\"https:\/\/www.smartphoto.be\/inspiration\/cadeau-personnalise-institutrice-belgique\",\"url\":\"https:\/\/www.smartphoto.be\/inspiration\/cadeau-personnalise-institutrice-belgique\",\"name\":\"6 id\u00e9es de cadeau personnalis\u00e9 pour l'instit' en 2023 - smartphoto BE FR\",\"isPartOf\":{\"@id\":\"https:\/\/www.smartphoto.be\/inspiration\/#website\"},\"primaryImageOfPage\":{\"@id\":\"https:\/\/www.smartphoto.be\/inspiration\/cadeau-personnalise-institutrice-belgique#primaryimage\"},\"image\":{\"@id\":\"https:\/\/www.smartphoto.be\/inspiration\/cadeau-personnalise-institutrice-belgique#primaryimage\"},\"thumbnailUrl\":\"https:\/\/storage.googleapis.com\/smartphoto-express-production-wp-blogs-com\/9\/2020\/06\/Blog_TeaBox_Teacher_FR-1.jpg\",\"datePublished\":\"2023-06-26T11:59:21+00:00\",\"dateModified\":\"2024-08-20T14:55:00+00:00\",\"author\":{\"@id\":\"https:\/\/www.smartphoto.be\/inspiration\/#\/schema\/person\/14abe7c86f4bda0d741e3ec66a39733e\"},\"breadcrumb\":{\"@id\":\"https:\/\/www.smartphoto.be\/inspiration\/cadeau-personnalise-institutrice-belgique#breadcrumb\"},\"inLanguage\":\"fr-BE\",\"potentialAction\":[{\"@type\":\"ReadAction\",\"target\":[\"https:\/\/www.smartphoto.be\/inspiration\/cadeau-personnalise-institutrice-belgique\"]}]},{\"@type\":\"ImageObject\",\"inLanguage\":\"fr-BE\",\"@id\":\"https:\/\/www.smartphoto.be\/inspiration\/cadeau-personnalise-institutrice-belgique#primaryimage\",\"url\":\"https:\/\/storage.googleapis.com\/smartphoto-express-production-wp-blogs-com\/9\/2020\/06\/Blog_TeaBox_Teacher_FR-1.jpg\",\"contentUrl\":\"https:\/\/storage.googleapis.com\/smartphoto-express-production-wp-blogs-com\/9\/2020\/06\/Blog_TeaBox_Teacher_FR-1.jpg\",\"width\":720,\"height\":400},{\"@type\":\"BreadcrumbList\",\"@id\":\"https:\/\/www.smartphoto.be\/inspiration\/cadeau-personnalise-institutrice-belgique#breadcrumb\",\"itemListElement\":[{\"@type\":\"ListItem\",\"position\":1,\"name\":\"Home\",\"item\":\"\/inspiration\/\"},{\"@type\":\"ListItem\",\"position\":2,\"name\":\"6 id\u00e9es de cadeau personnalis\u00e9 pour l&rsquo;instit&rsquo; en 2023\"}]},{\"@type\":\"WebSite\",\"@id\":\"https:\/\/www.smartphoto.be\/inspiration\/#website\",\"url\":\"https:\/\/www.smartphoto.be\/inspiration\/\",\"name\":\"smartphoto BE FR\",\"description\":\"\",\"potentialAction\":[{\"@type\":\"SearchAction\",\"target\":{\"@type\":\"EntryPoint\",\"urlTemplate\":\"https:\/\/www.smartphoto.be\/inspiration\/?s={search_term_string}\"},\"query-input\":{\"@type\":\"PropertyValueSpecification\",\"valueRequired\":true,\"valueName\":\"search_term_string\"}}],\"inLanguage\":\"fr-BE\"},{\"@type\":\"Person\",\"@id\":\"https:\/\/www.smartphoto.be\/inspiration\/#\/schema\/person\/14abe7c86f4bda0d741e3ec66a39733e\",\"name\":\"Caroline\",\"image\":{\"@type\":\"ImageObject\",\"inLanguage\":\"fr-BE\",\"@id\":\"https:\/\/www.smartphoto.be\/inspiration\/#\/schema\/person\/image\/\",\"url\":\"https:\/\/secure.gravatar.com\/avatar\/3bf4c2775ae12d0bb3bb504b56a0508c?s=96&d=mm&r=g\",\"contentUrl\":\"https:\/\/secure.gravatar.com\/avatar\/3bf4c2775ae12d0bb3bb504b56a0508c?s=96&d=mm&r=g\",\"caption\":\"Caroline\"},\"description\":\"Des id\u00e9es cr\u00e9atives pour vous inspirer, des sujets qui vous aident vraiment dans votre quotidien, voil\u00e0 ce que j'esp\u00e8re partager avec vous via ce blog. Quand je ne blogue pas pour smartphoto, je profites de bons moments en famille avec mon ch\u00e9ri et mes enfants, ou j'\u00e9tudie et je pratique le yoga.\",\"sameAs\":[\"http:\/\/www.smartphoto.fr\/inspiration\",\"https:\/\/www.instagram.com\/smartphoto_fr\/\"],\"url\":\"https:\/\/www.smartphoto.be\/inspiration\/author\/caroline\"}]}<\/script>\n<!-- \/ Yoast SEO plugin. -->","yoast_head_json":{"title":"6 id\u00e9es de cadeau personnalis\u00e9 pour l'instit' en 2023 - smartphoto BE FR","robots":{"index":"index","follow":"follow","max-snippet":"max-snippet:-1","max-image-preview":"max-image-preview:large","max-video-preview":"max-video-preview:-1"},"canonical":"https:\/\/www.smartphoto.be\/inspiration\/cadeau-personnalise-institutrice-belgique","og_locale":"fr_FR","og_type":"article","og_title":"6 id\u00e9es de cadeau personnalis\u00e9 pour l'instit' en 2023 - smartphoto BE FR","og_description":"Plus que jamais, les instits m\u00e9ritent un joli cadeau personnalis\u00e9 de fin d'ann\u00e9e scolaire !","og_url":"https:\/\/www.smartphoto.be\/inspiration\/cadeau-personnalise-institutrice-belgique","og_site_name":"smartphoto BE FR","article_publisher":"https:\/\/www.facebook.com\/smartphoto.be\/","article_published_time":"2023-06-26T11:59:21+00:00","article_modified_time":"2024-08-20T14:55:00+00:00","og_image":[{"width":720,"height":400,"url":"https:\/\/storage.googleapis.com\/smartphoto-express-production-wp-blogs-com\/9\/2020\/06\/Blog_TeaBox_Teacher_FR-1.jpg","type":"image\/jpeg"}],"author":"Caroline","twitter_card":"summary_large_image","twitter_creator":"@smartphoto_be","twitter_site":"@smartphoto_be","twitter_misc":{"Written by":"Caroline","Est. reading time":"6 minutes"},"schema":{"@context":"https:\/\/schema.org","@graph":[{"@type":"WebPage","@id":"https:\/\/www.smartphoto.be\/inspiration\/cadeau-personnalise-institutrice-belgique","url":"https:\/\/www.smartphoto.be\/inspiration\/cadeau-personnalise-institutrice-belgique","name":"6 id\u00e9es de cadeau personnalis\u00e9 pour l'instit' en 2023 - smartphoto BE FR","isPartOf":{"@id":"https:\/\/www.smartphoto.be\/inspiration\/#website"},"primaryImageOfPage":{"@id":"https:\/\/www.smartphoto.be\/inspiration\/cadeau-personnalise-institutrice-belgique#primaryimage"},"image":{"@id":"https:\/\/www.smartphoto.be\/inspiration\/cadeau-personnalise-institutrice-belgique#primaryimage"},"thumbnailUrl":"https:\/\/storage.googleapis.com\/smartphoto-express-production-wp-blogs-com\/9\/2020\/06\/Blog_TeaBox_Teacher_FR-1.jpg","datePublished":"2023-06-26T11:59:21+00:00","dateModified":"2024-08-20T14:55:00+00:00","author":{"@id":"https:\/\/www.smartphoto.be\/inspiration\/#\/schema\/person\/14abe7c86f4bda0d741e3ec66a39733e"},"breadcrumb":{"@id":"https:\/\/www.smartphoto.be\/inspiration\/cadeau-personnalise-institutrice-belgique#breadcrumb"},"inLanguage":"fr-BE","potentialAction":[{"@type":"ReadAction","target":["https:\/\/www.smartphoto.be\/inspiration\/cadeau-personnalise-institutrice-belgique"]}]},{"@type":"ImageObject","inLanguage":"fr-BE","@id":"https:\/\/www.smartphoto.be\/inspiration\/cadeau-personnalise-institutrice-belgique#primaryimage","url":"https:\/\/storage.googleapis.com\/smartphoto-express-production-wp-blogs-com\/9\/2020\/06\/Blog_TeaBox_Teacher_FR-1.jpg","contentUrl":"https:\/\/storage.googleapis.com\/smartphoto-express-production-wp-blogs-com\/9\/2020\/06\/Blog_TeaBox_Teacher_FR-1.jpg","width":720,"height":400},{"@type":"BreadcrumbList","@id":"https:\/\/www.smartphoto.be\/inspiration\/cadeau-personnalise-institutrice-belgique#breadcrumb","itemListElement":[{"@type":"ListItem","position":1,"name":"Home","item":"\/inspiration\/"},{"@type":"ListItem","position":2,"name":"6 id\u00e9es de cadeau personnalis\u00e9 pour l&rsquo;instit&rsquo; en 2023"}]},{"@type":"WebSite","@id":"https:\/\/www.smartphoto.be\/inspiration\/#website","url":"https:\/\/www.smartphoto.be\/inspiration\/","name":"smartphoto BE FR","description":"","potentialAction":[{"@type":"SearchAction","target":{"@type":"EntryPoint","urlTemplate":"https:\/\/www.smartphoto.be\/inspiration\/?s={search_term_string}"},"query-input":{"@type":"PropertyValueSpecification","valueRequired":true,"valueName":"search_term_string"}}],"inLanguage":"fr-BE"},{"@type":"Person","@id":"https:\/\/www.smartphoto.be\/inspiration\/#\/schema\/person\/14abe7c86f4bda0d741e3ec66a39733e","name":"Caroline","image":{"@type":"ImageObject","inLanguage":"fr-BE","@id":"https:\/\/www.smartphoto.be\/inspiration\/#\/schema\/person\/image\/","url":"https:\/\/secure.gravatar.com\/avatar\/3bf4c2775ae12d0bb3bb504b56a0508c?s=96&d=mm&r=g","contentUrl":"https:\/\/secure.gravatar.com\/avatar\/3bf4c2775ae12d0bb3bb504b56a0508c?s=96&d=mm&r=g","caption":"Caroline"},"description":"Des id\u00e9es cr\u00e9atives pour vous inspirer, des sujets qui vous aident vraiment dans votre quotidien, voil\u00e0 ce que j'esp\u00e8re partager avec vous via ce blog. Quand je ne blogue pas pour smartphoto, je profites de bons moments en famille avec mon ch\u00e9ri et mes enfants, ou j'\u00e9tudie et je pratique le yoga.","sameAs":["http:\/\/www.smartphoto.fr\/inspiration","https:\/\/www.instagram.com\/smartphoto_fr\/"],"url":"https:\/\/www.smartphoto.be\/inspiration\/author\/caroline"}]}},"_links":{"self":[{"href":"https:\/\/www.smartphoto.be\/inspiration\/wp-json\/wp\/v2\/posts\/42277","targetHints":{"allow":["GET"]}}],"collection":[{"href":"https:\/\/www.smartphoto.be\/inspiration\/wp-json\/wp\/v2\/posts"}],"about":[{"href":"https:\/\/www.smartphoto.be\/inspiration\/wp-json\/wp\/v2\/types\/post"}],"author":[{"embeddable":true,"href":"https:\/\/www.smartphoto.be\/inspiration\/wp-json\/wp\/v2\/users\/39"}],"replies":[{"embeddable":true,"href":"https:\/\/www.smartphoto.be\/inspiration\/wp-json\/wp\/v2\/comments?post=42277"}],"version-history":[{"count":12,"href":"https:\/\/www.smartphoto.be\/inspiration\/wp-json\/wp\/v2\/posts\/42277\/revisions"}],"predecessor-version":[{"id":45096,"href":"https:\/\/www.smartphoto.be\/inspiration\/wp-json\/wp\/v2\/posts\/42277\/revisions\/45096"}],"wp:featuredmedia":[{"embeddable":true,"href":"https:\/\/www.smartphoto.be\/inspiration\/wp-json\/wp\/v2\/media\/42292"}],"wp:attachment":[{"href":"https:\/\/www.smartphoto.be\/inspiration\/wp-json\/wp\/v2\/media?parent=42277"}],"wp:term":[{"taxonomy":"category","embeddable":true,"href":"https:\/\/www.smartphoto.be\/inspiration\/wp-json\/wp\/v2\/categories?post=42277"},{"taxonomy":"post_tag","embeddable":true,"href":"https:\/\/www.smartphoto.be\/inspiration\/wp-json\/wp\/v2\/tags?post=42277"}],"curies":[{"name":"wp","href":"https:\/\/api.w.org\/{rel}","templated":true}]}}