{"id":37941,"date":"2017-05-20T13:02:04","date_gmt":"2017-05-20T13:02:04","guid":{"rendered":"\/inspiration\/?p=37941"},"modified":"2022-01-11T13:13:54","modified_gmt":"2022-01-11T12:13:54","slug":"porte-cle-fete-des-peres","status":"publish","type":"post","link":"https:\/\/www.smartphoto.be\/inspiration\/porte-cle-fete-des-peres","title":{"rendered":"Le porte-cl\u00e9s f\u00eate des p\u00e8res : ce petit cadeau sous estim\u00e9"},"content":{"rendered":"<h3><strong>Porte-cl\u00e9s f\u00eate des p\u00e8res<\/strong><\/h3>\n<p><span style=\"font-weight: 400\">Vous cherchez une id\u00e9e cadeau originale et rapide ? D\u00e9couvrez nos porte-cl\u00e9s personnalis\u00e9s pour la f\u00eate des p\u00e8res.<\/span><\/p>\n<p><span style=\"font-weight: 400\">Nos m\u00e9ninges sont parfois \u00e0 court d\u2019id\u00e9es quand il s\u2019agit d\u2019id\u00e9es cadeaux ! On est tous pass\u00e9 par l\u00e0 :-). Heureusement, au 21<\/span><span style=\"font-weight: 400\">e <\/span><span style=\"font-weight: 400\">&nbsp;si\u00e8cle, internet est l\u00e0 pour nous aider. L\u2019entraide est totale pour trouver de l\u2019<strong>inspiration pour les cadeaux de f\u00eate des p\u00e8res<\/strong> : les blogs, pinterest, \u2026 <\/span><\/p>\n<h2><span style=\"font-weight: 400\">D\u00e9couvrez comment r\u00e9aliser facilement un joli porte-cl\u00e9s f\u00eate des p\u00e8res.<\/span><\/h2>\n<p><a href=\"https:\/\/www.smartphoto.be\/fr\/cadeaux-photo\/porte-cles-alu?utm_source=blog&amp;utm_medium=social&amp;utm_campaign=porteclefetedesperes\" target=\"_blank\" rel=\"noopener noreferrer\"><img loading=\"lazy\" decoding=\"async\" class=\"alignnone wp-image-37943 size-full\" src=\"https:\/\/storage.googleapis.com\/smartphoto-express-production-wp-blogs-com\/9\/2017\/05\/porte-cle-fete-des-peres-personnalise.jpg\" alt=\"porte-cl\u00e9 f\u00eate des p\u00e8res\" width=\"1000\" height=\"667\" srcset=\"https:\/\/storage.googleapis.com\/smartphoto-express-production-wp-blogs-com\/9\/2017\/05\/porte-cle-fete-des-peres-personnalise.jpg 1000w, https:\/\/storage.googleapis.com\/smartphoto-express-production-wp-blogs-com\/9\/2017\/05\/porte-cle-fete-des-peres-personnalise-300x200.jpg 300w, https:\/\/storage.googleapis.com\/smartphoto-express-production-wp-blogs-com\/9\/2017\/05\/porte-cle-fete-des-peres-personnalise-768x512.jpg 768w\" sizes=\"auto, (max-width: 1000px) 100vw, 1000px\" \/><\/a><\/p>\n<p><span style=\"font-weight: 400\">Ca para\u00eet tout b\u00eate comme \u00e7a, mais votre papa se sert de ses cl\u00e9s au moins deux fois par jour et tout le monde a besoin d\u2019un (voire de beaucoup) de porte-cl\u00e9s. On pense souvent \u00e0 acheter un porte-cl\u00e9s quand on est en vacances pour garder un souvenir de la ville visit\u00e9e. Malheureusement, ceux-ci ne sont pas \u00e9ternels. Cette ann\u00e9e prenez de l\u2019avance et <strong>offrez un porte-cl\u00e9s f\u00eate des p\u00e8res \u00e0 votre papa<\/strong>.<\/span><\/p>\n<p><a href=\"https:\/\/www.smartphoto.be\/fr\/cadeaux-photo\/porte-cle-photo?utm_source=blog&amp;utm_medium=social&amp;utm_campaign=porteclefetedesperes\" target=\"_blank\" rel=\"noopener noreferrer\"><img loading=\"lazy\" decoding=\"async\" class=\"alignnone wp-image-37942 size-full\" src=\"https:\/\/storage.googleapis.com\/smartphoto-express-production-wp-blogs-com\/9\/2017\/05\/porte-cle-fete-des-peres-4.jpg\" alt=\"porte-cl\u00e9 f\u00eate des p\u00e8res\" width=\"720\" height=\"377\" srcset=\"https:\/\/storage.googleapis.com\/smartphoto-express-production-wp-blogs-com\/9\/2017\/05\/porte-cle-fete-des-peres-4.jpg 720w, https:\/\/storage.googleapis.com\/smartphoto-express-production-wp-blogs-com\/9\/2017\/05\/porte-cle-fete-des-peres-4-300x157.jpg 300w\" sizes=\"auto, (max-width: 720px) 100vw, 720px\" \/><\/a><\/p>\n<p><span style=\"font-weight: 400\">C\u2019est tellement plus qu\u2019un simple porte-cl\u00e9s, il est personnalis\u00e9 ! Les papas ne sont g\u00e9n\u00e9ralement pas aussi d\u00e9monstratifs que les mamans. Voil\u00e0 un bon moyen pour votre papa d\u2019avoir une photo de vous, de famille, de ses enfants sur lui \u00e0 tout moment et en toute discr\u00e9tion \ud83d\ude09<\/span><\/p>\n<p><a href=\"https:\/\/www.smartphoto.be\/fr\/cadeaux-photo\/porte-cles-alu?utm_source=blog&amp;utm_medium=social&amp;utm_campaign=porteclefetedesperes\" target=\"_blank\" rel=\"noopener noreferrer\"><img loading=\"lazy\" decoding=\"async\" class=\"alignnone wp-image-37945 size-full\" src=\"https:\/\/storage.googleapis.com\/smartphoto-express-production-wp-blogs-com\/9\/2017\/05\/porte-cle-fete-des-peres-3.jpg\" alt=\"porte-cl\u00e9 f\u00eate des p\u00e8res\" width=\"720\" height=\"377\" srcset=\"https:\/\/storage.googleapis.com\/smartphoto-express-production-wp-blogs-com\/9\/2017\/05\/porte-cle-fete-des-peres-3.jpg 720w, https:\/\/storage.googleapis.com\/smartphoto-express-production-wp-blogs-com\/9\/2017\/05\/porte-cle-fete-des-peres-3-300x157.jpg 300w\" sizes=\"auto, (max-width: 720px) 100vw, 720px\" \/><\/a><\/p>\n<p><span style=\"font-weight: 400\">Pour pousser la personnalisation encore plus loin, sur smartphoto vous avez le choix entre 3 types de porte-cl\u00e9s pour la f\u00eate des p\u00e8res : le <a href=\"https:\/\/www.smartphoto.be\/fr\/cadeaux-photo\/porte-cles-alu\">porte-cl\u00e9s alu ovale ou rectangulaire <\/a>et le <a href=\"https:\/\/www.smartphoto.be\/fr\/cadeaux-photo\/porte-cle-photo\">porte-cl\u00e9s classique<\/a>. Une fois que vous avez s\u00e9lectionnez votre mod\u00e8le pr\u00e9f\u00e9r\u00e9, choisissez parmi les 18 designs propos\u00e9s, celui qui mettra le plus en valeur votre photo !<\/span><\/p>\n<h2>Porte-cl\u00e9s f\u00eate des p\u00e8res : le petit cadeau en plus<\/h2>\n<p><span style=\"font-weight: 400\">Vous cherchez d\u2019autres chouettes id\u00e9es cadeaux pour g\u00e2ter votre papa pour la f\u00eate des p\u00e8res ? D\u00e9couvrez notre <a href=\"https:\/\/www.smartphoto.be\/fr\/cadeau-fete-des-peres-personnalise\">boutique sp\u00e9ciale f\u00eate des p\u00e8res<\/a>. C\u2019est sa premi\u00e8re f\u00eate des p\u00e8res ? D\u00e9couvrez notre article <a href=\"\/inspiration\/premiere-fete-des-peres?utm_source=blog&amp;utm_medium=social&amp;utm_campaign=porteclefetedesperes\">id\u00e9es cadeaux sp\u00e9cialement pens\u00e9es pour les jeunes papas<\/a>. Et si vous voulez fabriquer vous-m\u00eame son cadeau, d\u00e9couvrez <a href=\"\/inspiration\/bricolage-fete-des-peres?utm_source=blog&amp;utm_medium=social&amp;utm_campaign=porteclefetedesperes\">notre DIY cachette magique<\/a>.<\/span><\/p>\n","protected":false},"excerpt":{"rendered":"<p>Porte-cl\u00e9s f\u00eate des p\u00e8res Vous cherchez une id\u00e9e cadeau originale et rapide ? D\u00e9couvrez nos porte-cl\u00e9s personnalis\u00e9s pour la f\u00eate des p\u00e8res. Nos m\u00e9ninges sont parfois \u00e0 court d\u2019id\u00e9es quand il s\u2019agit d\u2019id\u00e9es cadeaux ! On est tous pass\u00e9 par l\u00e0 :-). Heureusement, au 21e &nbsp;si\u00e8cle, internet est l\u00e0 pour nous aider. L\u2019entraide est totale pour trouver de l\u2019inspiration pour les cadeaux de f\u00eate des p\u00e8res : les blogs, pinterest, \u2026 D\u00e9couvrez comment r\u00e9aliser facilement un joli porte-cl\u00e9s f\u00eate des p\u00e8res. Ca para\u00eet tout b\u00eate comme \u00e7a, mais votre papa se sert de ses cl\u00e9s au moins deux fois par<\/p>\n","protected":false},"author":10,"featured_media":37943,"comment_status":"open","ping_status":"open","sticky":false,"template":"","format":"standard","meta":{"om_disable_all_campaigns":false,"_monsterinsights_skip_tracking":false,"_monsterinsights_sitenote_active":false,"_monsterinsights_sitenote_note":"","_monsterinsights_sitenote_category":0,"footnotes":""},"categories":[102],"tags":[],"class_list":["post-37941","post","type-post","status-publish","format-standard","has-post-thumbnail","hentry","category-fete-des-peres"],"yoast_head":"<!-- This site is optimized with the Yoast SEO plugin v23.8 - https:\/\/yoast.com\/wordpress\/plugins\/seo\/ -->\n<title>Le porte-cl\u00e9 f\u00eate des p\u00e8res : le petit cadeau sous-estim\u00e9<\/title>\n<meta name=\"description\" content=\"Vous cherchez une id\u00e9e cadeau originale et rapide ? D\u00e9couvrez comment r\u00e9aliser facilement un joli porte-cl\u00e9 f\u00eate des p\u00e8res personnalis\u00e9 !\" \/>\n<meta name=\"robots\" content=\"index, follow, max-snippet:-1, max-image-preview:large, max-video-preview:-1\" \/>\n<link rel=\"canonical\" href=\"https:\/\/www.smartphoto.be\/inspiration\/porte-cle-fete-des-peres\" \/>\n<meta property=\"og:locale\" content=\"fr_FR\" \/>\n<meta property=\"og:type\" content=\"article\" \/>\n<meta property=\"og:title\" content=\"Le porte-cl\u00e9 f\u00eate des p\u00e8res : le petit cadeau sous-estim\u00e9\" \/>\n<meta property=\"og:description\" content=\"Vous cherchez une id\u00e9e cadeau originale et rapide ? D\u00e9couvrez comment r\u00e9aliser facilement un joli porte-cl\u00e9 f\u00eate des p\u00e8res personnalis\u00e9 !\" \/>\n<meta property=\"og:url\" content=\"\/inspiration\/porte-cle-fete-des-peres\" \/>\n<meta property=\"og:site_name\" content=\"smartphoto BE FR\" \/>\n<meta property=\"article:publisher\" content=\"https:\/\/www.facebook.com\/smartphoto.be\/\" \/>\n<meta property=\"article:published_time\" content=\"2017-05-20T13:02:04+00:00\" \/>\n<meta property=\"article:modified_time\" content=\"2022-01-11T12:13:54+00:00\" \/>\n<meta property=\"og:image\" content=\"https:\/\/storage.googleapis.com\/smartphoto-express-production-wp-blogs-com\/9\/2017\/05\/porte-cle-fete-des-peres-personnalise.jpg\" \/>\n\t<meta property=\"og:image:width\" content=\"1000\" \/>\n\t<meta property=\"og:image:height\" content=\"667\" \/>\n\t<meta property=\"og:image:type\" content=\"image\/jpeg\" \/>\n<meta name=\"author\" content=\"Claire\" \/>\n<meta name=\"twitter:card\" content=\"summary_large_image\" \/>\n<meta name=\"twitter:creator\" content=\"@smartphoto_be\" \/>\n<meta name=\"twitter:site\" content=\"@smartphoto_be\" \/>\n<meta name=\"twitter:label1\" content=\"Written by\" \/>\n\t<meta name=\"twitter:data1\" content=\"Claire\" \/>\n\t<meta name=\"twitter:label2\" content=\"Est. reading time\" \/>\n\t<meta name=\"twitter:data2\" content=\"2 minutes\" \/>\n<script type=\"application\/ld+json\" class=\"yoast-schema-graph\">{\"@context\":\"https:\/\/schema.org\",\"@graph\":[{\"@type\":\"WebPage\",\"@id\":\"\/inspiration\/porte-cle-fete-des-peres\",\"url\":\"https:\/\/www.smartphoto.be\/inspiration\/porte-cle-fete-des-peres\",\"name\":\"Le porte-cl\u00e9 f\u00eate des p\u00e8res : le petit cadeau sous-estim\u00e9\",\"isPartOf\":{\"@id\":\"https:\/\/www.smartphoto.be\/inspiration\/#website\"},\"primaryImageOfPage\":{\"@id\":\"https:\/\/www.smartphoto.be\/inspiration\/porte-cle-fete-des-peres#primaryimage\"},\"image\":{\"@id\":\"https:\/\/www.smartphoto.be\/inspiration\/porte-cle-fete-des-peres#primaryimage\"},\"thumbnailUrl\":\"https:\/\/storage.googleapis.com\/smartphoto-express-production-wp-blogs-com\/9\/2017\/05\/porte-cle-fete-des-peres-personnalise.jpg\",\"datePublished\":\"2017-05-20T13:02:04+00:00\",\"dateModified\":\"2022-01-11T12:13:54+00:00\",\"author\":{\"@id\":\"https:\/\/www.smartphoto.be\/inspiration\/#\/schema\/person\/b743c2a89fcff4d18195130bb0259ffe\"},\"description\":\"Vous cherchez une id\u00e9e cadeau originale et rapide ? D\u00e9couvrez comment r\u00e9aliser facilement un joli porte-cl\u00e9 f\u00eate des p\u00e8res personnalis\u00e9 !\",\"breadcrumb\":{\"@id\":\"https:\/\/www.smartphoto.be\/inspiration\/porte-cle-fete-des-peres#breadcrumb\"},\"inLanguage\":\"fr-BE\",\"potentialAction\":[{\"@type\":\"ReadAction\",\"target\":[\"https:\/\/www.smartphoto.be\/inspiration\/porte-cle-fete-des-peres\"]}]},{\"@type\":\"ImageObject\",\"inLanguage\":\"fr-BE\",\"@id\":\"https:\/\/www.smartphoto.be\/inspiration\/porte-cle-fete-des-peres#primaryimage\",\"url\":\"https:\/\/storage.googleapis.com\/smartphoto-express-production-wp-blogs-com\/9\/2017\/05\/porte-cle-fete-des-peres-personnalise.jpg\",\"contentUrl\":\"https:\/\/storage.googleapis.com\/smartphoto-express-production-wp-blogs-com\/9\/2017\/05\/porte-cle-fete-des-peres-personnalise.jpg\",\"width\":1000,\"height\":667,\"caption\":\"porte-cl\u00e9 f\u00eate des p\u00e8res\"},{\"@type\":\"BreadcrumbList\",\"@id\":\"https:\/\/www.smartphoto.be\/inspiration\/porte-cle-fete-des-peres#breadcrumb\",\"itemListElement\":[{\"@type\":\"ListItem\",\"position\":1,\"name\":\"Home\",\"item\":\"\/inspiration\/\"},{\"@type\":\"ListItem\",\"position\":2,\"name\":\"Le porte-cl\u00e9s f\u00eate des p\u00e8res : ce petit cadeau sous estim\u00e9\"}]},{\"@type\":\"WebSite\",\"@id\":\"https:\/\/www.smartphoto.be\/inspiration\/#website\",\"url\":\"https:\/\/www.smartphoto.be\/inspiration\/\",\"name\":\"smartphoto BE FR\",\"description\":\"\",\"potentialAction\":[{\"@type\":\"SearchAction\",\"target\":{\"@type\":\"EntryPoint\",\"urlTemplate\":\"https:\/\/www.smartphoto.be\/inspiration\/?s={search_term_string}\"},\"query-input\":{\"@type\":\"PropertyValueSpecification\",\"valueRequired\":true,\"valueName\":\"search_term_string\"}}],\"inLanguage\":\"fr-BE\"},{\"@type\":\"Person\",\"@id\":\"https:\/\/www.smartphoto.be\/inspiration\/#\/schema\/person\/b743c2a89fcff4d18195130bb0259ffe\",\"name\":\"Claire\",\"image\":{\"@type\":\"ImageObject\",\"inLanguage\":\"fr-BE\",\"@id\":\"https:\/\/www.smartphoto.be\/inspiration\/#\/schema\/person\/image\/\",\"url\":\"https:\/\/secure.gravatar.com\/avatar\/9f27a09fb8046031a47a9f22ce0ca8e9?s=96&d=mm&r=g\",\"contentUrl\":\"https:\/\/secure.gravatar.com\/avatar\/9f27a09fb8046031a47a9f22ce0ca8e9?s=96&d=mm&r=g\",\"caption\":\"Claire\"},\"description\":\"Claire, 26 ans, passionn\u00e9e de voyages et de danse. J\u2019adore d\u00e9nicher les nouveaut\u00e9s DIY et d\u00e9coration. Je blogue pour smartphoto les astuces \u00e0 r\u00e9aliser avec vos photos.\",\"url\":\"https:\/\/www.smartphoto.be\/inspiration\/author\/claire\"}]}<\/script>\n<!-- \/ Yoast SEO plugin. -->","yoast_head_json":{"title":"Le porte-cl\u00e9 f\u00eate des p\u00e8res : le petit cadeau sous-estim\u00e9","description":"Vous cherchez une id\u00e9e cadeau originale et rapide ? D\u00e9couvrez comment r\u00e9aliser facilement un joli porte-cl\u00e9 f\u00eate des p\u00e8res personnalis\u00e9 !","robots":{"index":"index","follow":"follow","max-snippet":"max-snippet:-1","max-image-preview":"max-image-preview:large","max-video-preview":"max-video-preview:-1"},"canonical":"https:\/\/www.smartphoto.be\/inspiration\/porte-cle-fete-des-peres","og_locale":"fr_FR","og_type":"article","og_title":"Le porte-cl\u00e9 f\u00eate des p\u00e8res : le petit cadeau sous-estim\u00e9","og_description":"Vous cherchez une id\u00e9e cadeau originale et rapide ? D\u00e9couvrez comment r\u00e9aliser facilement un joli porte-cl\u00e9 f\u00eate des p\u00e8res personnalis\u00e9 !","og_url":"\/inspiration\/porte-cle-fete-des-peres","og_site_name":"smartphoto BE FR","article_publisher":"https:\/\/www.facebook.com\/smartphoto.be\/","article_published_time":"2017-05-20T13:02:04+00:00","article_modified_time":"2022-01-11T12:13:54+00:00","og_image":[{"width":1000,"height":667,"url":"https:\/\/storage.googleapis.com\/smartphoto-express-production-wp-blogs-com\/9\/2017\/05\/porte-cle-fete-des-peres-personnalise.jpg","type":"image\/jpeg"}],"author":"Claire","twitter_card":"summary_large_image","twitter_creator":"@smartphoto_be","twitter_site":"@smartphoto_be","twitter_misc":{"Written by":"Claire","Est. reading time":"2 minutes"},"schema":{"@context":"https:\/\/schema.org","@graph":[{"@type":"WebPage","@id":"\/inspiration\/porte-cle-fete-des-peres","url":"https:\/\/www.smartphoto.be\/inspiration\/porte-cle-fete-des-peres","name":"Le porte-cl\u00e9 f\u00eate des p\u00e8res : le petit cadeau sous-estim\u00e9","isPartOf":{"@id":"https:\/\/www.smartphoto.be\/inspiration\/#website"},"primaryImageOfPage":{"@id":"https:\/\/www.smartphoto.be\/inspiration\/porte-cle-fete-des-peres#primaryimage"},"image":{"@id":"https:\/\/www.smartphoto.be\/inspiration\/porte-cle-fete-des-peres#primaryimage"},"thumbnailUrl":"https:\/\/storage.googleapis.com\/smartphoto-express-production-wp-blogs-com\/9\/2017\/05\/porte-cle-fete-des-peres-personnalise.jpg","datePublished":"2017-05-20T13:02:04+00:00","dateModified":"2022-01-11T12:13:54+00:00","author":{"@id":"https:\/\/www.smartphoto.be\/inspiration\/#\/schema\/person\/b743c2a89fcff4d18195130bb0259ffe"},"description":"Vous cherchez une id\u00e9e cadeau originale et rapide ? D\u00e9couvrez comment r\u00e9aliser facilement un joli porte-cl\u00e9 f\u00eate des p\u00e8res personnalis\u00e9 !","breadcrumb":{"@id":"https:\/\/www.smartphoto.be\/inspiration\/porte-cle-fete-des-peres#breadcrumb"},"inLanguage":"fr-BE","potentialAction":[{"@type":"ReadAction","target":["https:\/\/www.smartphoto.be\/inspiration\/porte-cle-fete-des-peres"]}]},{"@type":"ImageObject","inLanguage":"fr-BE","@id":"https:\/\/www.smartphoto.be\/inspiration\/porte-cle-fete-des-peres#primaryimage","url":"https:\/\/storage.googleapis.com\/smartphoto-express-production-wp-blogs-com\/9\/2017\/05\/porte-cle-fete-des-peres-personnalise.jpg","contentUrl":"https:\/\/storage.googleapis.com\/smartphoto-express-production-wp-blogs-com\/9\/2017\/05\/porte-cle-fete-des-peres-personnalise.jpg","width":1000,"height":667,"caption":"porte-cl\u00e9 f\u00eate des p\u00e8res"},{"@type":"BreadcrumbList","@id":"https:\/\/www.smartphoto.be\/inspiration\/porte-cle-fete-des-peres#breadcrumb","itemListElement":[{"@type":"ListItem","position":1,"name":"Home","item":"\/inspiration\/"},{"@type":"ListItem","position":2,"name":"Le porte-cl\u00e9s f\u00eate des p\u00e8res : ce petit cadeau sous estim\u00e9"}]},{"@type":"WebSite","@id":"https:\/\/www.smartphoto.be\/inspiration\/#website","url":"https:\/\/www.smartphoto.be\/inspiration\/","name":"smartphoto BE FR","description":"","potentialAction":[{"@type":"SearchAction","target":{"@type":"EntryPoint","urlTemplate":"https:\/\/www.smartphoto.be\/inspiration\/?s={search_term_string}"},"query-input":{"@type":"PropertyValueSpecification","valueRequired":true,"valueName":"search_term_string"}}],"inLanguage":"fr-BE"},{"@type":"Person","@id":"https:\/\/www.smartphoto.be\/inspiration\/#\/schema\/person\/b743c2a89fcff4d18195130bb0259ffe","name":"Claire","image":{"@type":"ImageObject","inLanguage":"fr-BE","@id":"https:\/\/www.smartphoto.be\/inspiration\/#\/schema\/person\/image\/","url":"https:\/\/secure.gravatar.com\/avatar\/9f27a09fb8046031a47a9f22ce0ca8e9?s=96&d=mm&r=g","contentUrl":"https:\/\/secure.gravatar.com\/avatar\/9f27a09fb8046031a47a9f22ce0ca8e9?s=96&d=mm&r=g","caption":"Claire"},"description":"Claire, 26 ans, passionn\u00e9e de voyages et de danse. J\u2019adore d\u00e9nicher les nouveaut\u00e9s DIY et d\u00e9coration. Je blogue pour smartphoto les astuces \u00e0 r\u00e9aliser avec vos photos.","url":"https:\/\/www.smartphoto.be\/inspiration\/author\/claire"}]}},"_links":{"self":[{"href":"https:\/\/www.smartphoto.be\/inspiration\/wp-json\/wp\/v2\/posts\/37941","targetHints":{"allow":["GET"]}}],"collection":[{"href":"https:\/\/www.smartphoto.be\/inspiration\/wp-json\/wp\/v2\/posts"}],"about":[{"href":"https:\/\/www.smartphoto.be\/inspiration\/wp-json\/wp\/v2\/types\/post"}],"author":[{"embeddable":true,"href":"https:\/\/www.smartphoto.be\/inspiration\/wp-json\/wp\/v2\/users\/10"}],"replies":[{"embeddable":true,"href":"https:\/\/www.smartphoto.be\/inspiration\/wp-json\/wp\/v2\/comments?post=37941"}],"version-history":[{"count":9,"href":"https:\/\/www.smartphoto.be\/inspiration\/wp-json\/wp\/v2\/posts\/37941\/revisions"}],"predecessor-version":[{"id":43304,"href":"https:\/\/www.smartphoto.be\/inspiration\/wp-json\/wp\/v2\/posts\/37941\/revisions\/43304"}],"wp:featuredmedia":[{"embeddable":true,"href":"https:\/\/www.smartphoto.be\/inspiration\/wp-json\/wp\/v2\/media\/37943"}],"wp:attachment":[{"href":"https:\/\/www.smartphoto.be\/inspiration\/wp-json\/wp\/v2\/media?parent=37941"}],"wp:term":[{"taxonomy":"category","embeddable":true,"href":"https:\/\/www.smartphoto.be\/inspiration\/wp-json\/wp\/v2\/categories?post=37941"},{"taxonomy":"post_tag","embeddable":true,"href":"https:\/\/www.smartphoto.be\/inspiration\/wp-json\/wp\/v2\/tags?post=37941"}],"curies":[{"name":"wp","href":"https:\/\/api.w.org\/{rel}","templated":true}]}}