{"id":37916,"date":"2022-05-16T18:52:30","date_gmt":"2022-05-16T16:52:30","guid":{"rendered":"\/inspiration\/?p=37916"},"modified":"2022-05-19T15:52:40","modified_gmt":"2022-05-19T13:52:40","slug":"bricolage-fete-des-peres","status":"publish","type":"post","link":"https:\/\/www.smartphoto.be\/inspiration\/bricolage-fete-des-peres","title":{"rendered":"Bricolage f\u00eate des P\u00e8res : la cachette de mon super-h\u00e9ros"},"content":{"rendered":"\n<p>Vous avez de jeunes enfants et vous souhaitez surprendre leur super papa avec un bricolage de f\u00eate des P\u00e8res ? D\u00e9couvrez cette id\u00e9e de cadeau de f\u00eate des P\u00e8res \u00e0 fabriquer facilement!<\/p>\n\n\n\n<div class=\"wp-block-image\"><figure class=\"aligncenter\"><img loading=\"lazy\" decoding=\"async\" width=\"720\" height=\"720\" src=\"https:\/\/storage.googleapis.com\/smartphoto-express-production-wp-blogs-com\/9\/2017\/05\/bricolage-fete-des-peres-6-compressed.gif\" alt=\"bricolage f\u00eate des p\u00e8res : id\u00e9e cadeau f\u00eate des p\u00e8res \u00e0 fabriquer facilement\" class=\"wp-image-37958\" \/><\/figure><\/div>\n\n\n\n<p>R\u00e9aliser des bricolages \u00e0 la maison avec ses enfants, ce n&rsquo;est pas toujours \u00e9vident. Avec peu de mat\u00e9riel, des explications claires et une m\u00e9thode qui ne salit pas toute la maison, ce bricolage-ci est un must!<\/p>\n\n\n\n<p>D\u00e9couvrez ici LE cadeau de f\u00eate des P\u00e8res hyper facile \u00e0 r\u00e9aliser avec vos loulous pour g\u00e2ter leur papa&nbsp;<strong>\u2665<\/strong><\/p>\n\n\n\n<h2 class=\"wp-block-heading\" id=\"la-cachette-du-super-heros\">La cachette du super-h\u00e9ros<\/h2>\n\n\n\n<div class=\"wp-block-image\"><figure class=\"aligncenter\"><img loading=\"lazy\" decoding=\"async\" width=\"700\" height=\"366\" src=\"https:\/\/storage.googleapis.com\/smartphoto-express-production-wp-blogs-com\/9\/2017\/05\/bricolage-fete-des-peres-5.jpg\" alt=\"bricolage f\u00eate des p\u00e8res \" class=\"wp-image-37935\" srcset=\"https:\/\/storage.googleapis.com\/smartphoto-express-production-wp-blogs-com\/9\/2017\/05\/bricolage-fete-des-peres-5.jpg 700w, https:\/\/storage.googleapis.com\/smartphoto-express-production-wp-blogs-com\/9\/2017\/05\/bricolage-fete-des-peres-5-300x157.jpg 300w\" sizes=\"auto, (max-width: 700px) 100vw, 700px\" \/><figcaption>Id\u00e9e cadeau f\u00eate des P\u00e8res \u00e0 fabriquer facilement<\/figcaption><\/figure><\/div>\n\n\n\n<p>L&rsquo;id\u00e9e de ce cadeau de f\u00eate des P\u00e8res \u00e0 fabriquer facilement, c&rsquo;est de r\u00e9aliser une bo\u00eete personnalis\u00e9e \u00e0 partir d&rsquo;un mod\u00e8le gratuit \u00e0 imprimer chez vous. Notre graphiste s&rsquo;y est donn\u00e9 \u00e0 c\u0153ur joie et cette bo\u00eete est unique. Elle c\u00e9l\u00e8bre tous les supers papas qui aiment se prendre pour ds super-h\u00e9ros. C&rsquo;est bien connu, votre papa c&rsquo;est le plus sympa, le plus dr\u00f4le ET le plus adorable !<\/p>\n\n\n\n<p>Cachez-y quelques friandises ou un mot doux, et laissez votre petit bout offrir cette bo\u00eete tr\u00e8s sp\u00e9ciale \u00e0 son papa. \u00c9motions garanties&nbsp;<strong>\u2665<\/strong><\/p>\n\n\n\n<h2 class=\"wp-block-heading\" id=\"bricolage-fete-des-peres-explications\">Bricolage f\u00eate des P\u00e8res : explications<\/h2>\n\n\n\n<div class=\"wp-block-image\"><figure class=\"aligncenter\"><img loading=\"lazy\" decoding=\"async\" width=\"700\" height=\"366\" src=\"https:\/\/storage.googleapis.com\/smartphoto-express-production-wp-blogs-com\/9\/2017\/05\/bricolage-fete-des-peres-1.jpg\" alt=\"bricolage f\u00eate des p\u00e8res : id\u00e9e cadeau f\u00eate des p\u00e8res \u00e0 fabriquer facilement\" class=\"wp-image-37936\" srcset=\"https:\/\/storage.googleapis.com\/smartphoto-express-production-wp-blogs-com\/9\/2017\/05\/bricolage-fete-des-peres-1.jpg 700w, https:\/\/storage.googleapis.com\/smartphoto-express-production-wp-blogs-com\/9\/2017\/05\/bricolage-fete-des-peres-1-300x157.jpg 300w\" sizes=\"auto, (max-width: 700px) 100vw, 700px\" \/><\/figure><\/div>\n\n\n\n<p>Pour r\u00e9aliser cette bo\u00eete vous avez uniquement besoin d&rsquo;une paire de ciseaux et de colle (ah oui, et d&rsquo;une imprimante :-)). On a chronom\u00e9tr\u00e9, \u00e7a prend moins de 10 minutes, comptez plus si vous laissez vos enfants r\u00e9aliser ce bricolage f\u00eate des P\u00e8res. Cela peut d&rsquo;ailleurs \u00eatre une bonne id\u00e9e de l&rsquo;imprimer 2 fois, au cas o\u00f9 vos enfants auraient besoin de recommencer ;-). Vous trouverez le mod\u00e8le \u00e0 t\u00e9l\u00e9charger gratuitement \u00e0 la fin de cette article.<\/p>\n\n\n\n<p>Commencez par d\u00e9couper la bo\u00eete en suivant les lignes pr\u00e9vues \u00e0 cet effet. D\u00e9coupez aussi bien les lignes qui se trouvent tout autour du bricolage f\u00eate des P\u00e8res que les lignes int\u00e9rieures sur la partie blanche \u00e0 la base du dessin (5 coupures int\u00e9rieures).<\/p>\n\n\n\n<div class=\"wp-block-image\"><figure class=\"aligncenter\"><img loading=\"lazy\" decoding=\"async\" width=\"700\" height=\"366\" src=\"https:\/\/storage.googleapis.com\/smartphoto-express-production-wp-blogs-com\/9\/2017\/05\/bricolage-fete-des-peres-2.jpg\" alt=\"id\u00e9e cadeau f\u00eate des p\u00e8res \u00e0 fabriquer facilement\" class=\"wp-image-37937\" srcset=\"https:\/\/storage.googleapis.com\/smartphoto-express-production-wp-blogs-com\/9\/2017\/05\/bricolage-fete-des-peres-2.jpg 700w, https:\/\/storage.googleapis.com\/smartphoto-express-production-wp-blogs-com\/9\/2017\/05\/bricolage-fete-des-peres-2-300x157.jpg 300w\" sizes=\"auto, (max-width: 700px) 100vw, 700px\" \/><\/figure><\/div>\n\n\n\n<p>Ensuite, marquez tous les plis de la bo\u00eete. Marquez bien les 4 petits plis en diagonales situ\u00e9s en haut du bricolage f\u00eate des P\u00e8res.<\/p>\n\n\n\n<div class=\"wp-block-image\"><figure class=\"aligncenter\"><img loading=\"lazy\" decoding=\"async\" width=\"700\" height=\"366\" src=\"https:\/\/storage.googleapis.com\/smartphoto-express-production-wp-blogs-com\/9\/2017\/05\/bricolage-fete-des-peres-3.jpg\" alt=\"bricolage f\u00eate des p\u00e8res\" class=\"wp-image-37933\" srcset=\"https:\/\/storage.googleapis.com\/smartphoto-express-production-wp-blogs-com\/9\/2017\/05\/bricolage-fete-des-peres-3.jpg 700w, https:\/\/storage.googleapis.com\/smartphoto-express-production-wp-blogs-com\/9\/2017\/05\/bricolage-fete-des-peres-3-300x157.jpg 300w\" sizes=\"auto, (max-width: 700px) 100vw, 700px\" \/><\/figure><\/div>\n\n\n\n<p>Pour finir, ajoutez la colle aux endroits indiqu\u00e9s et assemblez votre bo\u00eete surprise.<br>Pensez bien s\u00fbr \u00e0 remplir votre \u0153uvre de gourmandises avant de la refermer \ud83d\ude09 !<\/p>\n\n\n\n<div class=\"wp-block-image\"><figure class=\"aligncenter\"><img loading=\"lazy\" decoding=\"async\" width=\"700\" height=\"366\" src=\"https:\/\/storage.googleapis.com\/smartphoto-express-production-wp-blogs-com\/9\/2017\/05\/bricolage-fete-des-peres-4.jpg\" alt=\"bricolage f\u00eate des p\u00e8res\" class=\"wp-image-37934\" srcset=\"https:\/\/storage.googleapis.com\/smartphoto-express-production-wp-blogs-com\/9\/2017\/05\/bricolage-fete-des-peres-4.jpg 700w, https:\/\/storage.googleapis.com\/smartphoto-express-production-wp-blogs-com\/9\/2017\/05\/bricolage-fete-des-peres-4-300x157.jpg 300w\" sizes=\"auto, (max-width: 700px) 100vw, 700px\" \/><\/figure><\/div>\n\n\n\n<p>Petite astuce : pour une bo\u00eete plus r\u00e9sistante et tout aussi jolie, imprimez-la sur du papier plus \u00e9pais.<\/p>\n\n\n\n<p><strong>Allez hop ! Au boulot \ud83d\ude42 Vous trouverez\u00a0<a data-wplink-edit=\"true\" href=\"https:\/\/storage.googleapis.com\/smartphoto-express-production-wp-blogs-com\/9\/2017\/05\/bricolage-fete-des-peres.compressed.pdf\" target=\"_blank\" rel=\"noopener noreferrer\">notre bricolage f\u00eate des P\u00e8res \u00e0 t\u00e9l\u00e9charger ici.<\/a><\/strong> Si cela ne fonctionne pas, utilisez la version .jpg qui se trouve en bas de cet article.<\/p>\n\n\n\n<p>Pssst&#8230; vous cherchez un petit cadeau personnalis\u00e9 \u00e0 glisser \u00e0 l&rsquo;int\u00e9rieur de votre bricolage de f\u00eate des P\u00e8res ? Pensez <a href=\"https:\/\/www.smartphoto.be\/fr\/cadeaux-photo\/porte-cles-cuir\" target=\"_blank\" rel=\"noreferrer noopener\">au porte-cl\u00e9s personnalis\u00e9<\/a>. Choisissez un joli design sur le site de smartphoto, ajoutez un petit texte et passez commande en 10 minutes top chrono !<\/p>\n\n\n\n<div class=\"wp-block-image\"><figure class=\"aligncenter size-full\"><a href=\"https:\/\/www.smartphoto.be\/fr\/cadeaux-photo\/porte-cles-cuir\" target=\"_blank\" rel=\"noopener\"><img decoding=\"async\" src=\"https:\/\/storage.googleapis.com\/smartphoto-express-production-wp-blogs-com\/9\/2022\/05\/Porte-cle-cuir-personnalise-fete-des-peres-edited.jpg\" alt=\"bricolage f\u00eate des p\u00e8res - un porte-cl\u00e9 personnalis\u00e9 en 3 clics !\" class=\"wp-image-43645\" \/><\/a><\/figure><\/div>\n\n\n\n<p>PS : vous cherchez d&rsquo;autres chouettes id\u00e9es de cadeaux pour la f\u00eate des P\u00e8res ? <\/p>\n\n\n\n<ul class=\"wp-block-list\"><li>D\u00e9couvrez<a href=\"\/inspiration\/idee-fete-des-peres?utm_source=blog&amp;utm_medium=social&amp;utm_campaign=bricolagefetedesperes\"> notre DIY cadeau de derni\u00e8re minute<\/a>, <\/li><li>Explorez <a href=\"\/inspiration\/premiere-fete-des-peres\">nos id\u00e9es pour une premi\u00e8re f\u00eate des P\u00e8res <\/a><\/li><li>Trouvez comment <a href=\"\/inspiration\/t-shirt-fete-des-peres-personnalise\">personnaliser un t-shirt tendance<\/a> pour sa f\u00eate<\/li><\/ul>\n\n\n\n<p>Pour g\u00e2ter un super papa avec un cadeau personnalis\u00e9, d\u00e9couvrez notre <a href=\"https:\/\/www.smartphoto.be\/fr\/cadeau-fete-des-peres-personnalise\">boutique f\u00eate des P\u00e8res.<\/a><\/p>\n\n\n\n<p>Si vous avez d&rsquo;autres id\u00e9es de bricolage f\u00eate des P\u00e8res, n&rsquo;h\u00e9sitez pas \u00e0 les partager avec nous sur <strong><a href=\"https:\/\/www.facebook.com\/smartphoto.be\" target=\"_blank\" rel=\"noopener noreferrer\">Facebook<\/a>, <a href=\"http:\/\/instagram.com\/smartphotobe\" target=\"_blank\" rel=\"noopener noreferrer\">Instagram<\/a>, <a href=\"https:\/\/www.tiktok.com\/@smartphoto_official?lang=en\">TikTok<\/a> ou&nbsp;<a href=\"http:\/\/www.pinterest.com\/smartphotobe\/\">Pinterest<\/a>&nbsp;<\/strong>avec le #mysmartphoto !<\/p>\n\n\n\n<div class=\"wp-block-image\"><figure class=\"aligncenter size-full\"><a href=\"https:\/\/www.smartphoto.be\/fr\/cadeau-fete-des-peres-personnalise\" target=\"_blank\" rel=\"noopener\"><img loading=\"lazy\" decoding=\"async\" width=\"720\" height=\"280\" src=\"https:\/\/storage.googleapis.com\/smartphoto-express-production-wp-blogs-com\/9\/2019\/05\/CTA_Blog_FathersDay_Gifts_FR.jpg\" alt=\"bricolage f\u00eate des p\u00e8res : id\u00e9e cadeau f\u00eate des p\u00e8res \u00e0 fabriquer facilement\" class=\"wp-image-42257\" title=\"id\u00e9es cadeau f\u00eate des p\u00e8res\" srcset=\"https:\/\/storage.googleapis.com\/smartphoto-express-production-wp-blogs-com\/9\/2019\/05\/CTA_Blog_FathersDay_Gifts_FR.jpg 720w, https:\/\/storage.googleapis.com\/smartphoto-express-production-wp-blogs-com\/9\/2019\/05\/CTA_Blog_FathersDay_Gifts_FR-300x117.jpg 300w\" sizes=\"auto, (max-width: 720px) 100vw, 720px\" \/><\/a><\/figure><\/div>\n\n\n\n<figure class=\"wp-block-image size-full is-resized is-style-default\"><a href=\"https:\/\/storage.googleapis.com\/smartphoto-express-production-wp-blogs-com\/9\/2022\/05\/bricolage-fete-des-peres.compressed1024_1.jpg\"><img loading=\"lazy\" decoding=\"async\" src=\"https:\/\/storage.googleapis.com\/smartphoto-express-production-wp-blogs-com\/9\/2022\/05\/bricolage-fete-des-peres.compressed1024_1.jpg\" alt=\"Vous souhaitez surprendre un super papa pour sa f\u00eate ? R\u00e9alisez notre bricolage f\u00eate des p\u00e8res super facilement avec vos enfants\" class=\"wp-image-43674\" width=\"840\" height=\"595\" srcset=\"https:\/\/storage.googleapis.com\/smartphoto-express-production-wp-blogs-com\/9\/2022\/05\/bricolage-fete-des-peres.compressed1024_1.jpg 1024w, https:\/\/storage.googleapis.com\/smartphoto-express-production-wp-blogs-com\/9\/2022\/05\/bricolage-fete-des-peres.compressed1024_1-300x213.jpg 300w, https:\/\/storage.googleapis.com\/smartphoto-express-production-wp-blogs-com\/9\/2022\/05\/bricolage-fete-des-peres.compressed1024_1-768x545.jpg 768w\" sizes=\"auto, (max-width: 840px) 100vw, 840px\" \/><\/a><figcaption>Vous pouvez enregistrer ici la version .jpg de notre bricolage de f\u00eate des P\u00e8res \u00e0 imprimer chez vous<\/figcaption><\/figure>\n","protected":false},"excerpt":{"rendered":"<p>Vous souhaitez surprendre un super papa pour sa f\u00eate ? R\u00e9alisez notre bricolage f\u00eate des p\u00e8res super facilement avec vos enfants<\/p>\n","protected":false},"author":10,"featured_media":37935,"comment_status":"open","ping_status":"open","sticky":false,"template":"","format":"standard","meta":{"om_disable_all_campaigns":false,"_monsterinsights_skip_tracking":false,"_monsterinsights_sitenote_active":false,"_monsterinsights_sitenote_note":"","_monsterinsights_sitenote_category":0,"footnotes":""},"categories":[96,102],"tags":[],"class_list":["post-37916","post","type-post","status-publish","format-standard","has-post-thumbnail","hentry","category-bricolage","category-fete-des-peres"],"yoast_head":"<!-- This site is optimized with the Yoast SEO plugin v23.8 - https:\/\/yoast.com\/wordpress\/plugins\/seo\/ -->\n<title>Bricolage f\u00eate des p\u00e8res : la cachette magique de mon super-h\u00e9ros !<\/title>\n<meta name=\"description\" content=\"Vous souhaitez surprendre un super papa pour sa f\u00eate ? R\u00e9alisez notre bricolage f\u00eate des p\u00e8res super facilement avec vos enfants\" \/>\n<meta name=\"robots\" content=\"index, follow, max-snippet:-1, max-image-preview:large, max-video-preview:-1\" \/>\n<link rel=\"canonical\" href=\"https:\/\/www.smartphoto.be\/inspiration\/bricolage-fete-des-peres\" \/>\n<meta property=\"og:locale\" content=\"fr_FR\" \/>\n<meta property=\"og:type\" content=\"article\" \/>\n<meta property=\"og:title\" content=\"Bricolage f\u00eate des p\u00e8res : la cachette magique de mon super-h\u00e9ros !\" \/>\n<meta property=\"og:description\" content=\"Vous souhaitez surprendre un super papa pour sa f\u00eate ? R\u00e9alisez notre bricolage f\u00eate des p\u00e8res super facilement avec vos enfants\" \/>\n<meta property=\"og:url\" content=\"\/inspiration\/bricolage-fete-des-peres\" \/>\n<meta property=\"og:site_name\" content=\"smartphoto BE FR\" \/>\n<meta property=\"article:publisher\" content=\"https:\/\/www.facebook.com\/smartphoto.be\/\" \/>\n<meta property=\"article:published_time\" content=\"2022-05-16T16:52:30+00:00\" \/>\n<meta property=\"article:modified_time\" content=\"2022-05-19T13:52:40+00:00\" \/>\n<meta property=\"og:image\" content=\"https:\/\/storage.googleapis.com\/smartphoto-express-production-wp-blogs-com\/9\/2017\/05\/bricolage-fete-des-peres-5.jpg\" \/>\n\t<meta property=\"og:image:width\" content=\"700\" \/>\n\t<meta property=\"og:image:height\" content=\"366\" \/>\n\t<meta property=\"og:image:type\" content=\"image\/jpeg\" \/>\n<meta name=\"author\" content=\"Claire\" \/>\n<meta name=\"twitter:card\" content=\"summary_large_image\" \/>\n<meta name=\"twitter:creator\" content=\"@smartphoto_be\" \/>\n<meta name=\"twitter:site\" content=\"@smartphoto_be\" \/>\n<meta name=\"twitter:label1\" content=\"Written by\" \/>\n\t<meta name=\"twitter:data1\" content=\"Claire\" \/>\n\t<meta name=\"twitter:label2\" content=\"Est. reading time\" \/>\n\t<meta name=\"twitter:data2\" content=\"3 minutes\" \/>\n<script type=\"application\/ld+json\" class=\"yoast-schema-graph\">{\"@context\":\"https:\/\/schema.org\",\"@graph\":[{\"@type\":\"WebPage\",\"@id\":\"\/inspiration\/bricolage-fete-des-peres\",\"url\":\"https:\/\/www.smartphoto.be\/inspiration\/bricolage-fete-des-peres\",\"name\":\"Bricolage f\u00eate des p\u00e8res : la cachette magique de mon super-h\u00e9ros !\",\"isPartOf\":{\"@id\":\"https:\/\/www.smartphoto.be\/inspiration\/#website\"},\"primaryImageOfPage\":{\"@id\":\"https:\/\/www.smartphoto.be\/inspiration\/bricolage-fete-des-peres#primaryimage\"},\"image\":{\"@id\":\"https:\/\/www.smartphoto.be\/inspiration\/bricolage-fete-des-peres#primaryimage\"},\"thumbnailUrl\":\"https:\/\/storage.googleapis.com\/smartphoto-express-production-wp-blogs-com\/9\/2017\/05\/bricolage-fete-des-peres-5.jpg\",\"datePublished\":\"2022-05-16T16:52:30+00:00\",\"dateModified\":\"2022-05-19T13:52:40+00:00\",\"author\":{\"@id\":\"https:\/\/www.smartphoto.be\/inspiration\/#\/schema\/person\/b743c2a89fcff4d18195130bb0259ffe\"},\"description\":\"Vous souhaitez surprendre un super papa pour sa f\u00eate ? R\u00e9alisez notre bricolage f\u00eate des p\u00e8res super facilement avec vos enfants\",\"breadcrumb\":{\"@id\":\"https:\/\/www.smartphoto.be\/inspiration\/bricolage-fete-des-peres#breadcrumb\"},\"inLanguage\":\"fr-BE\",\"potentialAction\":[{\"@type\":\"ReadAction\",\"target\":[\"https:\/\/www.smartphoto.be\/inspiration\/bricolage-fete-des-peres\"]}]},{\"@type\":\"ImageObject\",\"inLanguage\":\"fr-BE\",\"@id\":\"https:\/\/www.smartphoto.be\/inspiration\/bricolage-fete-des-peres#primaryimage\",\"url\":\"https:\/\/storage.googleapis.com\/smartphoto-express-production-wp-blogs-com\/9\/2017\/05\/bricolage-fete-des-peres-5.jpg\",\"contentUrl\":\"https:\/\/storage.googleapis.com\/smartphoto-express-production-wp-blogs-com\/9\/2017\/05\/bricolage-fete-des-peres-5.jpg\",\"width\":700,\"height\":366,\"caption\":\"bricolage f\u00eate des p\u00e8res\"},{\"@type\":\"BreadcrumbList\",\"@id\":\"https:\/\/www.smartphoto.be\/inspiration\/bricolage-fete-des-peres#breadcrumb\",\"itemListElement\":[{\"@type\":\"ListItem\",\"position\":1,\"name\":\"Home\",\"item\":\"\/inspiration\/\"},{\"@type\":\"ListItem\",\"position\":2,\"name\":\"Bricolage f\u00eate des P\u00e8res : la cachette de mon super-h\u00e9ros\"}]},{\"@type\":\"WebSite\",\"@id\":\"https:\/\/www.smartphoto.be\/inspiration\/#website\",\"url\":\"https:\/\/www.smartphoto.be\/inspiration\/\",\"name\":\"smartphoto BE FR\",\"description\":\"\",\"potentialAction\":[{\"@type\":\"SearchAction\",\"target\":{\"@type\":\"EntryPoint\",\"urlTemplate\":\"https:\/\/www.smartphoto.be\/inspiration\/?s={search_term_string}\"},\"query-input\":{\"@type\":\"PropertyValueSpecification\",\"valueRequired\":true,\"valueName\":\"search_term_string\"}}],\"inLanguage\":\"fr-BE\"},{\"@type\":\"Person\",\"@id\":\"https:\/\/www.smartphoto.be\/inspiration\/#\/schema\/person\/b743c2a89fcff4d18195130bb0259ffe\",\"name\":\"Claire\",\"image\":{\"@type\":\"ImageObject\",\"inLanguage\":\"fr-BE\",\"@id\":\"https:\/\/www.smartphoto.be\/inspiration\/#\/schema\/person\/image\/\",\"url\":\"https:\/\/secure.gravatar.com\/avatar\/9f27a09fb8046031a47a9f22ce0ca8e9?s=96&d=mm&r=g\",\"contentUrl\":\"https:\/\/secure.gravatar.com\/avatar\/9f27a09fb8046031a47a9f22ce0ca8e9?s=96&d=mm&r=g\",\"caption\":\"Claire\"},\"description\":\"Claire, 26 ans, passionn\u00e9e de voyages et de danse. J\u2019adore d\u00e9nicher les nouveaut\u00e9s DIY et d\u00e9coration. Je blogue pour smartphoto les astuces \u00e0 r\u00e9aliser avec vos photos.\",\"url\":\"https:\/\/www.smartphoto.be\/inspiration\/author\/claire\"}]}<\/script>\n<!-- \/ Yoast SEO plugin. -->","yoast_head_json":{"title":"Bricolage f\u00eate des p\u00e8res : la cachette magique de mon super-h\u00e9ros !","description":"Vous souhaitez surprendre un super papa pour sa f\u00eate ? R\u00e9alisez notre bricolage f\u00eate des p\u00e8res super facilement avec vos enfants","robots":{"index":"index","follow":"follow","max-snippet":"max-snippet:-1","max-image-preview":"max-image-preview:large","max-video-preview":"max-video-preview:-1"},"canonical":"https:\/\/www.smartphoto.be\/inspiration\/bricolage-fete-des-peres","og_locale":"fr_FR","og_type":"article","og_title":"Bricolage f\u00eate des p\u00e8res : la cachette magique de mon super-h\u00e9ros !","og_description":"Vous souhaitez surprendre un super papa pour sa f\u00eate ? R\u00e9alisez notre bricolage f\u00eate des p\u00e8res super facilement avec vos enfants","og_url":"\/inspiration\/bricolage-fete-des-peres","og_site_name":"smartphoto BE FR","article_publisher":"https:\/\/www.facebook.com\/smartphoto.be\/","article_published_time":"2022-05-16T16:52:30+00:00","article_modified_time":"2022-05-19T13:52:40+00:00","og_image":[{"width":700,"height":366,"url":"https:\/\/storage.googleapis.com\/smartphoto-express-production-wp-blogs-com\/9\/2017\/05\/bricolage-fete-des-peres-5.jpg","type":"image\/jpeg"}],"author":"Claire","twitter_card":"summary_large_image","twitter_creator":"@smartphoto_be","twitter_site":"@smartphoto_be","twitter_misc":{"Written by":"Claire","Est. reading time":"3 minutes"},"schema":{"@context":"https:\/\/schema.org","@graph":[{"@type":"WebPage","@id":"\/inspiration\/bricolage-fete-des-peres","url":"https:\/\/www.smartphoto.be\/inspiration\/bricolage-fete-des-peres","name":"Bricolage f\u00eate des p\u00e8res : la cachette magique de mon super-h\u00e9ros !","isPartOf":{"@id":"https:\/\/www.smartphoto.be\/inspiration\/#website"},"primaryImageOfPage":{"@id":"https:\/\/www.smartphoto.be\/inspiration\/bricolage-fete-des-peres#primaryimage"},"image":{"@id":"https:\/\/www.smartphoto.be\/inspiration\/bricolage-fete-des-peres#primaryimage"},"thumbnailUrl":"https:\/\/storage.googleapis.com\/smartphoto-express-production-wp-blogs-com\/9\/2017\/05\/bricolage-fete-des-peres-5.jpg","datePublished":"2022-05-16T16:52:30+00:00","dateModified":"2022-05-19T13:52:40+00:00","author":{"@id":"https:\/\/www.smartphoto.be\/inspiration\/#\/schema\/person\/b743c2a89fcff4d18195130bb0259ffe"},"description":"Vous souhaitez surprendre un super papa pour sa f\u00eate ? R\u00e9alisez notre bricolage f\u00eate des p\u00e8res super facilement avec vos enfants","breadcrumb":{"@id":"https:\/\/www.smartphoto.be\/inspiration\/bricolage-fete-des-peres#breadcrumb"},"inLanguage":"fr-BE","potentialAction":[{"@type":"ReadAction","target":["https:\/\/www.smartphoto.be\/inspiration\/bricolage-fete-des-peres"]}]},{"@type":"ImageObject","inLanguage":"fr-BE","@id":"https:\/\/www.smartphoto.be\/inspiration\/bricolage-fete-des-peres#primaryimage","url":"https:\/\/storage.googleapis.com\/smartphoto-express-production-wp-blogs-com\/9\/2017\/05\/bricolage-fete-des-peres-5.jpg","contentUrl":"https:\/\/storage.googleapis.com\/smartphoto-express-production-wp-blogs-com\/9\/2017\/05\/bricolage-fete-des-peres-5.jpg","width":700,"height":366,"caption":"bricolage f\u00eate des p\u00e8res"},{"@type":"BreadcrumbList","@id":"https:\/\/www.smartphoto.be\/inspiration\/bricolage-fete-des-peres#breadcrumb","itemListElement":[{"@type":"ListItem","position":1,"name":"Home","item":"\/inspiration\/"},{"@type":"ListItem","position":2,"name":"Bricolage f\u00eate des P\u00e8res : la cachette de mon super-h\u00e9ros"}]},{"@type":"WebSite","@id":"https:\/\/www.smartphoto.be\/inspiration\/#website","url":"https:\/\/www.smartphoto.be\/inspiration\/","name":"smartphoto BE FR","description":"","potentialAction":[{"@type":"SearchAction","target":{"@type":"EntryPoint","urlTemplate":"https:\/\/www.smartphoto.be\/inspiration\/?s={search_term_string}"},"query-input":{"@type":"PropertyValueSpecification","valueRequired":true,"valueName":"search_term_string"}}],"inLanguage":"fr-BE"},{"@type":"Person","@id":"https:\/\/www.smartphoto.be\/inspiration\/#\/schema\/person\/b743c2a89fcff4d18195130bb0259ffe","name":"Claire","image":{"@type":"ImageObject","inLanguage":"fr-BE","@id":"https:\/\/www.smartphoto.be\/inspiration\/#\/schema\/person\/image\/","url":"https:\/\/secure.gravatar.com\/avatar\/9f27a09fb8046031a47a9f22ce0ca8e9?s=96&d=mm&r=g","contentUrl":"https:\/\/secure.gravatar.com\/avatar\/9f27a09fb8046031a47a9f22ce0ca8e9?s=96&d=mm&r=g","caption":"Claire"},"description":"Claire, 26 ans, passionn\u00e9e de voyages et de danse. J\u2019adore d\u00e9nicher les nouveaut\u00e9s DIY et d\u00e9coration. Je blogue pour smartphoto les astuces \u00e0 r\u00e9aliser avec vos photos.","url":"https:\/\/www.smartphoto.be\/inspiration\/author\/claire"}]}},"_links":{"self":[{"href":"https:\/\/www.smartphoto.be\/inspiration\/wp-json\/wp\/v2\/posts\/37916","targetHints":{"allow":["GET"]}}],"collection":[{"href":"https:\/\/www.smartphoto.be\/inspiration\/wp-json\/wp\/v2\/posts"}],"about":[{"href":"https:\/\/www.smartphoto.be\/inspiration\/wp-json\/wp\/v2\/types\/post"}],"author":[{"embeddable":true,"href":"https:\/\/www.smartphoto.be\/inspiration\/wp-json\/wp\/v2\/users\/10"}],"replies":[{"embeddable":true,"href":"https:\/\/www.smartphoto.be\/inspiration\/wp-json\/wp\/v2\/comments?post=37916"}],"version-history":[{"count":24,"href":"https:\/\/www.smartphoto.be\/inspiration\/wp-json\/wp\/v2\/posts\/37916\/revisions"}],"predecessor-version":[{"id":43681,"href":"https:\/\/www.smartphoto.be\/inspiration\/wp-json\/wp\/v2\/posts\/37916\/revisions\/43681"}],"wp:featuredmedia":[{"embeddable":true,"href":"https:\/\/www.smartphoto.be\/inspiration\/wp-json\/wp\/v2\/media\/37935"}],"wp:attachment":[{"href":"https:\/\/www.smartphoto.be\/inspiration\/wp-json\/wp\/v2\/media?parent=37916"}],"wp:term":[{"taxonomy":"category","embeddable":true,"href":"https:\/\/www.smartphoto.be\/inspiration\/wp-json\/wp\/v2\/categories?post=37916"},{"taxonomy":"post_tag","embeddable":true,"href":"https:\/\/www.smartphoto.be\/inspiration\/wp-json\/wp\/v2\/tags?post=37916"}],"curies":[{"name":"wp","href":"https:\/\/api.w.org\/{rel}","templated":true}]}}