{"id":34125,"date":"2017-04-15T18:23:40","date_gmt":"2017-04-15T18:23:40","guid":{"rendered":"http:\/\/www.photosmile.be\/?p=34125"},"modified":"2022-05-02T16:06:54","modified_gmt":"2022-05-02T14:06:54","slug":"idee-cadeau-fete-des-meres-a-fabriquer-a-soi-meme","status":"publish","type":"post","link":"https:\/\/www.smartphoto.be\/inspiration\/idee-cadeau-fete-des-meres-a-fabriquer-a-soi-meme","title":{"rendered":"Cadeau f\u00eate des m\u00e8res \u00e0 fabriquer \u00e0 soi-m\u00eame"},"content":{"rendered":"<p><strong>Cadeau f\u00eate des m\u00e8res \u00e0 fabriquer soi-m\u00eame<\/strong><\/p>\n<p style=\"text-align: justify\">Envie de surprendre votre maman pour la f\u00eate des m\u00e8res ? D\u00e9couvrez notre id\u00e9e cadeau f\u00eate des m\u00e8res \u00e0 faire soi-m\u00eame. Rassemblez vite tous vos plus beaux souvenirs !<!--more--><br \/>\nCe 14 mai, <strong>c&rsquo;est la f\u00eate de toutes les mamans<\/strong>. Vous ne savez plus quoi lui acheter, elle a d\u00e9j\u00e0 tout ? Rien de tel que d&rsquo;offrir un objet fait avec vos petites mains et qui rappelle plein de souvenirs ! Voici notre id\u00e9e cadeau f\u00eate des m\u00e8res \u00e0 fabriquer soi-m\u00eame avec des photos !<\/p>\n<h2 style=\"text-align: justify\">Etape 1 : commander ses photos<\/h2>\n<p><a href=\"http:\/\/www.photosmile.be\/?attachment_id=34130\" rel=\"attachment wp-att-34130\"><img loading=\"lazy\" decoding=\"async\" class=\"aligncenter wp-image-34130\" src=\"https:\/\/storage.googleapis.com\/smartphoto-express-production-wp-blogs-com\/9\/2016\/04\/cadeau-fete-des-meres-a-fabriquer-1.jpg\" alt=\"cadeau f\u00eate des m\u00e8res \u00e0 fabriquer\" width=\"700\" height=\"467\" \/><\/a><\/p>\n<p style=\"text-align: justify\">Vous pouvez choisir le nombre de photos que vous souhaitez sur votre\u00a0cadeau f\u00eate des m\u00e8res \u00e0 fabriquer. J&rsquo;ai choisi d&rsquo;en mettre 4 mais vous pouvez monter jusqu&rsquo;\u00e0 5. Pour l&rsquo;impression des photos, j&rsquo;ai fait confiance \u00e0 <a href=\"https:\/\/www.smartphoto.be\/fr\/tirage-photo\/developpement-photo\" target=\"_blank\" rel=\"noopener noreferrer\">smartphoto<\/a>. J&rsquo;ai choisi <a href=\"https:\/\/www.smartphoto.be\/fr\/tirage-photo\/tirage-photo-carre\" target=\"_blank\" rel=\"noopener noreferrer\">le format carr\u00e9<\/a>, qui permet de ne pas avoir \u00e0 d\u00e9couper les images pour les avoir toutes centr\u00e9es et \u00e0 la m\u00eame taille. Il est parfois difficile de trouver 4 photos dont les couleurs forment un bel ensemble. <strong>N&rsquo;h\u00e9sitez pas \u00e0 les imprimer en noir &amp; blanc<\/strong>, le rendu est \u00e9galement tr\u00e8s chouette.<\/p>\n<h2 style=\"text-align: justify\">Etape 2 : rassembler le mat\u00e9riel<\/h2>\n<p><a href=\"http:\/\/www.photosmile.be\/?attachment_id=34131\" rel=\"attachment wp-att-34131\"><img loading=\"lazy\" decoding=\"async\" class=\"aligncenter wp-image-34131\" src=\"https:\/\/storage.googleapis.com\/smartphoto-express-production-wp-blogs-com\/9\/2016\/04\/cadeau-fete-des-meres-a-fabriquer-2.jpg\" alt=\"cadeau f\u00eate des m\u00e8res \u00e0 fabriquer\" width=\"700\" height=\"467\" \/><\/a><\/p>\n<p>Pour r\u00e9aliser cette id\u00e9e cadeau f\u00eate des m\u00e8res \u00e0 faire soi-m\u00eame, vous avez besoin des choses suivantes :<br \/>\n&#8211; des photos carr\u00e9es<br \/>\n&#8211; une paire de ciseaux<br \/>\n&#8211; un crayon &amp; une gomme<br \/>\n&#8211; une latte<br \/>\n&#8211; de la colle<br \/>\n&#8211; du ruban<br \/>\n&#8211; une boite (de la taille de vos tirages)<br \/>\n&#8211; une grande feuille blanche<\/p>\n<h2>Etape 3 : d\u00e9finir tous les trac\u00e9s<\/h2>\n<p style=\"text-align: justify\">Prenez une feuille de papier dont la longueur est plus grande que les 4 photos mises \u00e0 la suite. Dans mon cas, les tirages font 10&#215;10 cm, j&rsquo;ai donc choisi une feuille de papier de plus de 40 cm. Vous pouvez facilement vous en procurer \u00e0 la feuille dans une papeterie. Il est temps maintenant de d\u00e9finir les trac\u00e9s pour savoir o\u00f9 couper la feuille et o\u00f9 la plier ;-). J&rsquo;ai laiss\u00e9 1.5cm au-dessus de la premi\u00e8re image et entre chacune d&rsquo;entre elles. Le trait pour le pliage se fait donc \u00e0 7mm entre chaque photo. J&rsquo;ai \u00e9galement laiss\u00e9 1cm de marge sur les c\u00f4t\u00e9s, mais ce n&rsquo;est \u00e9videmment pas obligatoire.<\/p>\n<p><a href=\"http:\/\/www.photosmile.be\/?attachment_id=34140\" rel=\"attachment wp-att-34140\"><img loading=\"lazy\" decoding=\"async\" class=\"aligncenter size-full wp-image-34140\" src=\"https:\/\/storage.googleapis.com\/smartphoto-express-production-wp-blogs-com\/9\/2016\/04\/cadeau-fete-des-meres-a-fabriquer-3-5.jpg\" alt=\"cadeau f\u00eate des m\u00e8res \u00e0 faire soi-m\u00eame\" width=\"700\" height=\"800\" \/><\/a><\/p>\n<h2>Etape 4 du cadeau f\u00eate des m\u00e8res \u00e0 fabriquer : d\u00e9coupage et pliage<\/h2>\n<p style=\"text-align: justify\">Une fois les lignes trac\u00e9es, il ne vous reste plus qu&rsquo;\u00e0 d\u00e9couper\u00a0<strong>votre cadeau f\u00eate des m\u00e8res<\/strong> dans la longueur et \u00e0 le plier selon les lignes s\u00e9paratrices. J&rsquo;ai \u00e9galement trac\u00e9 les lignes de contour des photos pour les coller droites et \u00e0 \u00e9quidistance. Je vous conseille de placer une r\u00e8gle sur la ligne lorsque vous pliez la feuille, cela permet un pli sans rature !<\/p>\n<p><a href=\"http:\/\/www.photosmile.be\/?attachment_id=34137\" rel=\"attachment wp-att-34137\"><img loading=\"lazy\" decoding=\"async\" class=\"aligncenter size-full wp-image-34137\" src=\"https:\/\/storage.googleapis.com\/smartphoto-express-production-wp-blogs-com\/9\/2016\/04\/cadeau-fete-des-meres-a-fabriquer-6-7.jpg\" alt=\"cadeau f\u00eate des m\u00e8res \u00e0 faire soi-m\u00eame\" width=\"699\" height=\"227\" \/><\/a><\/p>\n<p style=\"text-align: justify\">Une fois que le pliage de votre cadeau f\u00eate des m\u00e8res \u00e0 fabriquer soi-m\u00eame est termin\u00e9, vous obtenez un joli accord\u00e9on. Bonne nouvelle, le plus dur est fait ;-).<\/p>\n<p><a href=\"http:\/\/www.photosmile.be\/?attachment_id=34138\" rel=\"attachment wp-att-34138\"><img loading=\"lazy\" decoding=\"async\" class=\"aligncenter size-full wp-image-34138\" src=\"https:\/\/storage.googleapis.com\/smartphoto-express-production-wp-blogs-com\/9\/2016\/04\/cadeau-fete-des-meres-a-fabriquer-8-9.jpg\" alt=\"cadeau f\u00eate des m\u00e8res \u00e0 faire soi-m\u00eame\" width=\"756\" height=\"290\" \/><\/a><\/p>\n<h2>\u00a0Etape 5 : collage<\/h2>\n<p style=\"text-align: justify\">Nous voici \u00e0 l&rsquo;\u00e9tape la plus facile de la r\u00e9alisation du cadeau f\u00eate des m\u00e8res \u00e0 fabriquer ! Collez simplement vos images dans l&rsquo;ordre souhait\u00e9 selon les trac\u00e9s effectu\u00e9s un peu plus t\u00f4t.<\/p>\n<p><a href=\"http:\/\/www.photosmile.be\/?attachment_id=34132\" rel=\"attachment wp-att-34132\"><img loading=\"lazy\" decoding=\"async\" class=\"aligncenter wp-image-34132\" src=\"https:\/\/storage.googleapis.com\/smartphoto-express-production-wp-blogs-com\/9\/2016\/04\/cadeau-fete-des-meres-a-fabriquer-10.jpg\" alt=\"cadeau f\u00eate des m\u00e8res \u00e0 fabriquer\" width=\"700\" height=\"467\" \/><\/a><\/p>\n<p>Hop, vous voil\u00e0 avec <strong>un accord\u00e9on de photos\u00a0<\/strong>! Mais ce n&rsquo;est pas encore tout \u00e0 fait fini&#8230;<\/p>\n<p><a href=\"http:\/\/www.photosmile.be\/?attachment_id=34134\" rel=\"attachment wp-att-34134\"><img loading=\"lazy\" decoding=\"async\" class=\"aligncenter wp-image-34134\" src=\"https:\/\/storage.googleapis.com\/smartphoto-express-production-wp-blogs-com\/9\/2016\/04\/cadeau-fete-des-meres-a-fabriquer-13.jpg\" alt=\"cadeau f\u00eate des m\u00e8res \u00e0 fabriquer\" width=\"700\" height=\"1050\" \/><\/a><\/p>\n<p style=\"text-align: justify\">D\u00e9coupez un morceau de ruban et venez le coller au dos de votre accord\u00e9on. Je l&rsquo;ai coll\u00e9 en \u00ab\u00a0boucle\u00a0\u00bb car je trouvais \u00e7a plus joli. Mais si votre morceau de ruban est trop petit, une seule \u00ab\u00a0couche\u00a0\u00bb est bien s\u00fbr suffisante.<\/p>\n<p><a href=\"http:\/\/www.photosmile.be\/?attachment_id=34135\" rel=\"attachment wp-att-34135\"><img loading=\"lazy\" decoding=\"async\" class=\"aligncenter wp-image-34135\" src=\"https:\/\/storage.googleapis.com\/smartphoto-express-production-wp-blogs-com\/9\/2016\/04\/cadeau-fete-des-meres-a-fabriquer-14.jpg\" alt=\"cadeau f\u00eate des m\u00e8res \u00e0 fabriquer\" width=\"700\" height=\"467\" \/><\/a><\/p>\n<h2>\u00a0Etape 6 : retouches<\/h2>\n<p style=\"text-align: justify\">\u00a0Voil\u00e0,\u00a0<strong>votre cadeau f\u00eate des m\u00e8res \u00e0 fabriquer est presque fini !<\/strong> Quelques derniers ajustements et vous n&rsquo;aurez plus qu&rsquo;\u00e0 l&#8217;emballer pour surprendre votre maman le jour J.<\/p>\n<p><a href=\"http:\/\/www.photosmile.be\/?attachment_id=34126\" rel=\"attachment wp-att-34126\"><img loading=\"lazy\" decoding=\"async\" class=\"aligncenter wp-image-34126\" src=\"https:\/\/storage.googleapis.com\/smartphoto-express-production-wp-blogs-com\/9\/2016\/04\/cadeau-fete-des-meres-a-fabriquer-15.jpg\" alt=\"cadeau f\u00eate des m\u00e8res \u00e0 fabriquer\" width=\"700\" height=\"1050\" \/><\/a><\/p>\n<p style=\"text-align: justify\">\u00a0On oublie pas d&rsquo;effacer d\u00e9licatement tous les traits de crayon, pour que l&rsquo;id\u00e9e cadeau f\u00eate des m\u00e8res \u00e0 faire soi-m\u00eame ne paraisse pas trop amateur ;-).<\/p>\n<p><a href=\"http:\/\/www.photosmile.be\/?attachment_id=34127\" rel=\"attachment wp-att-34127\"><img loading=\"lazy\" decoding=\"async\" class=\"aligncenter wp-image-34127\" src=\"https:\/\/storage.googleapis.com\/smartphoto-express-production-wp-blogs-com\/9\/2016\/04\/cadeau-fete-des-meres-a-fabriquer-16.jpg\" alt=\"cadeau f\u00eate des m\u00e8res \u00e0 fabriquer\" width=\"700\" height=\"467\" \/><\/a><\/p>\n<p style=\"text-align: justify\">\u00a0Pour parfaire le rendu de votre cadeau placez-le dans une bo\u00eete. Vous pourrez alors tirer sur le ruban pour <strong>d\u00e9rouler l&rsquo;accord\u00e9on photos<\/strong>. Ca permet \u00e9galement de ranger votre cadeau et d&rsquo;\u00e9viter qu&rsquo;il ne s&rsquo;ab\u00eeme. Pour un cadeau encore plus chouette et personnalis\u00e9, j&rsquo;ai choisi de mettre mon accord\u00e9on dans<a href=\"https:\/\/www.smartphoto.be\/fr\/cadeaux-photo\/boite-bijoux-photo\" target=\"_blank\" rel=\"noopener noreferrer\"> une bo\u00eete \u00e0 bijou smartphoto<\/a>. La taille correspond parfaitement \u00e0 la taille de mes tirages carr\u00e9s et elle offre la possibilit\u00e9 d&rsquo;ajouter une photo de mon choix sur le couvercle. Bref, avec tout \u00e7a maman sera ravie ! \ud83d\ude42<\/p>\n<p><a href=\"http:\/\/www.photosmile.be\/?attachment_id=34128\" rel=\"attachment wp-att-34128\"><img loading=\"lazy\" decoding=\"async\" class=\"aligncenter wp-image-34128\" src=\"https:\/\/storage.googleapis.com\/smartphoto-express-production-wp-blogs-com\/9\/2016\/04\/cadeau-fete-des-meres-a-fabriquer-17.jpg\" alt=\"cadeau f\u00eate des m\u00e8res \u00e0 fabriquer\" width=\"700\" height=\"467\" \/><\/a><\/p>\n<p><a href=\"http:\/\/www.photosmile.be\/?attachment_id=34129\" rel=\"attachment wp-att-34129\"><img loading=\"lazy\" decoding=\"async\" class=\"aligncenter wp-image-34129\" src=\"https:\/\/storage.googleapis.com\/smartphoto-express-production-wp-blogs-com\/9\/2016\/04\/cadeau-fete-des-meres-a-fabriquer-18.jpg\" alt=\"cadeau f\u00eate des m\u00e8res \u00e0 fabriquer\" width=\"700\" height=\"467\" \/><\/a><\/p>\n<p style=\"text-align: justify\">\u00a0Besoin d&rsquo;encore plus d&rsquo;inspiration ? Si vous voulez surprendre votre maman tout en douceur, organisez un petit d\u00e9jeuner surprise et personnalis\u00e9. <a href=\"https:\/\/smartphoto.be\/inspiration\/plateau-petit-dejeuner-fete-des-meres\">D\u00e9couvrez nos id\u00e9es pour un plateau petit-d\u00e9jeuner \u00e0 croquer<\/a>. Et si vous cherchez le cadeau parfait, <a href=\"https:\/\/smartphoto.be\/inspiration\/fete-des-meres-9-idees-creatives\">d\u00e9couvrez toutes nos id\u00e9es pour la g\u00e2ter comme elle le m\u00e9rite<\/a>.<\/p>\n<p style=\"text-align: justify\"><strong>Vous avez des questions sur ce cadeau f\u00eate des m\u00e8res \u00e0 fabriquer soi-m\u00eame ou vous voulez partager avec nous votre id\u00e9e cadeau f\u00eate des m\u00e8res \u00e0 faire soi-m\u00eame ? Partagez-les sur <a href=\"https:\/\/www.facebook.com\/smartphoto.be\" target=\"_blank\" rel=\"noopener noreferrer\">Facebook<\/a>, <a href=\"http:\/\/instagram.com\/smartphotobe\" target=\"_blank\" rel=\"noopener noreferrer\">Instagram<\/a>, ou <a href=\"http:\/\/www.pinterest.com\/smartphotobe\/\" target=\"_blank\" rel=\"noopener noreferrer\">Pinterest<\/a>\u00a0 avec le hashtag #smartphoto !<\/strong><\/p>\n<p style=\"text-align: justify\"><a href=\"https:\/\/www.smartphoto.be\/fr\/tirage-photo\/developpement-photo\" target=\"_blank\" rel=\"attachment wp-att-34143 noopener noreferrer\"><img loading=\"lazy\" decoding=\"async\" class=\"aligncenter wp-image-34143 size-full\" src=\"https:\/\/storage.googleapis.com\/smartphoto-express-production-wp-blogs-com\/9\/2016\/04\/impression-photo-intsagram-cta-fr.jpg\" alt=\"cadeau f\u00eate des m\u00e8res \u00e0 fabriquer\" width=\"700\" height=\"250\" \/><\/a><\/p>\n","protected":false},"excerpt":{"rendered":"<p>Cadeau f\u00eate des m\u00e8res \u00e0 fabriquer soi-m\u00eame Envie de surprendre votre maman pour la f\u00eate des m\u00e8res ? D\u00e9couvrez notre id\u00e9e cadeau f\u00eate des m\u00e8res \u00e0 faire soi-m\u00eame. Rassemblez vite tous vos plus beaux souvenirs !<\/p>\n","protected":false},"author":10,"featured_media":0,"comment_status":"open","ping_status":"open","sticky":false,"template":"","format":"standard","meta":{"om_disable_all_campaigns":false,"_monsterinsights_skip_tracking":false,"_monsterinsights_sitenote_active":false,"_monsterinsights_sitenote_note":"","_monsterinsights_sitenote_category":0,"footnotes":""},"categories":[96,101],"tags":[],"class_list":["post-34125","post","type-post","status-publish","format-standard","hentry","category-bricolage","category-fete-des-meres"],"yoast_head":"<!-- This site is optimized with the Yoast SEO plugin v23.8 - https:\/\/yoast.com\/wordpress\/plugins\/seo\/ -->\n<title>Id\u00e9e cadeau f\u00eate des m\u00e8res \u00e0 fabriquer soi-m\u00eame<\/title>\n<meta name=\"description\" content=\"A l&#039;approche de la f\u00eate des m\u00e8res, d\u00e9couvrez notre id\u00e9e cadeau f\u00eate des m\u00e8res \u00e0 fabriquer soi-m\u00eame ! Facile \u00e0 r\u00e9aliser, il plaira \u00e0 coup s\u00fbr \u00e0 votre maman !\" \/>\n<meta name=\"robots\" content=\"index, follow, max-snippet:-1, max-image-preview:large, max-video-preview:-1\" \/>\n<link rel=\"canonical\" href=\"https:\/\/www.smartphoto.be\/inspiration\/idee-cadeau-fete-des-meres-a-fabriquer-a-soi-meme\" \/>\n<meta property=\"og:locale\" content=\"fr_FR\" \/>\n<meta property=\"og:type\" content=\"article\" \/>\n<meta property=\"og:title\" content=\"Id\u00e9e cadeau f\u00eate des m\u00e8res \u00e0 fabriquer soi-m\u00eame\" \/>\n<meta property=\"og:description\" content=\"A l&#039;approche de la f\u00eate des m\u00e8res, d\u00e9couvrez notre id\u00e9e cadeau f\u00eate des m\u00e8res \u00e0 fabriquer soi-m\u00eame ! Facile \u00e0 r\u00e9aliser, il plaira \u00e0 coup s\u00fbr \u00e0 votre maman !\" \/>\n<meta property=\"og:url\" content=\"\/inspiration\/idee-cadeau-fete-des-meres-a-fabriquer-a-soi-meme\" \/>\n<meta property=\"og:site_name\" content=\"smartphoto BE FR\" \/>\n<meta property=\"article:publisher\" content=\"https:\/\/www.facebook.com\/smartphoto.be\/\" \/>\n<meta property=\"article:published_time\" content=\"2017-04-15T18:23:40+00:00\" \/>\n<meta property=\"article:modified_time\" content=\"2022-05-02T14:06:54+00:00\" \/>\n<meta property=\"og:image\" content=\"https:\/\/storage.googleapis.com\/smartphoto-express-production-wp-blogs-com\/9\/2016\/04\/BlogDIYFr.jpg\" \/>\n\t<meta property=\"og:image:width\" content=\"700\" \/>\n\t<meta property=\"og:image:height\" content=\"366\" \/>\n\t<meta property=\"og:image:type\" content=\"image\/jpeg\" \/>\n<meta name=\"author\" content=\"Claire\" \/>\n<meta name=\"twitter:card\" content=\"summary_large_image\" \/>\n<meta name=\"twitter:creator\" content=\"@smartphoto_be\" \/>\n<meta name=\"twitter:site\" content=\"@smartphoto_be\" \/>\n<meta name=\"twitter:label1\" content=\"Written by\" \/>\n\t<meta name=\"twitter:data1\" content=\"Claire\" \/>\n\t<meta name=\"twitter:label2\" content=\"Est. reading time\" \/>\n\t<meta name=\"twitter:data2\" content=\"4 minutes\" \/>\n<script type=\"application\/ld+json\" class=\"yoast-schema-graph\">{\"@context\":\"https:\/\/schema.org\",\"@graph\":[{\"@type\":\"WebPage\",\"@id\":\"\/inspiration\/idee-cadeau-fete-des-meres-a-fabriquer-a-soi-meme\",\"url\":\"https:\/\/www.smartphoto.be\/inspiration\/idee-cadeau-fete-des-meres-a-fabriquer-a-soi-meme\",\"name\":\"Id\u00e9e cadeau f\u00eate des m\u00e8res \u00e0 fabriquer soi-m\u00eame\",\"isPartOf\":{\"@id\":\"https:\/\/www.smartphoto.be\/inspiration\/#website\"},\"primaryImageOfPage\":{\"@id\":\"https:\/\/www.smartphoto.be\/inspiration\/idee-cadeau-fete-des-meres-a-fabriquer-a-soi-meme#primaryimage\"},\"image\":{\"@id\":\"https:\/\/www.smartphoto.be\/inspiration\/idee-cadeau-fete-des-meres-a-fabriquer-a-soi-meme#primaryimage\"},\"thumbnailUrl\":\"https:\/\/storage.googleapis.com\/smartphoto-express-production-wp-blogs-com\/9\/2016\/04\/cadeau-fete-des-meres-a-fabriquer-1.jpg\",\"datePublished\":\"2017-04-15T18:23:40+00:00\",\"dateModified\":\"2022-05-02T14:06:54+00:00\",\"author\":{\"@id\":\"https:\/\/www.smartphoto.be\/inspiration\/#\/schema\/person\/b743c2a89fcff4d18195130bb0259ffe\"},\"description\":\"A l'approche de la f\u00eate des m\u00e8res, d\u00e9couvrez notre id\u00e9e cadeau f\u00eate des m\u00e8res \u00e0 fabriquer soi-m\u00eame ! Facile \u00e0 r\u00e9aliser, il plaira \u00e0 coup s\u00fbr \u00e0 votre maman !\",\"breadcrumb\":{\"@id\":\"https:\/\/www.smartphoto.be\/inspiration\/idee-cadeau-fete-des-meres-a-fabriquer-a-soi-meme#breadcrumb\"},\"inLanguage\":\"fr-BE\",\"potentialAction\":[{\"@type\":\"ReadAction\",\"target\":[\"https:\/\/www.smartphoto.be\/inspiration\/idee-cadeau-fete-des-meres-a-fabriquer-a-soi-meme\"]}]},{\"@type\":\"ImageObject\",\"inLanguage\":\"fr-BE\",\"@id\":\"https:\/\/www.smartphoto.be\/inspiration\/idee-cadeau-fete-des-meres-a-fabriquer-a-soi-meme#primaryimage\",\"url\":\"https:\/\/storage.googleapis.com\/smartphoto-express-production-wp-blogs-com\/9\/2016\/04\/cadeau-fete-des-meres-a-fabriquer-1.jpg\",\"contentUrl\":\"https:\/\/storage.googleapis.com\/smartphoto-express-production-wp-blogs-com\/9\/2016\/04\/cadeau-fete-des-meres-a-fabriquer-1.jpg\"},{\"@type\":\"BreadcrumbList\",\"@id\":\"https:\/\/www.smartphoto.be\/inspiration\/idee-cadeau-fete-des-meres-a-fabriquer-a-soi-meme#breadcrumb\",\"itemListElement\":[{\"@type\":\"ListItem\",\"position\":1,\"name\":\"Home\",\"item\":\"\/inspiration\/\"},{\"@type\":\"ListItem\",\"position\":2,\"name\":\"Cadeau f\u00eate des m\u00e8res \u00e0 fabriquer \u00e0 soi-m\u00eame\"}]},{\"@type\":\"WebSite\",\"@id\":\"https:\/\/www.smartphoto.be\/inspiration\/#website\",\"url\":\"https:\/\/www.smartphoto.be\/inspiration\/\",\"name\":\"smartphoto BE FR\",\"description\":\"\",\"potentialAction\":[{\"@type\":\"SearchAction\",\"target\":{\"@type\":\"EntryPoint\",\"urlTemplate\":\"https:\/\/www.smartphoto.be\/inspiration\/?s={search_term_string}\"},\"query-input\":{\"@type\":\"PropertyValueSpecification\",\"valueRequired\":true,\"valueName\":\"search_term_string\"}}],\"inLanguage\":\"fr-BE\"},{\"@type\":\"Person\",\"@id\":\"https:\/\/www.smartphoto.be\/inspiration\/#\/schema\/person\/b743c2a89fcff4d18195130bb0259ffe\",\"name\":\"Claire\",\"image\":{\"@type\":\"ImageObject\",\"inLanguage\":\"fr-BE\",\"@id\":\"https:\/\/www.smartphoto.be\/inspiration\/#\/schema\/person\/image\/\",\"url\":\"https:\/\/secure.gravatar.com\/avatar\/9f27a09fb8046031a47a9f22ce0ca8e9?s=96&d=mm&r=g\",\"contentUrl\":\"https:\/\/secure.gravatar.com\/avatar\/9f27a09fb8046031a47a9f22ce0ca8e9?s=96&d=mm&r=g\",\"caption\":\"Claire\"},\"description\":\"Claire, 26 ans, passionn\u00e9e de voyages et de danse. J\u2019adore d\u00e9nicher les nouveaut\u00e9s DIY et d\u00e9coration. Je blogue pour smartphoto les astuces \u00e0 r\u00e9aliser avec vos photos.\",\"url\":\"https:\/\/www.smartphoto.be\/inspiration\/author\/claire\"}]}<\/script>\n<!-- \/ Yoast SEO plugin. -->","yoast_head_json":{"title":"Id\u00e9e cadeau f\u00eate des m\u00e8res \u00e0 fabriquer soi-m\u00eame","description":"A l'approche de la f\u00eate des m\u00e8res, d\u00e9couvrez notre id\u00e9e cadeau f\u00eate des m\u00e8res \u00e0 fabriquer soi-m\u00eame ! Facile \u00e0 r\u00e9aliser, il plaira \u00e0 coup s\u00fbr \u00e0 votre maman !","robots":{"index":"index","follow":"follow","max-snippet":"max-snippet:-1","max-image-preview":"max-image-preview:large","max-video-preview":"max-video-preview:-1"},"canonical":"https:\/\/www.smartphoto.be\/inspiration\/idee-cadeau-fete-des-meres-a-fabriquer-a-soi-meme","og_locale":"fr_FR","og_type":"article","og_title":"Id\u00e9e cadeau f\u00eate des m\u00e8res \u00e0 fabriquer soi-m\u00eame","og_description":"A l'approche de la f\u00eate des m\u00e8res, d\u00e9couvrez notre id\u00e9e cadeau f\u00eate des m\u00e8res \u00e0 fabriquer soi-m\u00eame ! Facile \u00e0 r\u00e9aliser, il plaira \u00e0 coup s\u00fbr \u00e0 votre maman !","og_url":"\/inspiration\/idee-cadeau-fete-des-meres-a-fabriquer-a-soi-meme","og_site_name":"smartphoto BE FR","article_publisher":"https:\/\/www.facebook.com\/smartphoto.be\/","article_published_time":"2017-04-15T18:23:40+00:00","article_modified_time":"2022-05-02T14:06:54+00:00","og_image":[{"width":700,"height":366,"url":"https:\/\/storage.googleapis.com\/smartphoto-express-production-wp-blogs-com\/9\/2016\/04\/BlogDIYFr.jpg","type":"image\/jpeg"}],"author":"Claire","twitter_card":"summary_large_image","twitter_creator":"@smartphoto_be","twitter_site":"@smartphoto_be","twitter_misc":{"Written by":"Claire","Est. reading time":"4 minutes"},"schema":{"@context":"https:\/\/schema.org","@graph":[{"@type":"WebPage","@id":"\/inspiration\/idee-cadeau-fete-des-meres-a-fabriquer-a-soi-meme","url":"https:\/\/www.smartphoto.be\/inspiration\/idee-cadeau-fete-des-meres-a-fabriquer-a-soi-meme","name":"Id\u00e9e cadeau f\u00eate des m\u00e8res \u00e0 fabriquer soi-m\u00eame","isPartOf":{"@id":"https:\/\/www.smartphoto.be\/inspiration\/#website"},"primaryImageOfPage":{"@id":"https:\/\/www.smartphoto.be\/inspiration\/idee-cadeau-fete-des-meres-a-fabriquer-a-soi-meme#primaryimage"},"image":{"@id":"https:\/\/www.smartphoto.be\/inspiration\/idee-cadeau-fete-des-meres-a-fabriquer-a-soi-meme#primaryimage"},"thumbnailUrl":"https:\/\/storage.googleapis.com\/smartphoto-express-production-wp-blogs-com\/9\/2016\/04\/cadeau-fete-des-meres-a-fabriquer-1.jpg","datePublished":"2017-04-15T18:23:40+00:00","dateModified":"2022-05-02T14:06:54+00:00","author":{"@id":"https:\/\/www.smartphoto.be\/inspiration\/#\/schema\/person\/b743c2a89fcff4d18195130bb0259ffe"},"description":"A l'approche de la f\u00eate des m\u00e8res, d\u00e9couvrez notre id\u00e9e cadeau f\u00eate des m\u00e8res \u00e0 fabriquer soi-m\u00eame ! Facile \u00e0 r\u00e9aliser, il plaira \u00e0 coup s\u00fbr \u00e0 votre maman !","breadcrumb":{"@id":"https:\/\/www.smartphoto.be\/inspiration\/idee-cadeau-fete-des-meres-a-fabriquer-a-soi-meme#breadcrumb"},"inLanguage":"fr-BE","potentialAction":[{"@type":"ReadAction","target":["https:\/\/www.smartphoto.be\/inspiration\/idee-cadeau-fete-des-meres-a-fabriquer-a-soi-meme"]}]},{"@type":"ImageObject","inLanguage":"fr-BE","@id":"https:\/\/www.smartphoto.be\/inspiration\/idee-cadeau-fete-des-meres-a-fabriquer-a-soi-meme#primaryimage","url":"https:\/\/storage.googleapis.com\/smartphoto-express-production-wp-blogs-com\/9\/2016\/04\/cadeau-fete-des-meres-a-fabriquer-1.jpg","contentUrl":"https:\/\/storage.googleapis.com\/smartphoto-express-production-wp-blogs-com\/9\/2016\/04\/cadeau-fete-des-meres-a-fabriquer-1.jpg"},{"@type":"BreadcrumbList","@id":"https:\/\/www.smartphoto.be\/inspiration\/idee-cadeau-fete-des-meres-a-fabriquer-a-soi-meme#breadcrumb","itemListElement":[{"@type":"ListItem","position":1,"name":"Home","item":"\/inspiration\/"},{"@type":"ListItem","position":2,"name":"Cadeau f\u00eate des m\u00e8res \u00e0 fabriquer \u00e0 soi-m\u00eame"}]},{"@type":"WebSite","@id":"https:\/\/www.smartphoto.be\/inspiration\/#website","url":"https:\/\/www.smartphoto.be\/inspiration\/","name":"smartphoto BE FR","description":"","potentialAction":[{"@type":"SearchAction","target":{"@type":"EntryPoint","urlTemplate":"https:\/\/www.smartphoto.be\/inspiration\/?s={search_term_string}"},"query-input":{"@type":"PropertyValueSpecification","valueRequired":true,"valueName":"search_term_string"}}],"inLanguage":"fr-BE"},{"@type":"Person","@id":"https:\/\/www.smartphoto.be\/inspiration\/#\/schema\/person\/b743c2a89fcff4d18195130bb0259ffe","name":"Claire","image":{"@type":"ImageObject","inLanguage":"fr-BE","@id":"https:\/\/www.smartphoto.be\/inspiration\/#\/schema\/person\/image\/","url":"https:\/\/secure.gravatar.com\/avatar\/9f27a09fb8046031a47a9f22ce0ca8e9?s=96&d=mm&r=g","contentUrl":"https:\/\/secure.gravatar.com\/avatar\/9f27a09fb8046031a47a9f22ce0ca8e9?s=96&d=mm&r=g","caption":"Claire"},"description":"Claire, 26 ans, passionn\u00e9e de voyages et de danse. J\u2019adore d\u00e9nicher les nouveaut\u00e9s DIY et d\u00e9coration. Je blogue pour smartphoto les astuces \u00e0 r\u00e9aliser avec vos photos.","url":"https:\/\/www.smartphoto.be\/inspiration\/author\/claire"}]}},"_links":{"self":[{"href":"https:\/\/www.smartphoto.be\/inspiration\/wp-json\/wp\/v2\/posts\/34125","targetHints":{"allow":["GET"]}}],"collection":[{"href":"https:\/\/www.smartphoto.be\/inspiration\/wp-json\/wp\/v2\/posts"}],"about":[{"href":"https:\/\/www.smartphoto.be\/inspiration\/wp-json\/wp\/v2\/types\/post"}],"author":[{"embeddable":true,"href":"https:\/\/www.smartphoto.be\/inspiration\/wp-json\/wp\/v2\/users\/10"}],"replies":[{"embeddable":true,"href":"https:\/\/www.smartphoto.be\/inspiration\/wp-json\/wp\/v2\/comments?post=34125"}],"version-history":[{"count":8,"href":"https:\/\/www.smartphoto.be\/inspiration\/wp-json\/wp\/v2\/posts\/34125\/revisions"}],"predecessor-version":[{"id":43623,"href":"https:\/\/www.smartphoto.be\/inspiration\/wp-json\/wp\/v2\/posts\/34125\/revisions\/43623"}],"wp:attachment":[{"href":"https:\/\/www.smartphoto.be\/inspiration\/wp-json\/wp\/v2\/media?parent=34125"}],"wp:term":[{"taxonomy":"category","embeddable":true,"href":"https:\/\/www.smartphoto.be\/inspiration\/wp-json\/wp\/v2\/categories?post=34125"},{"taxonomy":"post_tag","embeddable":true,"href":"https:\/\/www.smartphoto.be\/inspiration\/wp-json\/wp\/v2\/tags?post=34125"}],"curies":[{"name":"wp","href":"https:\/\/api.w.org\/{rel}","templated":true}]}}