{"id":33472,"date":"2026-03-11T17:29:00","date_gmt":"2026-03-11T16:29:00","guid":{"rendered":"http:\/\/www.photosmile.be\/?p=33472"},"modified":"2026-04-30T17:30:37","modified_gmt":"2026-04-30T15:30:37","slug":"checklist-organiser-communion","status":"publish","type":"post","link":"https:\/\/www.smartphoto.be\/inspiration\/checklist-organiser-communion","title":{"rendered":"La checklist ultime pour organiser votre f\u00eate de communion ou confirmation"},"content":{"rendered":"\n<h3 class=\"wp-block-heading\">Organiser une communion : checklist compl\u00e8te pour une f\u00eate inoubliable<\/h3>\n\n\n\n<p>Vous pr\u00e9parez la <a href=\"https:\/\/www.smartphoto.be\/fr\/communion\/faire-part-communion\">1\u00e8re communion<\/a> ou la confirmation de votre enfant en 2025 ? Que vous organisiez une petite f\u00eate \u00e0 la maison ou un grand \u00e9v\u00e9nement avec salle et traiteur, cette checklist vous aidera \u00e0 ne rien oublier. Qu&rsquo;il s&rsquo;agisse d&rsquo;une communion chr\u00e9tienne ou d&rsquo;une f\u00eate la\u00efque, cette checklist peut venir en aide aux parents pour tout type de c\u00e9l\u00e9bration.<\/p>\n\n\n\n<p>L&rsquo;organisation d&rsquo;une premi\u00e8re communion ou toute c\u00e9l\u00e9bration de ce type se compose de deux parties distinctes la c\u00e9l\u00e9bration religieuse ou la\u00efque, et la r\u00e9ception. Avant, pendant et apr\u00e8s la c\u00e9l\u00e9bration, de nombreux d\u00e9tails sont \u00e0 pr\u00e9voir. Suivez nos conseils pour organiser une communion sans stress et cr\u00e9er des souvenirs m\u00e9morables !<\/p>\n\n\n<div class=\"wp-block-image\">\n<figure class=\"aligncenter size-full\"><img loading=\"lazy\" decoding=\"async\" width=\"1024\" height=\"768\" src=\"https:\/\/storage.googleapis.com\/smartphoto-express-production-wp-blogs-com\/9\/2024\/03\/Jongen_meisje_Bellenblazen-1024x768-1.jpg\" alt=\"Photod e 2 enfants de 7 ans qui soufflent des bulles dans un d\u00e9cor de f\u00eate avec des ballons en arri\u00e8re plan.\" class=\"wp-image-44794\" srcset=\"https:\/\/storage.googleapis.com\/smartphoto-express-production-wp-blogs-com\/9\/2024\/03\/Jongen_meisje_Bellenblazen-1024x768-1.jpg 1024w, https:\/\/storage.googleapis.com\/smartphoto-express-production-wp-blogs-com\/9\/2024\/03\/Jongen_meisje_Bellenblazen-1024x768-1-300x225.jpg 300w, https:\/\/storage.googleapis.com\/smartphoto-express-production-wp-blogs-com\/9\/2024\/03\/Jongen_meisje_Bellenblazen-1024x768-1-768x576.jpg 768w\" sizes=\"auto, (max-width: 1024px) 100vw, 1024px\" \/><\/figure><\/div>\n\n\n<h1 class=\"wp-block-heading\">Avant le jour J : l&rsquo;organisation commence<\/h1>\n\n\n\n<h2 class=\"wp-block-heading\">Organiser une communion : 3-4 mois \u00e0 l\u2019avance<\/h2>\n\n\n\n<h3 class=\"wp-block-heading\">1. <strong>D\u00e9finissez le menu<\/strong><\/h3>\n\n\n\n<p>Pour le repas de communion, faites appel \u00e0 un traiteur ou impliquez la famille. Pensez aux allergies et aux r\u00e9gimes particuliers.<\/p>\n\n\n\n<h3 class=\"wp-block-heading\"><strong>2. \u00c9tablissez votre checklist<\/strong><\/h3>\n\n\n\n<p>Une bonne organisation commence par une liste compl\u00e8te des t\u00e2ches \u00e0 accomplir. <a href=\"https:\/\/storage.googleapis.com\/smartphoto-express-production-wp-blogs-com\/10\/2024\/03\/Checklist_Communion_FRA2024.pdf\">T\u00e9l\u00e9chargez gratuitement notre checklist<\/a> pour ne rien oublier !<\/p>\n\n\n\n<div class=\"wp-block-buttons is-content-justification-center is-layout-flex wp-container-core-buttons-is-layout-1 wp-block-buttons-is-layout-flex\">\n<div class=\"wp-block-button\"><a class=\"wp-block-button__link has-vivid-cyan-blue-background-color has-background wp-element-button\" href=\"https:\/\/storage.googleapis.com\/smartphoto-express-production-wp-blogs-com\/9\/2024\/03\/Checklist_Communion_BEFR2024-2.pdf\">Je t\u00e9l\u00e9charge la checklist<\/a><\/div>\n<\/div>\n\n\n\n<h3 class=\"wp-block-heading\">3. <strong>Fixez la date de la communion<\/strong><\/h3>\n\n\n\n<p>Tenez compte de la date de la c\u00e9r\u00e9monie et des disponibilit\u00e9s familiales. Bon \u00e0 savoir : vous pouvez b\u00e9n\u00e9ficier d&rsquo;un \u00ab\u00a0petit cong\u00e9\u00a0\u00bb pour la communion solennelle de votre enfant. <\/p>\n\n\n\n<h3 class=\"wp-block-heading\">4. <strong>Informez le parrain et la marraine<\/strong><\/h3>\n\n\n\n<p>Assurez-vous qu&rsquo;ils seront pr\u00e9sents et mettez-les \u00e0 l&rsquo;honneur le jour de la f\u00eate. Vous pouvez leur offrir un badge ou un t-shirt personnalis\u00e9 !<\/p>\n\n\n<div class=\"wp-block-image is-resized\">\n<figure class=\"aligncenter\"><img loading=\"lazy\" decoding=\"async\" width=\"700\" height=\"700\" src=\"https:\/\/storage.googleapis.com\/smartphoto-express-production-wp-blogs-com\/9\/2020\/01\/preparation-premiere-communion-8.jpg\" alt=\"Organiser une communion : badge pour parrain et marraine\" class=\"wp-image-41974\" style=\"aspect-ratio:1;width:458px;height:auto\" srcset=\"https:\/\/storage.googleapis.com\/smartphoto-express-production-wp-blogs-com\/9\/2020\/01\/preparation-premiere-communion-8.jpg 700w, https:\/\/storage.googleapis.com\/smartphoto-express-production-wp-blogs-com\/9\/2020\/01\/preparation-premiere-communion-8-150x150.jpg 150w, https:\/\/storage.googleapis.com\/smartphoto-express-production-wp-blogs-com\/9\/2020\/01\/preparation-premiere-communion-8-300x300.jpg 300w\" sizes=\"auto, (max-width: 700px) 100vw, 700px\" \/><figcaption class=\"wp-element-caption\">Badge &lsquo;Marraine\u00a0\u00bb pour le jour de la f\u00eate. <a href=\"https:\/\/www.smartphoto.be\/fr\/cadeaux-photo\/badge-photo\">Cr\u00e9ez le v\u00f4tre ici<\/a> <\/figcaption><\/figure><\/div>\n\n\n<h3 class=\"wp-block-heading\">5. <strong>D\u00e9finissez un budget<\/strong><\/h3>\n\n\n\n<p>Quel budget faut-il pr\u00e9voir pour une communion ? Cela d\u00e9pend de votre organisation, et du nombre d&rsquo;invit\u00e9s bien s\u00fbr. <span style=\"font-weight: 400\">Se <\/span><b>fixer un budget<\/b><span style=\"font-weight: 400\"> pour organiser une communion est la meilleure fa\u00e7on degarder ses d\u00e9penses sous contr\u00f4le.<\/span> <span style=\"font-weight: 400\">Les co\u00fbts peuvent tr\u00e8s vite monter, en voici une petite liste : <\/span><\/p>\n\n\n\n<ul class=\"wp-block-list\">\n<li><span style=\"font-weight: 400\">la location de la salle<\/span> ou tente pour le jardin<\/li>\n\n\n\n<li>la d\u00e9coration, vaisselle etc.<\/li>\n\n\n\n<li><span style=\"font-weight: 400\">le photographe<\/span><\/li>\n\n\n\n<li><span style=\"font-weight: 400\">les invitations<\/span> et cartes de remerciement<\/li>\n\n\n\n<li><span style=\"font-weight: 400\">la nourriture (\u00e9ventuellement traiteur)<\/span><\/li>\n\n\n\n<li><span style=\"font-weight: 400\">l\u2019animation d\u2019enfants<\/span>, des jeux (il est possible d&rsquo;en louer)<\/li>\n<\/ul>\n\n\n\n<p>Essayez de fixer un budget r\u00e9aliste et tenez compte d&rsquo;\u00e9ventuelles d\u00e9penses impr\u00e9vues\/ suppl\u00e9mentaires, il y en aura sans doute. Pr\u00e9voyez une enveloppe suffisante aussi pour les invitations et remerciements, ainsi qu&rsquo;une marge pour les impr\u00e9vus de derni\u00e8re minute.<\/p>\n\n\n\n<h3 class=\"wp-block-heading\">6. <strong>R\u00e9servez le lieu de r\u00e9ception<\/strong><\/h3>\n\n\n\n<p><span style=\"font-weight: 400\">Organiser une f\u00eate de communion \u00e0 la maison est certainement la formule la plus courante, mais ce n&rsquo;est pas toujours possible ou souhait\u00e9. Vous pouvez <strong>louer une salle de f\u00eate<\/strong>, ou certains membres de la famille proposent parfois de mettre leur maison et jardin \u00e0 disposition. Prenez en compte ces \u00e9l\u00e9ments:<\/span><\/p>\n\n\n\n<ul class=\"wp-block-list\">\n<li><span style=\"font-weight: 400\">Louer une salle co\u00fbte plus cher, mais \u00e7a diminue un peu le stress., surtout si le mat\u00e9riel, le nettoyage  et le catering sont inclus par exemple.<\/span><\/li>\n\n\n\n<li><span style=\"font-weight: 400\">Organiser la f\u00eate chez vous, c\u2019est plus chaleureux, mais \u00e7a implique beaucoup de pr\u00e9paration. <\/span><\/li>\n<\/ul>\n\n\n\n<p>Dans tous les cas, il faut s&rsquo;assurer d&rsquo;avoir un espace suffisant pour que les enfants puissent se d\u00e9fouler, et suffisamment de chaises pour que les adultes puissent s&rsquo;assoir. Si l\u2019on choisit d\u2019organiser une communion en ext\u00e9rieur, pensez bien \u00e0 avoir un plan B en cas de pluie, ou \u00e0 louer une tente.<\/p>\n\n\n\n<h3 class=\"wp-block-heading\">7. <strong>Dressez la liste des invit\u00e9s<\/strong><\/h3>\n\n\n\n<p>Notez toutes les personnes que vous souhaitez convier et adaptez vos pr\u00e9paratifs en cons\u00e9quence.<\/p>\n\n\n\n<p><span style=\"font-weight: 400\">Notez sur une feuille toutes les personnes dont la pr\u00e9sence est souhait\u00e9e : vos <\/span><b>amis <\/b>(<span style=\"font-weight: 400\">n\u2019oubliez pas leur conjoint et leurs enfants) &#8211; la <\/span><b>famille <\/b><span style=\"font-weight: 400\">mais aussi les <\/span><b>amis de l&rsquo;enfant qui c\u00e9l\u00e8bre sa communion<\/b>.<\/p>\n\n\n\n<figure class=\"wp-block-gallery aligncenter has-nested-images columns-default is-cropped wp-block-gallery-1 is-layout-flex wp-block-gallery-is-layout-flex\">\n<figure class=\"wp-block-image size-full\"><img loading=\"lazy\" decoding=\"async\" width=\"768\" height=\"1024\" data-id=\"44815\" src=\"https:\/\/storage.googleapis.com\/smartphoto-express-production-wp-blogs-com\/9\/2024\/03\/Olivia_Ballon-1-768x1024-1.jpg\" alt=\"Organiser une communion \u00e0 la maison : f\u00eate au jardin\" class=\"wp-image-44815\" srcset=\"https:\/\/storage.googleapis.com\/smartphoto-express-production-wp-blogs-com\/9\/2024\/03\/Olivia_Ballon-1-768x1024-1.jpg 768w, https:\/\/storage.googleapis.com\/smartphoto-express-production-wp-blogs-com\/9\/2024\/03\/Olivia_Ballon-1-768x1024-1-225x300.jpg 225w\" sizes=\"auto, (max-width: 768px) 100vw, 768px\" \/><\/figure>\n\n\n\n<figure class=\"wp-block-image size-full\"><img loading=\"lazy\" decoding=\"async\" width=\"768\" height=\"1024\" data-id=\"44816\" src=\"https:\/\/storage.googleapis.com\/smartphoto-express-production-wp-blogs-com\/9\/2024\/03\/Jongen_skateboard_2-2-768x1024-1.jpg\" alt=\"Organiser une communion \u00e0 la maison : f\u00eate au jardin\" class=\"wp-image-44816\" srcset=\"https:\/\/storage.googleapis.com\/smartphoto-express-production-wp-blogs-com\/9\/2024\/03\/Jongen_skateboard_2-2-768x1024-1.jpg 768w, https:\/\/storage.googleapis.com\/smartphoto-express-production-wp-blogs-com\/9\/2024\/03\/Jongen_skateboard_2-2-768x1024-1-225x300.jpg 225w\" sizes=\"auto, (max-width: 768px) 100vw, 768px\" \/><\/figure>\n<\/figure>\n\n\n\n<h3 class=\"wp-block-heading\">8. <strong>Choisissez un th\u00e8me de communion<\/strong><\/h3>\n\n\n\n<p>Une couleur, un style, une ambiance&#8230; Un <a href=\"https:\/\/www.smartphoto.be\/fr\/communion\/selection-design?sortmethod[0]=new&amp;theme=theme.communion.favorscards\">th\u00e8me <\/a>simplifie les choix de d\u00e9coration et d\u2019invitations.<\/p>\n\n\n\n<h4 class=\"wp-block-heading\"><span style=\"font-weight: 400\">Votre enfant peut personnaliser sa f\u00eate en choisissant un th\u00e8me qu\u2019il aime pour la pr\u00e9paration de sa communion : une couleur, une atmosphere, un syle\u2026 Ce th\u00e8me sera le <\/span><b>fil conducteur<\/b><span style=\"font-weight: 400\"> des invitations et de la d\u00e9coration de table. Laissez-vous inspirer par les id\u00e9es de votre petit bout, c\u2019est sa f\u00eate !<\/span> <strong>C&rsquo;est facultatif, mais cela peut beaucoup vous faciliter la vie pour la suite des d\u00e9cisions : design de l&rsquo;invitation, d\u00e9co, musique, etc.<\/strong><\/h4>\n\n\n\n<h3 class=\"wp-block-heading\">9. <strong>R\u00e9servez les prestataires<\/strong>: <strong>Location de chaises, photographe, catering<\/strong>, etc.<\/h3>\n\n\n\n<p>Photographe, traiteur, mobilier, animation de communion,&#8230; Si vous d\u00e9cidez de faire appel \u00e0 des professionnels, c&rsquo;est le moment de choisir et s\u00e9lectionner les services appropri\u00e9s.<\/p>\n\n\n\n<p>Il arrive que la prise de photo ne soit pas autoris\u00e9e au moment de la c\u00e9r\u00e9monie, mais il est possible de faire de belles photos souvenir du communiant \u00e0 d&rsquo;autres moments, juste avant la communion, \u00e0 la sortie de la c\u00e9r\u00e9monie et pendant les festivit\u00e9s. Ces souvenirs seront pr\u00e9cieux !<\/p>\n\n\n\n<h3 class=\"wp-block-heading\">10. Faites appel \u00e0 l&rsquo;\u00e9quipe<\/h3>\n\n\n\n<p>Si la f\u00eate est pr\u00e9vue chez vous, rassemblez votre propre \u201c<strong>\u00e9quipe de soutien<\/strong>\u201d et faites-vous aider par des prestataires. Peut-\u00eatre votre nounou peut-elle s\u2019occuper des enfants? Ou votre meilleure amie pourrait servir les boissons ? Go go go, \u00e9quipe communion !<\/p>\n\n\n\n<h3 class=\"wp-block-heading\">11. <strong>Trouvez la tenue de communion<\/strong><\/h3>\n\n\n\n<p>Choisissez une belle tenue pour votre enfant et pr\u00e9voyez un rechange en cas d\u2019impr\u00e9vu.<\/p>\n\n\n\n<p>C\u2019est une journ\u00e9e importante pour le communiant, veillez \u00e0 ce qu\u2019il se sente bien dans sa tenue ! Pensez-y bien \u00e0 l\u2019avance car les plus beaux v\u00eatements des collections de printemps partent tr\u00e8s vite. Il faudra aussi penser \u00e0 une tenue appropri\u00e9e pour toute la famille pour ce grand jour.<\/p>\n\n\n\n<p><em>Petit astuce<\/em>&nbsp;: pensez aux changements de m\u00e9t\u00e9o et pr\u00e9voyez une possibilit\u00e9 de&nbsp;v\u00eatements de rechange pendant la f\u00eate, surtout si les enfants jouent&nbsp;dans le jardin.<\/p>\n\n\n\n<p>Pr\u00e9voyez \u00e9galement la <strong>coiffure <\/strong>qui convient avec la tenue : vous pouvez soit prendre rendez-vous chez le <strong>coiffeur<\/strong>, soit vous entrainer \u00e0 pr\u00e9parer une coiffure gr\u00e2ce \u00e0 des tutoriels sur Internet. A pr\u00e9parer bien avant le jour J pour \u00e9viter tout stress inutile. Pensez \u00e9galement aux accessoires \u00e9ventuels.<\/p>\n\n\n\n<h3 class=\"wp-block-heading\"><strong>12. Composez le menu<\/strong><\/h3>\n\n\n\n<p>Que vous d\u00e9cidiez de faire appel \u00e0 un&nbsp;<strong>traiteur&nbsp;<\/strong>ou de faire appel aux cordons bleus de la famille, il va falloir choisir un menu qui convienne \u00e0 tout le monde. Tenez en compte les allergies et les v\u00e9g\u00e9tariens, vos invit\u00e9s seront touch\u00e9s.<\/p>\n\n\n<div class=\"wp-block-image is-resized\">\n<figure class=\"aligncenter size-full\"><img loading=\"lazy\" decoding=\"async\" width=\"1024\" height=\"768\" src=\"https:\/\/storage.googleapis.com\/smartphoto-express-production-wp-blogs-com\/9\/2024\/03\/Tafel-1-1024x768-1.jpg\" alt=\"Table de communion: cr\u00e9er une atmosph\u00e8re festive \u00e0 table avec des acccessoires personnalis\u00e9s\" class=\"wp-image-44823\" srcset=\"https:\/\/storage.googleapis.com\/smartphoto-express-production-wp-blogs-com\/9\/2024\/03\/Tafel-1-1024x768-1.jpg 1024w, https:\/\/storage.googleapis.com\/smartphoto-express-production-wp-blogs-com\/9\/2024\/03\/Tafel-1-1024x768-1-300x225.jpg 300w, https:\/\/storage.googleapis.com\/smartphoto-express-production-wp-blogs-com\/9\/2024\/03\/Tafel-1-1024x768-1-768x576.jpg 768w\" sizes=\"auto, (max-width: 1024px) 100vw, 1024px\" \/><\/figure><\/div>\n\n\n<h2 class=\"wp-block-heading\">Organiser une communion :&nbsp;2-3 mois \u00e0 l\u2019avance<\/h2>\n\n\n\n<h3 class=\"wp-block-heading\"><strong>13. Organisez une s\u00e9ance photo<\/strong><\/h3>\n\n\n\n<p>Les faire-part de communion, c\u2019est une tradition adorable. A la fois l\u2019invitation papier donne une importance particuli\u00e8re \u00e0 l\u2019\u00e9v\u00e9nement, comme pour un mariage. En plus vous pouvez imprimer des cartons de remerciement avec la photo du communiant dans sa tenue de f\u00eate, pour remercier vos invit\u00e9s le jour de la f\u00eate de communion.<\/p>\n\n\n\n<p>Pour ces faire-part, essayez d\u2019avoir de chouette photos de votre communiant dans sa tenue festive ! Vous souhaitez des photos professionnelles ? R\u00e9servez &nbsp;un photographe \u00e0 temps et recherchez un&nbsp;bel endroit. Vous pr\u00e9f\u00e9rez prendre les photos vous-m\u00eames ? Jetez un coup d\u2019\u0153il sur nos&nbsp;<a href=\"https:\/\/www.smartphoto.be\/inspiration\/prendre-des-photos-de-communion-originales\">7 astuces pour prendre des photos de communion originales<\/a><strong>.<\/strong><br><\/p>\n\n\n\n<figure class=\"wp-block-gallery aligncenter has-nested-images columns-default is-cropped wp-block-gallery-2 is-layout-flex wp-block-gallery-is-layout-flex\">\n<figure class=\"wp-block-image size-full\"><img loading=\"lazy\" decoding=\"async\" width=\"768\" height=\"1024\" data-id=\"44819\" src=\"https:\/\/storage.googleapis.com\/smartphoto-express-production-wp-blogs-com\/9\/2024\/03\/Olivia_FLOWER-768x1024-2.jpg\" alt=\"F\u00eate de communion: s\u00e9ance photo\" class=\"wp-image-44819\" srcset=\"https:\/\/storage.googleapis.com\/smartphoto-express-production-wp-blogs-com\/9\/2024\/03\/Olivia_FLOWER-768x1024-2.jpg 768w, https:\/\/storage.googleapis.com\/smartphoto-express-production-wp-blogs-com\/9\/2024\/03\/Olivia_FLOWER-768x1024-2-225x300.jpg 225w\" sizes=\"auto, (max-width: 768px) 100vw, 768px\" \/><\/figure>\n\n\n\n<figure class=\"wp-block-image size-full\"><img loading=\"lazy\" decoding=\"async\" width=\"768\" height=\"1024\" data-id=\"44818\" src=\"https:\/\/storage.googleapis.com\/smartphoto-express-production-wp-blogs-com\/9\/2024\/03\/Olivia_outift-1-768x1024-1.jpg\" alt=\"F\u00eate de communion: s\u00e9ance photo\" class=\"wp-image-44818\" srcset=\"https:\/\/storage.googleapis.com\/smartphoto-express-production-wp-blogs-com\/9\/2024\/03\/Olivia_outift-1-768x1024-1.jpg 768w, https:\/\/storage.googleapis.com\/smartphoto-express-production-wp-blogs-com\/9\/2024\/03\/Olivia_outift-1-768x1024-1-225x300.jpg 225w\" sizes=\"auto, (max-width: 768px) 100vw, 768px\" \/><\/figure>\n<\/figure>\n\n\n\n<h3 class=\"wp-block-heading\">14. Surprenez avec vos invitations<\/h3>\n\n\n\n<p>Commandez les&nbsp;<a href=\"https:\/\/www.smartphoto.be\/fr\/communion\/faire-part-communion\">invitations&nbsp;<\/a>de&nbsp;communion suffisamment \u00e0 l\u2019avance pour avoir le temps de les mettre sous pli et les envoyer. <\/p>\n\n\n\n<p>Assurez-vous qu\u2019elles contiennent toutes les informations essentielles : <\/p>\n\n\n\n<ul class=\"wp-block-list\">\n<li>votre&nbsp;<strong>nom<\/strong>, <\/li>\n\n\n\n<li>la&nbsp;<strong>date<\/strong>,&nbsp;<strong>l\u2019heure,&nbsp;<\/strong>le&nbsp;<strong>lieu&nbsp;<\/strong>de la r\u00e9ception, <\/li>\n\n\n\n<li>vos&nbsp;<strong>coordonn\u00e9es<\/strong>, <\/li>\n\n\n\n<li>le&nbsp;<strong>th\u00e8me&nbsp;<\/strong>de la f\u00eate.&nbsp;<\/li>\n<\/ul>\n\n\n\n<p>Avez-vous besoin d\u2019aide pour cr\u00e9er vos cartes de communion ? D\u00e9couvrez&nbsp;<a href=\"https:\/\/www.smartphoto.be\/inspiration\/prendre-des-photos-de-communion-originales\">notre post inspirant sur les cartes de communion<\/a>&nbsp;<\/p>\n\n\n\n<figure class=\"wp-block-gallery aligncenter has-nested-images columns-3 is-cropped wp-block-gallery-3 is-layout-flex wp-block-gallery-is-layout-flex\">\n<figure class=\"wp-block-image size-medium\"><a href=\"https:\/\/storage.googleapis.com\/smartphoto-express-production-wp-blogs-com\/9\/2024\/03\/design-de-carte-1ere-communion-1.jpg\" target=\"_blank\" rel=\"noopener\"><img loading=\"lazy\" decoding=\"async\" width=\"300\" height=\"300\" data-id=\"45477\" src=\"https:\/\/storage.googleapis.com\/smartphoto-express-production-wp-blogs-com\/9\/2024\/03\/design-de-carte-1ere-communion-1-300x300.jpg\" alt=\"Design color\u00e9 pour invitation de communion\" class=\"wp-image-45477\" srcset=\"https:\/\/storage.googleapis.com\/smartphoto-express-production-wp-blogs-com\/9\/2024\/03\/design-de-carte-1ere-communion-1-300x300.jpg 300w, https:\/\/storage.googleapis.com\/smartphoto-express-production-wp-blogs-com\/9\/2024\/03\/design-de-carte-1ere-communion-1-150x150.jpg 150w, https:\/\/storage.googleapis.com\/smartphoto-express-production-wp-blogs-com\/9\/2024\/03\/design-de-carte-1ere-communion-1.jpg 700w\" sizes=\"auto, (max-width: 300px) 100vw, 300px\" \/><\/a><\/figure>\n\n\n\n<figure class=\"wp-block-image size-medium\"><a href=\"https:\/\/storage.googleapis.com\/smartphoto-express-production-wp-blogs-com\/9\/2024\/03\/design-de-carte-1ere-communion-2.jpg\" target=\"_blank\" rel=\"noopener\"><img loading=\"lazy\" decoding=\"async\" width=\"300\" height=\"300\" data-id=\"45478\" src=\"https:\/\/storage.googleapis.com\/smartphoto-express-production-wp-blogs-com\/9\/2024\/03\/design-de-carte-1ere-communion-2-300x300.jpg\" alt=\"Design fleurs pour invitation de communion\" class=\"wp-image-45478\" srcset=\"https:\/\/storage.googleapis.com\/smartphoto-express-production-wp-blogs-com\/9\/2024\/03\/design-de-carte-1ere-communion-2-300x300.jpg 300w, https:\/\/storage.googleapis.com\/smartphoto-express-production-wp-blogs-com\/9\/2024\/03\/design-de-carte-1ere-communion-2-150x150.jpg 150w, https:\/\/storage.googleapis.com\/smartphoto-express-production-wp-blogs-com\/9\/2024\/03\/design-de-carte-1ere-communion-2.jpg 700w\" sizes=\"auto, (max-width: 300px) 100vw, 300px\" \/><\/a><\/figure>\n\n\n\n<figure class=\"wp-block-image size-medium\"><a href=\"https:\/\/storage.googleapis.com\/smartphoto-express-production-wp-blogs-com\/9\/2024\/03\/design-de-carte-1ere-communion-3.jpg\" target=\"_blank\" rel=\"noopener\"><img loading=\"lazy\" decoding=\"async\" width=\"300\" height=\"300\" data-id=\"45476\" src=\"https:\/\/storage.googleapis.com\/smartphoto-express-production-wp-blogs-com\/9\/2024\/03\/design-de-carte-1ere-communion-3-300x300.jpg\" alt=\"Design color\u00e9 pour invitation de communion\" class=\"wp-image-45476\" srcset=\"https:\/\/storage.googleapis.com\/smartphoto-express-production-wp-blogs-com\/9\/2024\/03\/design-de-carte-1ere-communion-3-300x300.jpg 300w, https:\/\/storage.googleapis.com\/smartphoto-express-production-wp-blogs-com\/9\/2024\/03\/design-de-carte-1ere-communion-3-150x150.jpg 150w, https:\/\/storage.googleapis.com\/smartphoto-express-production-wp-blogs-com\/9\/2024\/03\/design-de-carte-1ere-communion-3.jpg 700w\" sizes=\"auto, (max-width: 300px) 100vw, 300px\" \/><\/a><\/figure>\n\n\n\n<figure class=\"wp-block-image size-medium\"><a href=\"https:\/\/storage.googleapis.com\/smartphoto-express-production-wp-blogs-com\/9\/2024\/03\/design-de-carte-1ere-communion-4.jpg\" target=\"_blank\" rel=\"noopener\"><img loading=\"lazy\" decoding=\"async\" width=\"300\" height=\"300\" data-id=\"45480\" src=\"https:\/\/storage.googleapis.com\/smartphoto-express-production-wp-blogs-com\/9\/2024\/03\/design-de-carte-1ere-communion-4-300x300.jpg\" alt=\"Design arc en ciel boho pour invitation de communion\" class=\"wp-image-45480\" srcset=\"https:\/\/storage.googleapis.com\/smartphoto-express-production-wp-blogs-com\/9\/2024\/03\/design-de-carte-1ere-communion-4-300x300.jpg 300w, https:\/\/storage.googleapis.com\/smartphoto-express-production-wp-blogs-com\/9\/2024\/03\/design-de-carte-1ere-communion-4-150x150.jpg 150w, https:\/\/storage.googleapis.com\/smartphoto-express-production-wp-blogs-com\/9\/2024\/03\/design-de-carte-1ere-communion-4.jpg 700w\" sizes=\"auto, (max-width: 300px) 100vw, 300px\" \/><\/a><\/figure>\n\n\n\n<figure class=\"wp-block-image size-medium\"><a href=\"https:\/\/storage.googleapis.com\/smartphoto-express-production-wp-blogs-com\/9\/2024\/03\/design-de-carte-1ere-communion-5.jpg\" target=\"_blank\" rel=\"noopener\"><img loading=\"lazy\" decoding=\"async\" width=\"300\" height=\"300\" data-id=\"45479\" src=\"https:\/\/storage.googleapis.com\/smartphoto-express-production-wp-blogs-com\/9\/2024\/03\/design-de-carte-1ere-communion-5-300x300.jpg\" alt=\"Design fun skateboard pour invitation de communion\" class=\"wp-image-45479\" srcset=\"https:\/\/storage.googleapis.com\/smartphoto-express-production-wp-blogs-com\/9\/2024\/03\/design-de-carte-1ere-communion-5-300x300.jpg 300w, https:\/\/storage.googleapis.com\/smartphoto-express-production-wp-blogs-com\/9\/2024\/03\/design-de-carte-1ere-communion-5-150x150.jpg 150w, https:\/\/storage.googleapis.com\/smartphoto-express-production-wp-blogs-com\/9\/2024\/03\/design-de-carte-1ere-communion-5.jpg 700w\" sizes=\"auto, (max-width: 300px) 100vw, 300px\" \/><\/a><\/figure>\n\n\n\n<figure class=\"wp-block-image size-medium\"><a href=\"https:\/\/storage.googleapis.com\/smartphoto-express-production-wp-blogs-com\/9\/2024\/03\/design-de-carte-1ere-communion-6.jpg\" target=\"_blank\" rel=\"noopener\"><img loading=\"lazy\" decoding=\"async\" width=\"300\" height=\"300\" data-id=\"45475\" src=\"https:\/\/storage.googleapis.com\/smartphoto-express-production-wp-blogs-com\/9\/2024\/03\/design-de-carte-1ere-communion-6-300x300.jpg\" alt=\"Design color\u00e9 citrons pour invitation de communion\" class=\"wp-image-45475\" srcset=\"https:\/\/storage.googleapis.com\/smartphoto-express-production-wp-blogs-com\/9\/2024\/03\/design-de-carte-1ere-communion-6-300x300.jpg 300w, https:\/\/storage.googleapis.com\/smartphoto-express-production-wp-blogs-com\/9\/2024\/03\/design-de-carte-1ere-communion-6-150x150.jpg 150w, https:\/\/storage.googleapis.com\/smartphoto-express-production-wp-blogs-com\/9\/2024\/03\/design-de-carte-1ere-communion-6.jpg 700w\" sizes=\"auto, (max-width: 300px) 100vw, 300px\" \/><\/a><\/figure>\n\n\n\n<figure class=\"wp-block-image size-medium\"><a href=\"https:\/\/storage.googleapis.com\/smartphoto-express-production-wp-blogs-com\/9\/2024\/03\/image-5.png\" target=\"_blank\" rel=\"noopener\"><img loading=\"lazy\" decoding=\"async\" width=\"300\" height=\"212\" data-id=\"44800\" src=\"https:\/\/storage.googleapis.com\/smartphoto-express-production-wp-blogs-com\/9\/2024\/03\/image-5-300x212.png\" alt=\"Design color block pour invitation de communion\" class=\"wp-image-44800\" srcset=\"https:\/\/storage.googleapis.com\/smartphoto-express-production-wp-blogs-com\/9\/2024\/03\/image-5-300x212.png 300w, https:\/\/storage.googleapis.com\/smartphoto-express-production-wp-blogs-com\/9\/2024\/03\/image-5.png 557w\" sizes=\"auto, (max-width: 300px) 100vw, 300px\" \/><\/a><\/figure>\n\n\n\n<figure class=\"wp-block-image size-medium\"><a href=\"https:\/\/storage.googleapis.com\/smartphoto-express-production-wp-blogs-com\/9\/2024\/03\/image-4.png\" target=\"_blank\" rel=\"noopener\"><img loading=\"lazy\" decoding=\"async\" width=\"300\" height=\"212\" data-id=\"44802\" src=\"https:\/\/storage.googleapis.com\/smartphoto-express-production-wp-blogs-com\/9\/2024\/03\/image-4-300x212.png\" alt=\"Design shapes pour invitation de communion\" class=\"wp-image-44802\" srcset=\"https:\/\/storage.googleapis.com\/smartphoto-express-production-wp-blogs-com\/9\/2024\/03\/image-4-300x212.png 300w, https:\/\/storage.googleapis.com\/smartphoto-express-production-wp-blogs-com\/9\/2024\/03\/image-4.png 556w\" sizes=\"auto, (max-width: 300px) 100vw, 300px\" \/><\/a><\/figure>\n\n\n\n<figure class=\"wp-block-image size-medium\"><a href=\"https:\/\/storage.googleapis.com\/smartphoto-express-production-wp-blogs-com\/9\/2024\/03\/image-2.png\" target=\"_blank\" rel=\"noopener\"><img loading=\"lazy\" decoding=\"async\" width=\"300\" height=\"214\" data-id=\"44799\" src=\"https:\/\/storage.googleapis.com\/smartphoto-express-production-wp-blogs-com\/9\/2024\/03\/image-2-300x214.png\" alt=\"Design boho po\u00e9tique pour invitation de communion\" class=\"wp-image-44799\" srcset=\"https:\/\/storage.googleapis.com\/smartphoto-express-production-wp-blogs-com\/9\/2024\/03\/image-2-300x214.png 300w, https:\/\/storage.googleapis.com\/smartphoto-express-production-wp-blogs-com\/9\/2024\/03\/image-2.png 559w\" sizes=\"auto, (max-width: 300px) 100vw, 300px\" \/><\/a><\/figure>\n<\/figure>\n\n\n\n<h3 class=\"wp-block-heading\"><strong>15. Imprimez vos menu<\/strong>s<\/h3>\n\n\n\n<p>Apr\u00e8s le choix des faire-part de communion, vous pouvez \u00e9galement commander<a href=\"https:\/\/www.smartphoto.be\/fr\/communion\/faire-part-communion\/selection-design?pcg=cards.large&amp;occ=kids&amp;theme=theme.communion.menu&amp;purpose=Menu\"> vos cartes menu<\/a>, un chouette extra \u00e0 la d\u00e9coration de la f\u00eate ! Vous pouvez reprendre le m\u00eame design que vos invitations pour qu\u2019elles soient assorties. Vous trouverez plusieurs designs sur notre site web.<\/p>\n\n\n<div class=\"wp-block-image is-resized\">\n<figure class=\"aligncenter size-full\"><img loading=\"lazy\" decoding=\"async\" width=\"1024\" height=\"768\" src=\"https:\/\/storage.googleapis.com\/smartphoto-express-production-wp-blogs-com\/9\/2024\/03\/Menukaart-1024x768-2.jpg\" alt=\"impression menu de communion smartphoto\" class=\"wp-image-44808\" srcset=\"https:\/\/storage.googleapis.com\/smartphoto-express-production-wp-blogs-com\/9\/2024\/03\/Menukaart-1024x768-2.jpg 1024w, https:\/\/storage.googleapis.com\/smartphoto-express-production-wp-blogs-com\/9\/2024\/03\/Menukaart-1024x768-2-300x225.jpg 300w, https:\/\/storage.googleapis.com\/smartphoto-express-production-wp-blogs-com\/9\/2024\/03\/Menukaart-1024x768-2-768x576.jpg 768w\" sizes=\"auto, (max-width: 1024px) 100vw, 1024px\" \/><\/figure><\/div>\n\n\n<h3 class=\"wp-block-heading\">16. <strong>Pr\u00e9voyez des animations de communion pour les enfants<\/strong><\/h3>\n\n\n\n<p>Il est difficile pour les enfants de rester longtemps \u00e0 table. Pr\u00e9voyez quelques activit\u00e9s pour qu\u2019ils puissent s&rsquo;occuper facilement pendant que les adultes sont \u00e0 table.<\/p>\n\n\n\n<p>Vous pouvez par exemple organiser <strong>une chasse aux photos<\/strong> ! Les enfants doivent alors prendre un clich\u00e9 de chaque sujet list\u00e9. Le plus rapide remporte le concours. Pour vous aider, on a pr\u00e9par\u00e9 une chasse aux photos ! Il ne vous reste plus qu\u2019\u00e0 l\u2019imprimer.<\/p>\n\n\n\n<div class=\"wp-block-buttons is-content-justification-center is-layout-flex wp-container-core-buttons-is-layout-2 wp-block-buttons-is-layout-flex\">\n<div class=\"wp-block-button\"><a class=\"wp-block-button__link has-vivid-cyan-blue-background-color has-background wp-element-button\" href=\"https:\/\/storage.googleapis.com\/smartphoto-express-production-wp-blogs-com\/9\/2023\/04\/Jeu-pour-enfants-activite-fete-de-communion.pdf\">T\u00e9l\u00e9chargez la chasse aux photos ici<\/a><\/div>\n<\/div>\n\n\n<div class=\"wp-block-image\">\n<figure class=\"aligncenter size-full is-resized\"><img loading=\"lazy\" decoding=\"async\" width=\"1024\" height=\"768\" src=\"https:\/\/storage.googleapis.com\/smartphoto-express-production-wp-blogs-com\/9\/2024\/03\/Set-de-table-animation-communion-a-table.jpg\" alt=\"Set de table personnalis\u00e9 avec coloriage au verso\" class=\"wp-image-45481\" style=\"width:553px;height:auto\" srcset=\"https:\/\/storage.googleapis.com\/smartphoto-express-production-wp-blogs-com\/9\/2024\/03\/Set-de-table-animation-communion-a-table.jpg 1024w, https:\/\/storage.googleapis.com\/smartphoto-express-production-wp-blogs-com\/9\/2024\/03\/Set-de-table-animation-communion-a-table-300x225.jpg 300w, https:\/\/storage.googleapis.com\/smartphoto-express-production-wp-blogs-com\/9\/2024\/03\/Set-de-table-animation-communion-a-table-768x576.jpg 768w\" sizes=\"auto, (max-width: 1024px) 100vw, 1024px\" \/><figcaption class=\"wp-element-caption\">Pour animer facilement les enfants \u00e0 table, <a href=\"https:\/\/www.smartphoto.be\/fr\/cadeaux-photo\/lot-sets-de-table-photo?optiongroup=coloringpage&amp;theme=theme.communion.decoration\">pensez aux set de table avec coloriage<\/a><\/figcaption><\/figure><\/div>\n\n\n<h3 class=\"wp-block-heading\">17. Pr\u00e9paration des cadeaux pour les invit\u00e9s<\/h3>\n\n\n\n<p>Remerciez vos invit\u00e9s en leur offrant un petit cadeau pendant la f\u00eate. Les <a href=\"https:\/\/www.smartphoto.be\/fr\/communion\/remerciements-communion-dragees\">petits cadeaux<\/a> ou <a href=\"https:\/\/www.smartphoto.be\/fr\/communion\/faire-part-communion\/selection-design?pcg=cards&amp;occ=kids&amp;theme=theme.communion.thankyou&amp;purpose=ThankYou\">cartes de remerciement<\/a> de communion sont une jolie tradition que vos pouvez adapter \u00e0 votre style : soit la classique carte souvenir avec photo du communiant en tenue de communion, avec un joli texte appropri\u00e9 pour l&rsquo;\u00e9v\u00e8nement, soit un petit cadeau plus original, voir gourmand comme des bo\u00eetes de <a href=\"https:\/\/www.smartphoto.be\/fr\/communion\/remerciements-communion-dragees\">drag\u00e9es<\/a> que vous pouvez personnaliser avec vos photos et texte, et remplir de 1000 fa\u00e7ons.<\/p>\n\n\n\n<figure class=\"wp-block-gallery aligncenter has-nested-images columns-3 is-cropped wp-block-gallery-4 is-layout-flex wp-block-gallery-is-layout-flex\">\n<figure class=\"wp-block-image size-full\"><img loading=\"lazy\" decoding=\"async\" width=\"519\" height=\"333\" data-id=\"44810\" src=\"https:\/\/storage.googleapis.com\/smartphoto-express-production-wp-blogs-com\/9\/2024\/03\/phpOdRUKh_63c1248b00009_63c12495b9ea8-edited.jpg\" alt=\"petits cadeaux pour les invit\u00e9s: Sachets de drag\u00e9es avec pampille\" class=\"wp-image-44810\" srcset=\"https:\/\/storage.googleapis.com\/smartphoto-express-production-wp-blogs-com\/9\/2024\/03\/phpOdRUKh_63c1248b00009_63c12495b9ea8-edited.jpg 519w, https:\/\/storage.googleapis.com\/smartphoto-express-production-wp-blogs-com\/9\/2024\/03\/phpOdRUKh_63c1248b00009_63c12495b9ea8-edited-300x192.jpg 300w\" sizes=\"auto, (max-width: 519px) 100vw, 519px\" \/><figcaption class=\"wp-element-caption\">Sachets de drag\u00e9es avec pampille<\/figcaption><\/figure>\n\n\n\n<figure class=\"wp-block-image size-full\"><img loading=\"lazy\" decoding=\"async\" width=\"662\" height=\"441\" data-id=\"44811\" src=\"https:\/\/storage.googleapis.com\/smartphoto-express-production-wp-blogs-com\/9\/2024\/03\/phpdLBMVs_63dd11da78285_63dd11e1939fe-edited.jpg\" alt=\"Bo\u00eetes pour drag\u00e9es avec \u00e9tiquettes rectangulaires\" class=\"wp-image-44811\" srcset=\"https:\/\/storage.googleapis.com\/smartphoto-express-production-wp-blogs-com\/9\/2024\/03\/phpdLBMVs_63dd11da78285_63dd11e1939fe-edited.jpg 662w, https:\/\/storage.googleapis.com\/smartphoto-express-production-wp-blogs-com\/9\/2024\/03\/phpdLBMVs_63dd11da78285_63dd11e1939fe-edited-300x200.jpg 300w\" sizes=\"auto, (max-width: 662px) 100vw, 662px\" \/><figcaption class=\"wp-element-caption\">Yoyos personnalis\u00e9s<\/figcaption><\/figure>\n\n\n\n<figure class=\"wp-block-image size-full\"><img loading=\"lazy\" decoding=\"async\" width=\"669\" height=\"445\" data-id=\"44812\" src=\"https:\/\/storage.googleapis.com\/smartphoto-express-production-wp-blogs-com\/9\/2024\/03\/phphvQJ8L_63dd0cd1e3dce_63dd0cdac77ab-edited.jpg\" alt=\"petits cadeaux pour les invit\u00e9s Tubes \u00e0 bulles\" class=\"wp-image-44812\" srcset=\"https:\/\/storage.googleapis.com\/smartphoto-express-production-wp-blogs-com\/9\/2024\/03\/phphvQJ8L_63dd0cd1e3dce_63dd0cdac77ab-edited.jpg 669w, https:\/\/storage.googleapis.com\/smartphoto-express-production-wp-blogs-com\/9\/2024\/03\/phphvQJ8L_63dd0cd1e3dce_63dd0cdac77ab-edited-300x200.jpg 300w\" sizes=\"auto, (max-width: 669px) 100vw, 669px\" \/><figcaption class=\"wp-element-caption\">Tubes \u00e0 bulles<\/figcaption><\/figure>\n\n\n\n<figure class=\"wp-block-image size-full\"><img loading=\"lazy\" decoding=\"async\" width=\"632\" height=\"434\" data-id=\"44824\" src=\"https:\/\/storage.googleapis.com\/smartphoto-express-production-wp-blogs-com\/9\/2024\/03\/carrousel1-2-1-edited.jpg\" alt=\"petits cadeaux pour les invit\u00e9s Bo\u00eete \u00e0 drag\u00e9es personnalis\u00e9e\" class=\"wp-image-44824\" srcset=\"https:\/\/storage.googleapis.com\/smartphoto-express-production-wp-blogs-com\/9\/2024\/03\/carrousel1-2-1-edited.jpg 632w, https:\/\/storage.googleapis.com\/smartphoto-express-production-wp-blogs-com\/9\/2024\/03\/carrousel1-2-1-edited-300x206.jpg 300w\" sizes=\"auto, (max-width: 632px) 100vw, 632px\" \/><figcaption class=\"wp-element-caption\">Bo\u00eete \u00e0 drag\u00e9es personnalis\u00e9e<\/figcaption><\/figure>\n\n\n\n<figure class=\"wp-block-image size-full\"><img loading=\"lazy\" decoding=\"async\" width=\"800\" height=\"532\" data-id=\"44825\" src=\"https:\/\/storage.googleapis.com\/smartphoto-express-production-wp-blogs-com\/9\/2024\/03\/phpUpuMCs_63eb9c20985a1_63eb9c280a25e.jpg\" alt=\"petits cadeaux pour les invit\u00e9s Colliers de bonbon pour communion\" class=\"wp-image-44825\" srcset=\"https:\/\/storage.googleapis.com\/smartphoto-express-production-wp-blogs-com\/9\/2024\/03\/phpUpuMCs_63eb9c20985a1_63eb9c280a25e.jpg 800w, https:\/\/storage.googleapis.com\/smartphoto-express-production-wp-blogs-com\/9\/2024\/03\/phpUpuMCs_63eb9c20985a1_63eb9c280a25e-300x200.jpg 300w, https:\/\/storage.googleapis.com\/smartphoto-express-production-wp-blogs-com\/9\/2024\/03\/phpUpuMCs_63eb9c20985a1_63eb9c280a25e-768x511.jpg 768w\" sizes=\"auto, (max-width: 800px) 100vw, 800px\" \/><figcaption class=\"wp-element-caption\">Colliers de bonbon pour communion<\/figcaption><\/figure>\n\n\n\n<figure class=\"wp-block-image size-full\"><a href=\"https:\/\/www.smartphoto.be\/fr\/cadeaux-photo\/emballage-boite-chips\"><img loading=\"lazy\" decoding=\"async\" width=\"780\" height=\"537\" data-id=\"45484\" src=\"https:\/\/storage.googleapis.com\/smartphoto-express-production-wp-blogs-com\/9\/2025\/03\/Boite-a-chips-personnalisees-pour-cadeau-de-communion.jpg\" alt=\"petits cadeaux pour les invit\u00e9s emballage personnalis\u00e9s pour petit paquet de chips\" class=\"wp-image-45484\" srcset=\"https:\/\/storage.googleapis.com\/smartphoto-express-production-wp-blogs-com\/9\/2025\/03\/Boite-a-chips-personnalisees-pour-cadeau-de-communion.jpg 780w, https:\/\/storage.googleapis.com\/smartphoto-express-production-wp-blogs-com\/9\/2025\/03\/Boite-a-chips-personnalisees-pour-cadeau-de-communion-300x207.jpg 300w, https:\/\/storage.googleapis.com\/smartphoto-express-production-wp-blogs-com\/9\/2025\/03\/Boite-a-chips-personnalisees-pour-cadeau-de-communion-768x529.jpg 768w\" sizes=\"auto, (max-width: 780px) 100vw, 780px\" \/><\/a><figcaption class=\"wp-element-caption\">Emballage personnalis\u00e9 Chips<\/figcaption><\/figure>\n<\/figure>\n\n\n\n<h3 class=\"wp-block-heading\">18. Planifiez un cadeau de remerciement pour le parrain et la marraine<\/h3>\n\n\n\n<p>Pour remercier le parrain et la marraine, il existe un <a href=\"https:\/\/www.smartphoto.be\/fr\/communion\/cadeaux-souvenir-de-communion\">large choix de cadeaux souvenirs \u00e0 personnaliser<\/a> : des \u00e9tiquettes de bouteilles, des livres photos, des cadres\u2026 Choisissez un cadeau fun ou plus classique selon la personnalit\u00e9 du parrain ou de la marraine de votre enfant.<\/p>\n\n\n\n<figure class=\"wp-block-gallery has-nested-images columns-2 is-cropped wp-block-gallery-5 is-layout-flex wp-block-gallery-is-layout-flex\">\n<figure class=\"wp-block-image size-full\"><img loading=\"lazy\" decoding=\"async\" width=\"1024\" height=\"768\" data-id=\"44813\" src=\"https:\/\/storage.googleapis.com\/smartphoto-express-production-wp-blogs-com\/9\/2024\/03\/Meter-Peter_geschenk_wijnkist-2-1024x768-1.jpg\" alt=\"cadeau pour le parrain et la marraine: boite \u00e0 vin personnalis\u00e9e en bois\" class=\"wp-image-44813\" srcset=\"https:\/\/storage.googleapis.com\/smartphoto-express-production-wp-blogs-com\/9\/2024\/03\/Meter-Peter_geschenk_wijnkist-2-1024x768-1.jpg 1024w, https:\/\/storage.googleapis.com\/smartphoto-express-production-wp-blogs-com\/9\/2024\/03\/Meter-Peter_geschenk_wijnkist-2-1024x768-1-300x225.jpg 300w, https:\/\/storage.googleapis.com\/smartphoto-express-production-wp-blogs-com\/9\/2024\/03\/Meter-Peter_geschenk_wijnkist-2-1024x768-1-768x576.jpg 768w\" sizes=\"auto, (max-width: 1024px) 100vw, 1024px\" \/><figcaption class=\"wp-element-caption\">Bo\u00eete \u00e0 vin en bois <\/figcaption><\/figure>\n\n\n\n<figure class=\"wp-block-image size-large\"><img loading=\"lazy\" decoding=\"async\" width=\"800\" height=\"532\" data-id=\"44400\" src=\"https:\/\/storage.googleapis.com\/smartphoto-express-production-wp-blogs-com\/9\/2023\/03\/souvenir-de-communion-parrain-marraine3.jpg\" alt=\"cadeau pour le parrain et la marraine: photo sur acrylique\" class=\"wp-image-44400\" srcset=\"https:\/\/storage.googleapis.com\/smartphoto-express-production-wp-blogs-com\/9\/2023\/03\/souvenir-de-communion-parrain-marraine3.jpg 800w, https:\/\/storage.googleapis.com\/smartphoto-express-production-wp-blogs-com\/9\/2023\/03\/souvenir-de-communion-parrain-marraine3-300x200.jpg 300w, https:\/\/storage.googleapis.com\/smartphoto-express-production-wp-blogs-com\/9\/2023\/03\/souvenir-de-communion-parrain-marraine3-768x511.jpg 768w\" sizes=\"auto, (max-width: 800px) 100vw, 800px\" \/><figcaption class=\"wp-element-caption\">Photo\u00e0 poser sur verrre acrylique<\/figcaption><\/figure>\n\n\n\n<figure class=\"wp-block-image size-full\"><img loading=\"lazy\" decoding=\"async\" width=\"1024\" height=\"768\" data-id=\"44814\" src=\"https:\/\/storage.googleapis.com\/smartphoto-express-production-wp-blogs-com\/9\/2024\/03\/Meter-Peter_geschenk_woodblock-1024x768-2.jpg\" alt=\"Cadeau pour le parrain et la marraine: Forex luxe photo avec fleurs s\u00e9ch\u00e9es \u00e0 poser\" class=\"wp-image-44814\" srcset=\"https:\/\/storage.googleapis.com\/smartphoto-express-production-wp-blogs-com\/9\/2024\/03\/Meter-Peter_geschenk_woodblock-1024x768-2.jpg 1024w, https:\/\/storage.googleapis.com\/smartphoto-express-production-wp-blogs-com\/9\/2024\/03\/Meter-Peter_geschenk_woodblock-1024x768-2-300x225.jpg 300w, https:\/\/storage.googleapis.com\/smartphoto-express-production-wp-blogs-com\/9\/2024\/03\/Meter-Peter_geschenk_woodblock-1024x768-2-768x576.jpg 768w\" sizes=\"auto, (max-width: 1024px) 100vw, 1024px\" \/><figcaption class=\"wp-element-caption\">Forex Luxe avec fleurs s\u00e9ch\u00e9es et support bois<\/figcaption><\/figure>\n\n\n\n<figure class=\"wp-block-image size-large\"><img loading=\"lazy\" decoding=\"async\" width=\"800\" height=\"534\" data-id=\"44401\" src=\"https:\/\/storage.googleapis.com\/smartphoto-express-production-wp-blogs-com\/9\/2023\/03\/souvenir-de-communion-parrain-marraine4.jpg\" alt=\"Cadeau pour le parrain et la marraine: Photo accord\u00e9on\" class=\"wp-image-44401\" srcset=\"https:\/\/storage.googleapis.com\/smartphoto-express-production-wp-blogs-com\/9\/2023\/03\/souvenir-de-communion-parrain-marraine4.jpg 800w, https:\/\/storage.googleapis.com\/smartphoto-express-production-wp-blogs-com\/9\/2023\/03\/souvenir-de-communion-parrain-marraine4-300x200.jpg 300w, https:\/\/storage.googleapis.com\/smartphoto-express-production-wp-blogs-com\/9\/2023\/03\/souvenir-de-communion-parrain-marraine4-768x513.jpg 768w\" sizes=\"auto, (max-width: 800px) 100vw, 800px\" \/><figcaption class=\"wp-element-caption\">Carte portfolio<\/figcaption><\/figure>\n<\/figure>\n\n\n\n<h3 class=\"wp-block-heading\">19. Organisez la d\u00e9coration<\/h3>\n\n\n\n<p>De la table \u00e0 la salle, harmonisez tout avec le th\u00e8me choisi. Il y a beaucoup de mani\u00e8res de <a href=\"https:\/\/www.smartphoto.fr\/communion\/decoration-communion\">d\u00e9corer une table de f\u00eate<\/a> : des fleurs, des bougies, des sets de table ou d\u2019autres d\u00e9corations originales comme des bocaux en verre garnis de fruits ou de bonbons.<\/p>\n\n\n\n<p>Notre conseil : combinez une d\u00e9coration plus classique avec une d\u00e9coration moderne. Tout en respectant le th\u00e8me que vous avez choisi, vous pouvez personnaliser des \u00e9l\u00e9ments de d\u00e9coration avec des photos du communiant. Par exemple, faites imprimer une photo d\u2019elle\/lui, sur les ronds de serviettes ou sur des bougoirs. Ou, que pensez-vous de souhaiter la bienvenue \u00e0 vos invit\u00e9s par une affiche de bienvenue \u00e0 la porte ?<\/p>\n\n\n\n<figure class=\"wp-block-gallery aligncenter has-nested-images columns-default is-cropped wp-block-gallery-6 is-layout-flex wp-block-gallery-is-layout-flex\">\n<figure class=\"wp-block-image size-full is-resized\"><img loading=\"lazy\" decoding=\"async\" width=\"800\" height=\"532\" data-id=\"44389\" src=\"https:\/\/storage.googleapis.com\/smartphoto-express-production-wp-blogs-com\/9\/2023\/04\/guirlande-communion-1.jpg\" alt=\"Organiser une communion : d\u00e9co \u00e0 suspendre\" class=\"wp-image-44389\" srcset=\"https:\/\/storage.googleapis.com\/smartphoto-express-production-wp-blogs-com\/9\/2023\/04\/guirlande-communion-1.jpg 800w, https:\/\/storage.googleapis.com\/smartphoto-express-production-wp-blogs-com\/9\/2023\/04\/guirlande-communion-1-300x200.jpg 300w, https:\/\/storage.googleapis.com\/smartphoto-express-production-wp-blogs-com\/9\/2023\/04\/guirlande-communion-1-768x511.jpg 768w\" sizes=\"auto, (max-width: 800px) 100vw, 800px\" \/><figcaption class=\"wp-element-caption\">Guirlande de fanions photo<\/figcaption><\/figure>\n\n\n\n<figure class=\"wp-block-image size-full\"><img loading=\"lazy\" decoding=\"async\" width=\"780\" height=\"537\" data-id=\"45485\" src=\"https:\/\/storage.googleapis.com\/smartphoto-express-production-wp-blogs-com\/9\/2025\/03\/Poster-de-bienvenue-1ere-communion.jpg\" alt=\"Organiser une communion : poster d'accueil\" class=\"wp-image-45485\" srcset=\"https:\/\/storage.googleapis.com\/smartphoto-express-production-wp-blogs-com\/9\/2025\/03\/Poster-de-bienvenue-1ere-communion.jpg 780w, https:\/\/storage.googleapis.com\/smartphoto-express-production-wp-blogs-com\/9\/2025\/03\/Poster-de-bienvenue-1ere-communion-300x207.jpg 300w, https:\/\/storage.googleapis.com\/smartphoto-express-production-wp-blogs-com\/9\/2025\/03\/Poster-de-bienvenue-1ere-communion-768x529.jpg 768w\" sizes=\"auto, (max-width: 780px) 100vw, 780px\" \/><figcaption class=\"wp-element-caption\">\u00a8Poster de bienvenue<\/figcaption><\/figure>\n<\/figure>\n\n\n\n<h2 class=\"wp-block-heading\">Organiser une communion :&nbsp;1 mois en avance<\/h2>\n\n\n\n<h3 class=\"wp-block-heading\">20. <strong>Confirmez la pr\u00e9sence des invit\u00e9s<\/strong><\/h3>\n\n\n\n<p>Contactez ceux qui n\u2019ont pas r\u00e9pondu.<\/p>\n\n\n\n<h3 class=\"wp-block-heading\">21. <strong>V\u00e9rifiez les derni\u00e8res r\u00e9servations<\/strong><\/h3>\n\n\n\n<p>Confirmez les prestations avec les prestataires.<\/p>\n\n\n\n<h3 class=\"wp-block-heading\"><strong>22. Faites la liste des courses<\/strong><\/h3>\n\n\n\n<p>Faites une liste de course et achetez \u00e0 l\u2019avance les ingr\u00e9dients qui ne p\u00e9riment pas.<\/p>\n\n\n\n<h2 class=\"wp-block-heading\">Organiser une communion :&nbsp;1 semaine \u00e0 l&rsquo;avance<\/h2>\n\n\n\n<h3 class=\"wp-block-heading\">23. <strong>V\u00e9rifiez la m\u00e9t\u00e9o<\/strong><\/h3>\n\n\n\n<p>Mieux vaut v\u00e9rifier la m\u00e9t\u00e9o pour pouvoir adapter le programme en cas de pluie. <\/p>\n\n\n\n<ul class=\"wp-block-list\">\n<li>M\u00eame si votre f\u00eate se passe \u00e0 l&rsquo;int\u00e9rieur, il faudra peut-\u00eatre pr\u00e9voir des parapluies pour la sortie de la c\u00e9r\u00e9monie par exemple <\/li>\n\n\n\n<li>En cas de f\u00eate en ext\u00e9rieur, la m\u00e9t\u00e9o est bien s\u00fbr essentielle. <\/li>\n\n\n\n<li>Si le temps est \u00ab\u00a0entre deux\u00a0\u00bb, pr\u00e9voir uniquement l\u2019ap\u00e9ritif dehors peut \u00eatre une solution.<\/li>\n<\/ul>\n\n\n\n<h3 class=\"wp-block-heading\">24. Finalisez la d\u00e9coration<\/h3>\n\n\n\n<p>Pr\u00e9parez la salle et la table. <b>Rangez votre<\/b> <b>maison et votre jardin<\/b><span style=\"font-weight: 400\">, en pensant notamment \u00e0 retirer les objets fragiles et en faisant de la place pour accueillir tous les invit\u00e9s, et \u00e0 pr\u00e9voir un endroit pour les vestes &amp; sacs des invit\u00e9s.<\/span><\/p>\n\n\n\n<p><span style=\"font-weight: 400\">Organiser une communion, c\u2019est aussi anticiper. Pr\u00e9parez d\u00e9j\u00e0 la d\u00e9coration et quelques plats \u00e0 l&rsquo;avance afin d&rsquo;arriver&nbsp;l\u2019esprit plus tranquille le jour J.<\/span><\/p>\n\n\n\n<h3 class=\"wp-block-heading\">25. Chargez vos appareils photos et t\u00e9l\u00e9phones<\/h3>\n\n\n\n<p>Pr\u00e9voyez des batteries de rechange pour immortaliser chaque moment.<\/p>\n\n\n\n<h3 class=\"wp-block-heading\"><strong>26. Un dernier contr\u00f4le<\/strong><\/h3>\n\n\n\n<p>V\u00e9rifiez une derni\u00e8re fois si tout est en ordre avec le <strong>traiteur <\/strong>et le <strong>service<\/strong>. Assurez-vous que le traiteur et le service ne rencontrent pas de difficult\u00e9s, puis faites leur confiance, c\u2019est leur m\u00e9tier !<\/p>\n\n\n\n<h3 class=\"wp-block-heading\"><strong>26. Dressez la table et pr\u00e9voyez les places<\/strong><\/h3>\n\n\n\n<p>Si vous pr\u00e9voyez un repas assis, recomptez le nombre de place et v\u00e9rifiez si les \u00e9tiquettes de noms sont plac\u00e9es correctement<\/p>\n\n\n\n<h3 class=\"wp-block-heading\"><strong>27. Installez les d\u00e9corations de derni\u00e8re minute<\/strong><\/h3>\n\n\n\n<p>Attendez le dernier moment pour ajouter les fleurs fra\u00eeches et les \u00e9l\u00e9ments de d\u00e9coration les plus fragiles.<\/p>\n\n\n<div class=\"wp-block-image\">\n<figure class=\"aligncenter size-full\"><img loading=\"lazy\" decoding=\"async\" width=\"1024\" height=\"768\" src=\"https:\/\/storage.googleapis.com\/smartphoto-express-production-wp-blogs-com\/9\/2024\/03\/Meisjestafel-1024x768-1.jpg\" alt=\"Organiser une communion : d\u00e9co de table\" class=\"wp-image-44796\" srcset=\"https:\/\/storage.googleapis.com\/smartphoto-express-production-wp-blogs-com\/9\/2024\/03\/Meisjestafel-1024x768-1.jpg 1024w, https:\/\/storage.googleapis.com\/smartphoto-express-production-wp-blogs-com\/9\/2024\/03\/Meisjestafel-1024x768-1-300x225.jpg 300w, https:\/\/storage.googleapis.com\/smartphoto-express-production-wp-blogs-com\/9\/2024\/03\/Meisjestafel-1024x768-1-768x576.jpg 768w\" sizes=\"auto, (max-width: 1024px) 100vw, 1024px\" \/><\/figure><\/div>\n\n\n<h2 class=\"wp-block-heading\"><strong>Le jour de la communion : profitez pleinement !<\/strong><\/h2>\n\n\n\n<h3 class=\"wp-block-heading\"><strong>29. Savourez le moment<\/strong><\/h3>\n\n\n\n<p>C\u2019est probablement le point le plus important de cette liste : profitez du moment ! Passez du temps avec chaque invit\u00e9 et surtout avec votre enfant ! Et m\u00eame si les choses ne se d\u00e9roulent pas tout \u00e0 fait comme c\u2019\u00e9tait planifi\u00e9, restez calme et essayez de relativiser. Nobody\u2019s perfect, remember ? \ud83d\ude09<\/p>\n\n\n\n<h3 class=\"wp-block-heading\"><strong>28. Cr\u00e9ez des souvenirs<\/strong><\/h3>\n\n\n\n<p>Mitraillez tous les moments importants de la journ\u00e9e pour conserver pleins de souvenirs. Pas de photographe ? Demandez \u00e0 un ami de prendre vos <strong>photos<\/strong>, vu que vous n\u2019aurez pas le temps d\u2019y penser et de le faire \u00e0 chaque instant.<\/p>\n\n\n\n<figure class=\"wp-block-image size-full\"><a href=\"https:\/\/www.smartphoto.be\/fr\/cadeaux-photo\/livre-d-or\"><img loading=\"lazy\" decoding=\"async\" width=\"800\" height=\"533\" src=\"https:\/\/storage.googleapis.com\/smartphoto-express-production-wp-blogs-com\/9\/2025\/03\/Livre-dor-pour-ma-premiere-communion-ou-confirmation.jpg\" alt=\"\" class=\"wp-image-45486\" srcset=\"https:\/\/storage.googleapis.com\/smartphoto-express-production-wp-blogs-com\/9\/2025\/03\/Livre-dor-pour-ma-premiere-communion-ou-confirmation.jpg 800w, https:\/\/storage.googleapis.com\/smartphoto-express-production-wp-blogs-com\/9\/2025\/03\/Livre-dor-pour-ma-premiere-communion-ou-confirmation-300x200.jpg 300w, https:\/\/storage.googleapis.com\/smartphoto-express-production-wp-blogs-com\/9\/2025\/03\/Livre-dor-pour-ma-premiere-communion-ou-confirmation-768x512.jpg 768w\" sizes=\"auto, (max-width: 800px) 100vw, 800px\" \/><\/a><figcaption class=\"wp-element-caption\">Un <a href=\"https:\/\/www.smartphoto.be\/fr\/cadeaux-photo\/livre-d-or\">livre d&rsquo;or <\/a>est une bonne fa\u00e7on de cr\u00e9er des souvenirs tangibles de cette belle journ\u00e9e<\/figcaption><\/figure>\n\n\n\n<h3 class=\"wp-block-heading\"><strong>30. Distribuez les remerciements<\/strong><\/h3>\n\n\n\n<p>Au moment de leur d\u00e9part, pensez \u00e0 offrir <strong>les cadeaux et les souvenirs<\/strong> aux invit\u00e9s, au parrain et \u00e0 la marraine.<\/p>\n\n\n\n<figure class=\"wp-block-gallery has-nested-images columns-default is-cropped wp-block-gallery-7 is-layout-flex wp-block-gallery-is-layout-flex\">\n<figure class=\"wp-block-image size-large\"><img decoding=\"async\" data-id=\"44821\" src=\"https:\/\/storage.googleapis.com\/smartphoto-express-production-wp-blogs-com\/9\/2024\/03\/Bedankjes-1024x768-1-edited.jpg\" alt=\"Organiser une communion : remerciements et petits cadeaux d'invits\" class=\"wp-image-44821\" \/><\/figure>\n<\/figure>\n\n\n\n<h3 class=\"wp-block-heading\"><strong>32. C\u00e9l\u00e9brez votre r\u00e9ussite !<\/strong><\/h3>\n\n\n\n<p>Si vous avez parcouru toutes les \u00e9tapes de cette liste, vous m\u00e9ritez vraiment de grandes f\u00e9licitations ! Vous avez organis\u00e9 une f\u00eate superbe pour votre enfant, avec des souvenirs pour la vie.<br>Bravo !&nbsp;<\/p>\n\n\n\n<h2 class=\"wp-block-heading\">Apr\u00e8s la communion : pr\u00e9server les souvenirs<\/h2>\n\n\n\n<h3 class=\"wp-block-heading\"><strong>33. L\u2019\u00e9quipe de nettoyage<\/strong><\/h3>\n\n\n\n<p>Si la f\u00eate est finie, il y aura beaucoup \u00e0 nettoyer, tant pis. Tout d\u2019abord, prenez un peu de temps apr\u00e8s la f\u00eate, allez dormir et recommencez le matin. Il y aura sans doutes des amis ou des membres de famille qui veulent bien vous aider !<\/p>\n\n\n\n<h3 class=\"wp-block-heading\"><strong>34. Envoyez des cartes de remerciements<\/strong><\/h3>\n\n\n\n<p>Si vous n&rsquo;avez pas distribu\u00e9 de cartes de remerciement le jour-m\u00eame, vous pouvez encore les envoyer \u00e0 posteriori : choisissez votre photo pr\u00e9f\u00e9r\u00e9e de la f\u00eate et imprimez-la sous forme de <a href=\"https:\/\/www.smartphoto.be\/fr\/faire-part-cartes\/designselection.aspx?pcg=cards&amp;occ=kids&amp;purpose=thankyou\">carte de remerciement<\/a> pour l\u2019envoyer aux personnes qui \u00e9taient pr\u00e9sentes.<\/p>\n\n\n\n<h3 class=\"wp-block-heading\"><strong>35. Rassemblez les souvenirs<\/strong><\/h3>\n\n\n\n<p>Apr\u00e8s avoir pass\u00e9 autant de temps \u00e0 organiser cette f\u00eate et en avoir bien profit\u00e9, vous aurez s\u00fbrement envie d\u2019en conserver de jolis souvenirs. Gr\u00e2ce au photographe, vous aurez de superbes photos de votre enfant, ce serait dommage de ne pas les conserver pr\u00e9cieusement. <strong>Retracez la journ\u00e9e de Communion de votre enfant dans un <a href=\"https:\/\/www.smartphoto.be\/fr\/communion\/cadeaux-souvenir-de-communion\">livre photo personnalis\u00e9<\/a> de cette belle journ\u00e9e.<\/strong><\/p>\n\n\n\n<figure class=\"wp-block-image size-full\"><img loading=\"lazy\" decoding=\"async\" width=\"800\" height=\"533\" src=\"https:\/\/storage.googleapis.com\/smartphoto-express-production-wp-blogs-com\/9\/2024\/03\/phpUqTBiu_5cb5895db32ea_5cb58964593dd-1.jpg\" alt=\"Organiser une communion : imprimez vos photos souvenirs\" class=\"wp-image-44822\" srcset=\"https:\/\/storage.googleapis.com\/smartphoto-express-production-wp-blogs-com\/9\/2024\/03\/phpUqTBiu_5cb5895db32ea_5cb58964593dd-1.jpg 800w, https:\/\/storage.googleapis.com\/smartphoto-express-production-wp-blogs-com\/9\/2024\/03\/phpUqTBiu_5cb5895db32ea_5cb58964593dd-1-300x200.jpg 300w, https:\/\/storage.googleapis.com\/smartphoto-express-production-wp-blogs-com\/9\/2024\/03\/phpUqTBiu_5cb5895db32ea_5cb58964593dd-1-768x512.jpg 768w\" sizes=\"auto, (max-width: 800px) 100vw, 800px\" \/><\/figure>\n\n\n\n<h3 class=\"wp-block-heading\"><strong>Bonus ! L&rsquo;astuce finale :&nbsp;comment ne rien oublier ?<\/strong><\/h3>\n\n\n\n<p>En suivant cette checklist, organiser une premi\u00e8re communion ou une confirmation devient plus simple et agr\u00e9able. La cl\u00e9 de la r\u00e9ussite, c&rsquo;est de cr\u00e9er votre propre checklist en vous inspirant de celles existantes, comme la n\u00f4tre ! Ajoutez-y toutes les t\u00e2ches sp\u00e9cifiques \u00e0 la 1\u00e8re communion ou confirmation de votre enfant. Ensuite, r\u00e9alisez un r\u00e9troplanning: \u00e0 partir de la date de l&rsquo;\u00e9v\u00e8nement, bloquez dans votre agenda toutes les t\u00e2ches \u00e0 accomplir jusqu&rsquo;\u00e0 arriver \u00e0 la date d&rsquo;aujourd&rsquo;hui. Maintenant, votre checkloist est dans votre agenda et vous ne pouvez plus rien oublier.<\/p>\n\n\n\n<p>Pssst: n&rsquo;h\u00e9sitez pas \u00e0 impliquer d\u00e8s le d\u00e9but l&rsquo;autre parent de votre enfant, ou d&rsquo;autres membres de la famille qui sont en capacit\u00e9 de vous aider. Il n&rsquo;y a pas de raison que tout repose uniquement sur vos \u00e9paules.<\/p>\n\n\n\n<p>Nous esp\u00e9rons que ces conseils vous aideront \u00e0 organiser une f\u00eate de communion parfaite et \u00e0 passer une journ\u00e9e inoubliable avec vos proches !<\/p>\n\n\n\n<p><strong>Vous avez d\u2019autres id\u00e9es \u00e0 ajouter sur notre liste de pr\u00e9paration de premi\u00e8re communion&nbsp;ou pour organiser une f\u00eate de confirmation ? Partagez-les avec nous dans les commentaires ou sur&nbsp;<a href=\"https:\/\/www.facebook.com\/smartphoto.be\/\">Facebook<\/a>,&nbsp;&nbsp;<a href=\"https:\/\/www.instagram.com\/smartphotobe\/\">Instagram&nbsp;<\/a>ou&nbsp;<a href=\"https:\/\/www.pinterest.com\/smartphotobe\/\" target=\"_blank\" rel=\"noreferrer noopener\">Pinterest<\/a>&nbsp;&nbsp;avec le hashtag #mysmartphoto !<\/strong><\/p>\n\n\n<div class=\"wp-block-image\">\n<figure class=\"aligncenter size-full\"><a href=\"https:\/\/www.smartphoto.be\/fr\/communion\" target=\"_blank\" rel=\"noopener noreferrer\"><img loading=\"lazy\" decoding=\"async\" width=\"720\" height=\"280\" src=\"https:\/\/storage.googleapis.com\/smartphoto-express-production-wp-blogs-com\/9\/2023\/04\/CTA_Blog_Communion_Cards_Gifts_FR-2.jpg\" alt=\"A la recherche d'une id\u00e9e pour votre f\u00eate de comminion ? D\u00e9couvrez tous ls produits et designs smartphoto\" class=\"wp-image-44392\" srcset=\"https:\/\/storage.googleapis.com\/smartphoto-express-production-wp-blogs-com\/9\/2023\/04\/CTA_Blog_Communion_Cards_Gifts_FR-2.jpg 720w, https:\/\/storage.googleapis.com\/smartphoto-express-production-wp-blogs-com\/9\/2023\/04\/CTA_Blog_Communion_Cards_Gifts_FR-2-300x117.jpg 300w\" sizes=\"auto, (max-width: 720px) 100vw, 720px\" \/><\/a><\/figure><\/div>","protected":false},"excerpt":{"rendered":"<p>Vous organisez une communion ou f\u00eate la\u00efque pour votre enfant ? Cette checklist de communion va devenir votre meilleur alli\u00e9e !<\/p>\n","protected":false},"author":39,"featured_media":44795,"comment_status":"open","ping_status":"open","sticky":false,"template":"","format":"standard","meta":{"om_disable_all_campaigns":false,"_monsterinsights_skip_tracking":false,"_monsterinsights_sitenote_active":false,"_monsterinsights_sitenote_note":"","_monsterinsights_sitenote_category":0,"footnotes":""},"categories":[99],"tags":[],"class_list":["post-33472","post","type-post","status-publish","format-standard","has-post-thumbnail","hentry","category-communion"],"yoast_head":"<!-- This site is optimized with the Yoast SEO plugin v23.8 - https:\/\/yoast.com\/wordpress\/plugins\/seo\/ -->\n<title>Organiser une communion : la checklist qu&#039;il vous faut !<\/title>\n<meta name=\"description\" content=\"Organisez une communion, sans stress, premi\u00e8re communion ou communion solennelle, que ce soit \u00e0 la maison ou non, gr\u00e2ce \u00e0 notre checklist.\" \/>\n<meta name=\"robots\" content=\"index, follow, max-snippet:-1, max-image-preview:large, max-video-preview:-1\" \/>\n<link rel=\"canonical\" href=\"https:\/\/www.smartphoto.be\/inspiration\/checklist-organiser-communion\" \/>\n<meta property=\"og:locale\" content=\"fr_FR\" \/>\n<meta property=\"og:type\" content=\"article\" \/>\n<meta property=\"og:title\" content=\"Organiser une communion : la checklist qu&#039;il vous faut !\" \/>\n<meta property=\"og:description\" content=\"Organisez une communion, sans stress, premi\u00e8re communion ou communion solennelle, que ce soit \u00e0 la maison ou non, gr\u00e2ce \u00e0 notre checklist.\" \/>\n<meta property=\"og:url\" content=\"https:\/\/www.smartphoto.be\/inspiration\/checklist-organiser-communion\" \/>\n<meta property=\"og:site_name\" content=\"smartphoto BE FR\" \/>\n<meta property=\"article:publisher\" content=\"https:\/\/www.facebook.com\/smartphoto.be\/\" \/>\n<meta property=\"article:published_time\" content=\"2026-03-11T16:29:00+00:00\" \/>\n<meta property=\"article:modified_time\" content=\"2026-04-30T15:30:37+00:00\" \/>\n<meta property=\"og:image\" content=\"https:\/\/storage.googleapis.com\/smartphoto-express-production-wp-blogs-com\/9\/2023\/03\/Bedankjes-1024x768-1.jpg\" \/>\n\t<meta property=\"og:image:width\" content=\"1024\" \/>\n\t<meta property=\"og:image:height\" content=\"768\" \/>\n\t<meta property=\"og:image:type\" content=\"image\/jpeg\" \/>\n<meta name=\"author\" content=\"Caroline\" \/>\n<meta name=\"twitter:card\" content=\"summary_large_image\" \/>\n<meta name=\"twitter:creator\" content=\"@smartphoto_be\" \/>\n<meta name=\"twitter:site\" content=\"@smartphoto_be\" \/>\n<meta name=\"twitter:label1\" content=\"Written by\" \/>\n\t<meta name=\"twitter:data1\" content=\"Caroline\" \/>\n\t<meta name=\"twitter:label2\" content=\"Est. reading time\" \/>\n\t<meta name=\"twitter:data2\" content=\"20 minutes\" \/>\n<script type=\"application\/ld+json\" class=\"yoast-schema-graph\">{\"@context\":\"https:\/\/schema.org\",\"@graph\":[{\"@type\":\"WebPage\",\"@id\":\"https:\/\/www.smartphoto.be\/inspiration\/checklist-organiser-communion\",\"url\":\"https:\/\/www.smartphoto.be\/inspiration\/checklist-organiser-communion\",\"name\":\"Organiser une communion : la checklist qu'il vous faut !\",\"isPartOf\":{\"@id\":\"https:\/\/www.smartphoto.be\/inspiration\/#website\"},\"primaryImageOfPage\":{\"@id\":\"https:\/\/www.smartphoto.be\/inspiration\/checklist-organiser-communion#primaryimage\"},\"image\":{\"@id\":\"https:\/\/www.smartphoto.be\/inspiration\/checklist-organiser-communion#primaryimage\"},\"thumbnailUrl\":\"https:\/\/storage.googleapis.com\/smartphoto-express-production-wp-blogs-com\/9\/2023\/03\/Bedankjes-1024x768-1.jpg\",\"datePublished\":\"2026-03-11T16:29:00+00:00\",\"dateModified\":\"2026-04-30T15:30:37+00:00\",\"author\":{\"@id\":\"https:\/\/www.smartphoto.be\/inspiration\/#\/schema\/person\/14abe7c86f4bda0d741e3ec66a39733e\"},\"description\":\"Organisez une communion, sans stress, premi\u00e8re communion ou communion solennelle, que ce soit \u00e0 la maison ou non, gr\u00e2ce \u00e0 notre checklist.\",\"breadcrumb\":{\"@id\":\"https:\/\/www.smartphoto.be\/inspiration\/checklist-organiser-communion#breadcrumb\"},\"inLanguage\":\"fr-BE\",\"potentialAction\":[{\"@type\":\"ReadAction\",\"target\":[\"https:\/\/www.smartphoto.be\/inspiration\/checklist-organiser-communion\"]}]},{\"@type\":\"ImageObject\",\"inLanguage\":\"fr-BE\",\"@id\":\"https:\/\/www.smartphoto.be\/inspiration\/checklist-organiser-communion#primaryimage\",\"url\":\"https:\/\/storage.googleapis.com\/smartphoto-express-production-wp-blogs-com\/9\/2023\/03\/Bedankjes-1024x768-1.jpg\",\"contentUrl\":\"https:\/\/storage.googleapis.com\/smartphoto-express-production-wp-blogs-com\/9\/2023\/03\/Bedankjes-1024x768-1.jpg\",\"width\":1024,\"height\":768,\"caption\":\"Set de cadeaux d'invit\u00e9s pos\u00e9s sur une table pour une f\u00eate de premi\u00e8re communion\"},{\"@type\":\"BreadcrumbList\",\"@id\":\"https:\/\/www.smartphoto.be\/inspiration\/checklist-organiser-communion#breadcrumb\",\"itemListElement\":[{\"@type\":\"ListItem\",\"position\":1,\"name\":\"Home\",\"item\":\"\/inspiration\/\"},{\"@type\":\"ListItem\",\"position\":2,\"name\":\"La checklist ultime pour organiser votre f\u00eate de communion ou confirmation\"}]},{\"@type\":\"WebSite\",\"@id\":\"https:\/\/www.smartphoto.be\/inspiration\/#website\",\"url\":\"https:\/\/www.smartphoto.be\/inspiration\/\",\"name\":\"smartphoto BE FR\",\"description\":\"\",\"potentialAction\":[{\"@type\":\"SearchAction\",\"target\":{\"@type\":\"EntryPoint\",\"urlTemplate\":\"https:\/\/www.smartphoto.be\/inspiration\/?s={search_term_string}\"},\"query-input\":{\"@type\":\"PropertyValueSpecification\",\"valueRequired\":true,\"valueName\":\"search_term_string\"}}],\"inLanguage\":\"fr-BE\"},{\"@type\":\"Person\",\"@id\":\"https:\/\/www.smartphoto.be\/inspiration\/#\/schema\/person\/14abe7c86f4bda0d741e3ec66a39733e\",\"name\":\"Caroline\",\"image\":{\"@type\":\"ImageObject\",\"inLanguage\":\"fr-BE\",\"@id\":\"https:\/\/www.smartphoto.be\/inspiration\/#\/schema\/person\/image\/\",\"url\":\"https:\/\/secure.gravatar.com\/avatar\/3bf4c2775ae12d0bb3bb504b56a0508c?s=96&d=mm&r=g\",\"contentUrl\":\"https:\/\/secure.gravatar.com\/avatar\/3bf4c2775ae12d0bb3bb504b56a0508c?s=96&d=mm&r=g\",\"caption\":\"Caroline\"},\"description\":\"Des id\u00e9es cr\u00e9atives pour vous inspirer, des sujets qui vous aident vraiment dans votre quotidien, voil\u00e0 ce que j'esp\u00e8re partager avec vous via ce blog. Quand je ne blogue pas pour smartphoto, je profites de bons moments en famille avec mon ch\u00e9ri et mes enfants, ou j'\u00e9tudie et je pratique le yoga.\",\"sameAs\":[\"http:\/\/www.smartphoto.fr\/inspiration\",\"https:\/\/www.instagram.com\/smartphoto_fr\/\"],\"url\":\"https:\/\/www.smartphoto.be\/inspiration\/author\/caroline\"}]}<\/script>\n<!-- \/ Yoast SEO plugin. -->","yoast_head_json":{"title":"Organiser une communion : la checklist qu'il vous faut !","description":"Organisez une communion, sans stress, premi\u00e8re communion ou communion solennelle, que ce soit \u00e0 la maison ou non, gr\u00e2ce \u00e0 notre checklist.","robots":{"index":"index","follow":"follow","max-snippet":"max-snippet:-1","max-image-preview":"max-image-preview:large","max-video-preview":"max-video-preview:-1"},"canonical":"https:\/\/www.smartphoto.be\/inspiration\/checklist-organiser-communion","og_locale":"fr_FR","og_type":"article","og_title":"Organiser une communion : la checklist qu'il vous faut !","og_description":"Organisez une communion, sans stress, premi\u00e8re communion ou communion solennelle, que ce soit \u00e0 la maison ou non, gr\u00e2ce \u00e0 notre checklist.","og_url":"https:\/\/www.smartphoto.be\/inspiration\/checklist-organiser-communion","og_site_name":"smartphoto BE FR","article_publisher":"https:\/\/www.facebook.com\/smartphoto.be\/","article_published_time":"2026-03-11T16:29:00+00:00","article_modified_time":"2026-04-30T15:30:37+00:00","og_image":[{"width":1024,"height":768,"url":"https:\/\/storage.googleapis.com\/smartphoto-express-production-wp-blogs-com\/9\/2023\/03\/Bedankjes-1024x768-1.jpg","type":"image\/jpeg"}],"author":"Caroline","twitter_card":"summary_large_image","twitter_creator":"@smartphoto_be","twitter_site":"@smartphoto_be","twitter_misc":{"Written by":"Caroline","Est. reading time":"20 minutes"},"schema":{"@context":"https:\/\/schema.org","@graph":[{"@type":"WebPage","@id":"https:\/\/www.smartphoto.be\/inspiration\/checklist-organiser-communion","url":"https:\/\/www.smartphoto.be\/inspiration\/checklist-organiser-communion","name":"Organiser une communion : la checklist qu'il vous faut !","isPartOf":{"@id":"https:\/\/www.smartphoto.be\/inspiration\/#website"},"primaryImageOfPage":{"@id":"https:\/\/www.smartphoto.be\/inspiration\/checklist-organiser-communion#primaryimage"},"image":{"@id":"https:\/\/www.smartphoto.be\/inspiration\/checklist-organiser-communion#primaryimage"},"thumbnailUrl":"https:\/\/storage.googleapis.com\/smartphoto-express-production-wp-blogs-com\/9\/2023\/03\/Bedankjes-1024x768-1.jpg","datePublished":"2026-03-11T16:29:00+00:00","dateModified":"2026-04-30T15:30:37+00:00","author":{"@id":"https:\/\/www.smartphoto.be\/inspiration\/#\/schema\/person\/14abe7c86f4bda0d741e3ec66a39733e"},"description":"Organisez une communion, sans stress, premi\u00e8re communion ou communion solennelle, que ce soit \u00e0 la maison ou non, gr\u00e2ce \u00e0 notre checklist.","breadcrumb":{"@id":"https:\/\/www.smartphoto.be\/inspiration\/checklist-organiser-communion#breadcrumb"},"inLanguage":"fr-BE","potentialAction":[{"@type":"ReadAction","target":["https:\/\/www.smartphoto.be\/inspiration\/checklist-organiser-communion"]}]},{"@type":"ImageObject","inLanguage":"fr-BE","@id":"https:\/\/www.smartphoto.be\/inspiration\/checklist-organiser-communion#primaryimage","url":"https:\/\/storage.googleapis.com\/smartphoto-express-production-wp-blogs-com\/9\/2023\/03\/Bedankjes-1024x768-1.jpg","contentUrl":"https:\/\/storage.googleapis.com\/smartphoto-express-production-wp-blogs-com\/9\/2023\/03\/Bedankjes-1024x768-1.jpg","width":1024,"height":768,"caption":"Set de cadeaux d'invit\u00e9s pos\u00e9s sur une table pour une f\u00eate de premi\u00e8re communion"},{"@type":"BreadcrumbList","@id":"https:\/\/www.smartphoto.be\/inspiration\/checklist-organiser-communion#breadcrumb","itemListElement":[{"@type":"ListItem","position":1,"name":"Home","item":"\/inspiration\/"},{"@type":"ListItem","position":2,"name":"La checklist ultime pour organiser votre f\u00eate de communion ou confirmation"}]},{"@type":"WebSite","@id":"https:\/\/www.smartphoto.be\/inspiration\/#website","url":"https:\/\/www.smartphoto.be\/inspiration\/","name":"smartphoto BE FR","description":"","potentialAction":[{"@type":"SearchAction","target":{"@type":"EntryPoint","urlTemplate":"https:\/\/www.smartphoto.be\/inspiration\/?s={search_term_string}"},"query-input":{"@type":"PropertyValueSpecification","valueRequired":true,"valueName":"search_term_string"}}],"inLanguage":"fr-BE"},{"@type":"Person","@id":"https:\/\/www.smartphoto.be\/inspiration\/#\/schema\/person\/14abe7c86f4bda0d741e3ec66a39733e","name":"Caroline","image":{"@type":"ImageObject","inLanguage":"fr-BE","@id":"https:\/\/www.smartphoto.be\/inspiration\/#\/schema\/person\/image\/","url":"https:\/\/secure.gravatar.com\/avatar\/3bf4c2775ae12d0bb3bb504b56a0508c?s=96&d=mm&r=g","contentUrl":"https:\/\/secure.gravatar.com\/avatar\/3bf4c2775ae12d0bb3bb504b56a0508c?s=96&d=mm&r=g","caption":"Caroline"},"description":"Des id\u00e9es cr\u00e9atives pour vous inspirer, des sujets qui vous aident vraiment dans votre quotidien, voil\u00e0 ce que j'esp\u00e8re partager avec vous via ce blog. Quand je ne blogue pas pour smartphoto, je profites de bons moments en famille avec mon ch\u00e9ri et mes enfants, ou j'\u00e9tudie et je pratique le yoga.","sameAs":["http:\/\/www.smartphoto.fr\/inspiration","https:\/\/www.instagram.com\/smartphoto_fr\/"],"url":"https:\/\/www.smartphoto.be\/inspiration\/author\/caroline"}]}},"_links":{"self":[{"href":"https:\/\/www.smartphoto.be\/inspiration\/wp-json\/wp\/v2\/posts\/33472","targetHints":{"allow":["GET"]}}],"collection":[{"href":"https:\/\/www.smartphoto.be\/inspiration\/wp-json\/wp\/v2\/posts"}],"about":[{"href":"https:\/\/www.smartphoto.be\/inspiration\/wp-json\/wp\/v2\/types\/post"}],"author":[{"embeddable":true,"href":"https:\/\/www.smartphoto.be\/inspiration\/wp-json\/wp\/v2\/users\/39"}],"replies":[{"embeddable":true,"href":"https:\/\/www.smartphoto.be\/inspiration\/wp-json\/wp\/v2\/comments?post=33472"}],"version-history":[{"count":39,"href":"https:\/\/www.smartphoto.be\/inspiration\/wp-json\/wp\/v2\/posts\/33472\/revisions"}],"predecessor-version":[{"id":46396,"href":"https:\/\/www.smartphoto.be\/inspiration\/wp-json\/wp\/v2\/posts\/33472\/revisions\/46396"}],"wp:featuredmedia":[{"embeddable":true,"href":"https:\/\/www.smartphoto.be\/inspiration\/wp-json\/wp\/v2\/media\/44795"}],"wp:attachment":[{"href":"https:\/\/www.smartphoto.be\/inspiration\/wp-json\/wp\/v2\/media?parent=33472"}],"wp:term":[{"taxonomy":"category","embeddable":true,"href":"https:\/\/www.smartphoto.be\/inspiration\/wp-json\/wp\/v2\/categories?post=33472"},{"taxonomy":"post_tag","embeddable":true,"href":"https:\/\/www.smartphoto.be\/inspiration\/wp-json\/wp\/v2\/tags?post=33472"}],"curies":[{"name":"wp","href":"https:\/\/api.w.org\/{rel}","templated":true}]}}