{"id":32587,"date":"2017-10-27T09:36:38","date_gmt":"2017-10-27T07:36:38","guid":{"rendered":"http:\/\/www.photosmile.be\/?p=32587"},"modified":"2022-01-11T13:08:04","modified_gmt":"2022-01-11T12:08:04","slug":"fabriquer-un-calendrier-de-l-avent-personnalise","status":"publish","type":"post","link":"https:\/\/www.smartphoto.be\/inspiration\/fabriquer-un-calendrier-de-l-avent-personnalise","title":{"rendered":"Fabriquer un calendrier de l&rsquo;Avent personnalis\u00e9"},"content":{"rendered":"<p style=\"text-align: justify\"><span style=\"font-weight: 400\">La p\u00e9riode des f\u00eates approche. Il est temps de penser \u00e0 une tradition que les enfants (et les gourmands) adorent : le calendrier de l\u2019Avent !<\/span><\/p>\n<h3><span style=\"font-weight: 400\"><strong>Fabriquer un calendrier de l&rsquo;Avent&nbsp;personnalis\u00e9<\/strong><br \/>\n<\/span><\/h3>\n<p style=\"text-align: justify\"><a href=\"http:\/\/www.photosmile.be\/?attachment_id=35495\" rel=\"attachment wp-att-35495\"><img loading=\"lazy\" decoding=\"async\" class=\"aligncenter size-full wp-image-35495\" src=\"https:\/\/storage.googleapis.com\/smartphoto-express-production-wp-blogs-com\/9\/2016\/10\/fabriquer-un-calendrier-de-l-avent-top-image-1.jpg\" alt=\"fabriquer un calendrier de l'Avent\" width=\"700\" height=\"366\"><\/a><\/p>\n<p>Cette ann\u00e9e on voulait <strong>fabriquer un calendrier de l\u2019Avent personnalis\u00e9<\/strong>. L\u2019avantage du calendrier de l\u2019Avent, c\u2019est le plaisir de le faire bien s\u00fbr, mais surtout on y glisse ce qu\u2019on veut ! Notre exemple est fait pour les enfants (m\u00eame si les grands adorent aussi les sucreries). On y retrouve en alternance des jeux pour enfants et des bonbons.<\/p>\n<h2 style=\"text-align: justify\">Version rapide : un d\u00e9compte en image<\/h2>\n<h2 style=\"text-align: justify\"><a href=\"https:\/\/www.smartphoto.be\/fr\/cadeaux-photo\/calendrier-avent-photo\" target=\"_blank\" rel=\"noopener noreferrer\"><img loading=\"lazy\" decoding=\"async\" class=\"aligncenter wp-image-32593 size-full\" src=\"https:\/\/storage.googleapis.com\/smartphoto-express-production-wp-blogs-com\/9\/2016\/10\/fabriquer-un-calendrier-avent-personnalis\u00e9-9.jpg\" alt=\"fabriquer un calendrier de l Avent personnalis\u00e9\" width=\"715\" height=\"266\"><\/a><\/h2>\n<p style=\"text-align: center\"><b><strong><span style=\"font-weight: 400\">Source image : <a href=\"https:\/\/www.smartphoto.be\/fr\/cadeaux-photo\/calendrier-avent-photo\" target=\"_blank\" rel=\"noopener noreferrer\">calendrier de l&rsquo;Avent<\/a> &#8211; smartphoto<\/span><\/strong><\/b><\/p>\n<p style=\"text-align: justify\"><b><strong><span style=\"font-weight: 400\"> Vous avez envie de fabriquer un calendrier de l\u2019Avent personnalis\u00e9 mais vous manquez de temps ? smartphoto vous permet de passer un bon moment avec vos enfants tous les matins du mois de d\u00e9cembre gr\u00e2ce au d\u00e9compte de No\u00ebl ! Ajoutez-y vos photos et apposez avec vos enfants, tous les jours, un sticker pour cacher la date du jour. Un petit plaisir qui aide les enfants \u00e0 compter et \u00e0 prendre conscience du temps.<\/span><\/strong><\/b><\/p>\n<h1>Version DIY : fabriquer un calendrier de l\u2019Avent personnalis\u00e9<\/h1>\n<p style=\"text-align: justify\">Pour r\u00e9aliser ce calendrier de l\u2019Avent DIY, vous aurez besoin de :<\/p>\n<ul>\n<li style=\"text-align: justify\">24 boites en carton l\u00e9ger. Nous avons utilis\u00e9 <a href=\"https:\/\/www.smartphoto.be\/fr\/cadeaux-photo\/kit-boites-dragees-photo\">des boites \u00e0 drag\u00e9es color\u00e9es<\/a>&nbsp;dans diff\u00e9rents formats, avec en option la&nbsp;<a href=\"https:\/\/www.smartphoto.be\/fr\/cadres-photo-accessoires-deco\" target=\"_blank\" rel=\"noopener noreferrer\">bo\u00eete de pr\u00e9sentation blanche<\/a>&nbsp;smartphoto. Les boites \u00e0 drag\u00e9es sont livr\u00e9es avec un sticker \u00e0 personnaliser. Parfait pour avoir une base de r\u00e9alisation pour le DIY ! Pour faciliter la commande, choisissez un design avec un espace vide pour le chiffre et compl\u00e9tez vous m\u00eame les num\u00e9ros des boites avec un beau feutre dor\u00e9 par exemple.<\/li>\n<li>24 petites surprises<\/li>\n<li>En option :&nbsp;6 <a href=\"https:\/\/www.smartphoto.be\/fr\/cadeaux-photo\/badge-photo\">badges personnalis\u00e9s<\/a> pour la fermeture des bo\u00eetes \u00e0 drag\u00e9es. Vous pouvez bien s\u00fbr utiliser d&rsquo;autres petites d\u00e9corations maison : rubans, n\u0153uds, autocollants d\u00e9coratifs, jolis boutons, &#8230;<\/li>\n<\/ul>\n<p style=\"text-align: justify\"><span style=\"font-weight: 400\">&nbsp;<\/span><\/p>\n<h2>Choisir un petit nom pour son calendrier<\/h2>\n<h2 style=\"text-align: justify\"><a href=\"https:\/\/storage.googleapis.com\/smartphoto-express-production-wp-blogs-com\/9\/2016\/10\/fabriquer-un-calendrier-avent-personnalis\u00e91.jpg\"><img loading=\"lazy\" decoding=\"async\" class=\"aligncenter size-full wp-image-32592\" src=\"https:\/\/storage.googleapis.com\/smartphoto-express-production-wp-blogs-com\/9\/2016\/10\/fabriquer-un-calendrier-avent-personnalis\u00e91.jpg\" alt=\"fabriquer un calendrier de l'Avent personnalis\u00e9\" width=\"700\" height=\"467\"><\/a><\/h2>\n<p style=\"text-align: justify\"><span style=\"font-weight: 400\">On a fait simple, mais n\u2019h\u00e9sitez pas \u00e0 laisser libre cours \u00e0 <strong>votre imagination<\/strong> puisque la bo\u00eete fera partie de votre int\u00e9rieur pendant 1 mois tout de m\u00eame !<\/span><\/p>\n<p style=\"text-align: justify\"><strong><span style=\"font-weight: 400\">A l\u2019int\u00e9rieur du couvercle de la bo\u00eete, on \u00e9crit au crayon, pour pouvoir se rattraper en cas d\u2019erreur, et on repasse avec un joli marqueur, argent\u00e9 dans notre cas. Un coup de gomme pour effacer les traces de crayons et c\u2019est dans la bo\u00eete ! N\u2019h\u00e9sitez pas \u00e0 dessiner des petits <strong>symboles de No\u00ebl<\/strong> ou \u00e0 coller des dessins ou comme nous, utilisez ce que vous avez sous la main comme de la ficelle d\u2019emballage (\u00e0 l\u2019approche de la p\u00e9riode des f\u00eates \u00e7a vous sera toujours utile).<\/span><\/strong><\/p>\n<h2>Montage des bo\u00eetes pour notre Calendrier de l\u2019Avent DIY<\/h2>\n<p style=\"text-align: justify\"><strong><span style=\"font-weight: 400\"><a href=\"https:\/\/storage.googleapis.com\/smartphoto-express-production-wp-blogs-com\/9\/2016\/10\/one2.gif\"><img loading=\"lazy\" decoding=\"async\" class=\"aligncenter size-full wp-image-32598\" src=\"https:\/\/storage.googleapis.com\/smartphoto-express-production-wp-blogs-com\/9\/2016\/10\/one2.gif\" alt=\"fabriquer un calendrier de l'Avent personnalis\u00e9\" width=\"700\" height=\"500\"><\/a><\/span><\/strong><\/p>\n<p style=\"text-align: justify\"><strong><span style=\"font-weight: 400\">Premi\u00e8re \u00e9tape, la r\u00e9alisation des bo\u00eetes. Vous allez voir c\u2019est simple, <strong>suivez le gif<\/strong> ! Hop ! R\u00e9p\u00e9tez l\u2019assemblage 24 fois.<\/span><\/strong><\/p>\n<h2>Les dates<\/h2>\n<h2 style=\"text-align: justify\"><span style=\"font-weight: 400\"><a href=\"https:\/\/www.smartphoto.be\/fr\/cadeaux-photo\/kit-boites-dragees-photo\" target=\"_blank\" rel=\"noopener noreferrer\"><img loading=\"lazy\" decoding=\"async\" class=\"aligncenter wp-image-32597 size-full\" src=\"https:\/\/storage.googleapis.com\/smartphoto-express-production-wp-blogs-com\/9\/2016\/10\/two.gif\" alt=\"fabriquer un calendrier de l Avent personnalis\u00e9\" width=\"700\" height=\"467\"><\/a><\/span><\/h2>\n<p style=\"text-align: center\"><strong><span style=\"font-weight: 400\">Source image stickers : <a href=\"\/\/unetouchede.canalblog.com\/archives\/2013\/11\/14\/28423939.html\" target=\"_blank\" rel=\"noopener noreferrer\">Une touche de<\/a><\/span><\/strong><\/p>\n<p style=\"text-align: justify\"><strong><span style=\"font-weight: 400\">Maintenant il faut coller les stickers sur les bo\u00eetes qu\u2019on a si bien assembl\u00e9es. On a imprim\u00e9 les stickers chez <a href=\"https:\/\/www.smartphoto.be\/fr\/cadeaux-photo\/autocollants-cadeaux-photo\" target=\"_blank\" rel=\"noopener noreferrer\">smartphoto<\/a>. L\u2019id\u00e9al est de dessiner soi-m\u00eame les images ou d\u2019utiliser les dessins des enfants, il doit juste y avoir un chiffre pour repr\u00e9senter la date. Pour notre <strong>calendrier de l\u2019Avent DIY<\/strong>, nous avons utilis\u00e9 des images trouv\u00e9es sur un blog pour r\u00e9aliser nos stickers. Allez, c\u2019est parti pour un petit moment colle.<\/span><\/strong><\/p>\n<h2>L\u2019instant magique<\/h2>\n<h2 style=\"text-align: justify\"><span style=\"font-weight: 400\"><a href=\"https:\/\/storage.googleapis.com\/smartphoto-express-production-wp-blogs-com\/9\/2016\/10\/fabriquer-un-calendrier-de-l-Avent-personnalis\u00e9-23.jpg\"><img loading=\"lazy\" decoding=\"async\" class=\"aligncenter wp-image-32588 size-full\" src=\"https:\/\/storage.googleapis.com\/smartphoto-express-production-wp-blogs-com\/9\/2016\/10\/fabriquer-un-calendrier-de-l-Avent-personnalis\u00e9-23.jpg\" alt=\"fabriquer un calendrier de l Avent personnalis\u00e9\" width=\"697\" height=\"234\"><\/a><\/span><\/h2>\n<p style=\"text-align: justify\"><strong><span style=\"font-weight: 400\">Ca y est tout est en place, la boite et les cachettes ! C\u2019est le moment de remplir vos petites bo\u00eetes&nbsp;de tr\u00e9sors.<br \/>\n<strong>Fabriquer un calendrier de l\u2019Avent personnalis\u00e9<\/strong> c\u2019est avant tout en choisir les surprises ! Vous pouvez par exemple y ins\u00e9rer des petits paquets de bonbons.<br \/>\n<a href=\"https:\/\/storage.googleapis.com\/smartphoto-express-production-wp-blogs-com\/9\/2016\/10\/fabriquer-un-calendrier-de-l-Avent-personnalise-81.jpg\"><br \/>\n<\/a> <a href=\"https:\/\/storage.googleapis.com\/smartphoto-express-production-wp-blogs-com\/9\/2016\/10\/fabriquer-calendrier-de-l-Avent-45.jpg\"><img loading=\"lazy\" decoding=\"async\" class=\"aligncenter size-full wp-image-32610\" src=\"https:\/\/storage.googleapis.com\/smartphoto-express-production-wp-blogs-com\/9\/2016\/10\/fabriquer-calendrier-de-l-Avent-45.jpg\" alt=\"fabriquer un calendrier de l'Avent personnalis\u00e9\" width=\"700\" height=\"229\"><\/a> <\/span><\/strong><\/p>\n<p style=\"text-align: justify\"><strong><span style=\"font-weight: 400\"><b><\/b>Pensez aussi aux petits jouets, <a href=\"https:\/\/www.smartphoto.be\/fr\/cadeaux-photo\/crayons-de-couleur-photo\" target=\"_blank\" rel=\"noopener noreferrer\">crayons de couleurs <\/a>ou doudous rigolos. Les plus grands adoreront y cacher des douceurs chocolat\u00e9es !<\/span><b><br \/>\n<\/b><\/strong><\/p>\n<p style=\"text-align: justify\"><a href=\"https:\/\/storage.googleapis.com\/smartphoto-express-production-wp-blogs-com\/9\/2016\/10\/fabriquer-un-calendrier-de-l-Avent-personnalise-8B.jpg\"><img loading=\"lazy\" decoding=\"async\" class=\"aligncenter size-full wp-image-32611\" src=\"https:\/\/storage.googleapis.com\/smartphoto-express-production-wp-blogs-com\/9\/2016\/10\/fabriquer-un-calendrier-de-l-Avent-personnalise-8B.jpg\" alt=\"fabriquer un calendrier de l'Avent personnalis\u00e9\" width=\"700\" height=\"467\"><\/a><\/p>\n<h2>Assemblage<\/h2>\n<h2 style=\"text-align: justify\"><a href=\"https:\/\/www.smartphoto.be\/fr\/cadeaux-photo\/kit-boites-dragees-photo\" target=\"_blank\" rel=\"noopener noreferrer\"><img loading=\"lazy\" decoding=\"async\" class=\"aligncenter wp-image-32596 size-full\" src=\"https:\/\/storage.googleapis.com\/smartphoto-express-production-wp-blogs-com\/9\/2016\/10\/three.gif\" alt=\"fabriquer un calendrier de l Avent personnalis\u00e9\" width=\"700\" height=\"467\"><\/a><\/h2>\n<p style=\"text-align: justify\"><strong><span style=\"font-weight: 400\">Notre <strong>calendrier de l\u2019Avent DIY<\/strong> est presque fini. Il ne nous reste plus qu\u2019\u00e0 assembler le tout.<\/span><b><br \/>\n<\/b><\/strong><\/p>\n<p style=\"text-align: justify\"><strong><span style=\"font-weight: 400\">Comme vous le voyez, on a ajout\u00e9 une petite variante \u00e0 notre calendrier de l\u2019Avent personnalis\u00e9. On a utilis\u00e9 <a href=\"https:\/\/www.smartphoto.be\/fr\/cadeaux-photo\/kit-boites-dragees-photo\">une seconde sorte de bo\u00eete<\/a>, d\u2019une taille diff\u00e9rente, \u00e9galement disponibles sur <strong><a href=\"https:\/\/www.smartphoto.be\/fr\/cadeaux-photo\/kit-boites-dragees-photo\" target=\"_blank\" rel=\"noopener noreferrer\">smartphoto<\/a><\/strong>. On les a remplies avec les m\u00eames d\u00e9lices que les petites bo\u00eetes et on y a appos\u00e9 les m\u00eames stickers. La petite touche qui plaira aux enfants est la mani\u00e8re de fermer les bo\u00eetes. On a personnalis\u00e9 en 2 temps 3 mouvements <a href=\"https:\/\/www.smartphoto.be\/fr\/cadeaux-photo\/badge-photo\" target=\"_blank\" rel=\"noopener noreferrer\">des badges <\/a>avec des animaux toujours sur smartphoto.<strong> Le r\u00e9sultat est super mignon !&nbsp;<\/strong><\/span><\/strong><span style=\"font-weight: 400\">On vous l&rsquo;avait bien dit que c&rsquo;\u00e9tait facile de fabriquer un calendrier de l&rsquo;Avent personnalis\u00e9.<\/span><\/p>\n<p style=\"text-align: justify\"><strong><span style=\"font-weight: 400\"><a href=\"https:\/\/storage.googleapis.com\/smartphoto-express-production-wp-blogs-com\/9\/2016\/10\/fabriquer-un-calendrier-de-l-Avent-personnalis\u00e9-7.jpg\"><img loading=\"lazy\" decoding=\"async\" class=\"aligncenter wp-image-32590 size-full\" src=\"https:\/\/storage.googleapis.com\/smartphoto-express-production-wp-blogs-com\/9\/2016\/10\/fabriquer-un-calendrier-de-l-Avent-personnalis\u00e9-7.jpg\" alt=\"fabriquer un calendrier de l Avent personnalis\u00e9\" width=\"700\" height=\"467\"><\/a>Voil\u00e0 un calendrier de l\u2019Avent que les enfants vont adorer ! Il donne envie, n\u2019est-ce pas ? <\/span><\/strong><\/p>\n<p style=\"text-align: justify\"><strong><span style=\"font-weight: 400\">Pour vous mettre dans l&rsquo;ambiance au moment de fabriquer votre calendrier de l&rsquo;Avent, d\u00e9couvrez&nbsp;<a title=\"Fabriquer un calendrier de l\u2019Avent personnalis\u00e9\" href=\"https:\/\/www.smartphoto.be\/inspiration\/playlist-noel-top-20-en-chansons\" target=\"_blank\" rel=\"noopener noreferrer\">notre playlist de No\u00ebl sur Spotify&nbsp;<\/a>!<\/span><\/strong><\/p>\n<h2>Notre calendrier de l\u2019Avent DIY<\/h2>\n<h2 style=\"text-align: justify\"><a href=\"https:\/\/www.smartphoto.be\/fr\/cadeaux-photo\/calendrier-avent-photo\" target=\"_blank\" rel=\"noopener noreferrer\"><img loading=\"lazy\" decoding=\"async\" class=\"aligncenter wp-image-32600 size-full\" src=\"https:\/\/storage.googleapis.com\/smartphoto-express-production-wp-blogs-com\/9\/2016\/10\/fabriquer-un-calendrier-avent-personnalis\u00e9-101.jpg\" alt=\"fabriquer un calendrier de l Avent personnalis\u00e9\" width=\"700\" height=\"467\"><\/a><b> <\/b><\/h2>\n<p style=\"text-align: justify\"><span style=\"font-weight: 400\">Il est tout beau et rempli de bonnes choses ! Notre <strong>calendrier de l\u2019Avent DIY<\/strong> combine le plaisir d\u2019ouvrir les petites bo\u00eetes pour trouver des sucreries avec le plaisir de d\u00e9compter chaque jour, en apposant un sticker sur la date du jour, la p\u00e9riode d\u2019attente jusqu&rsquo;\u00e0 No\u00ebl. <\/span><span style=\"font-weight: 400\"><br \/>\n<\/span><span style=\"font-weight: 400\"><br \/>\n<\/span><span style=\"font-weight: 400\">A votre tour maintenant de <strong>fabriquer un calendrier de l\u2019Avent personnalis\u00e9<\/strong> ! Commencez par acheter tous les tr\u00e9sors que vous souhaitez cacher dans votre calendrier de l\u2019Avent DIY et puis.. \u00e0 vos petites mains ! N\u2019h\u00e9sitez pas \u00e0 associer vos enfants \u00e0 la r\u00e9alisation du calendrier. Ils vont adorer dessiner, coller, et m\u00eame r\u00e9aliser l\u2019assemblage des bo\u00eetes pour les plus grands. Voil\u00e0 une belle occupation en famille \u00e0 l\u2019approche des f\u00eates de fin d\u2019ann\u00e9e \ud83d\ude42 ! Et si vous cherchez d&rsquo;autres id\u00e9es d&rsquo;activit\u00e9s avec les enfants \u00e0 l&rsquo;approche de No\u00ebl d\u00e9couvrez notre article sur les <a title=\"Bricolage enfant No\u00ebl : plein d\u2019activit\u00e9s pour les enfants \u00e0 l\u2019approche des f\u00eates\" href=\"\/inspiration\/bricolage-enfant-noel\" target=\"_blank\" rel=\"noopener noreferrer\">bricolages enfants de No\u00ebl<\/a> !<\/span><span style=\"font-weight: 400\"><br \/>\n<\/span><span style=\"font-weight: 400\"><br \/>\n<\/span>Vous r\u00eavez de fabriquer un calendrier de l\u2019Avent personnalis\u00e9 ou vous en avez r\u00e9alisez un diff\u00e9rent ?<\/p>\n<p style=\"text-align: justify\">Partagez vos impressions et vos astuces dans les commentaires ou <a style=\"font-weight: bold\" href=\"https:\/\/www.facebook.com\/smartphoto.be\" target=\"_blank\" rel=\"noopener noreferrer\">Facebook<\/a><b style=\"font-weight: 400\">,&nbsp;<\/b><a style=\"font-weight: bold\" href=\"https:\/\/twitter.com\/smartphoto_be\" target=\"_blank\" rel=\"noopener noreferrer\">Twitter<\/a><b style=\"font-weight: 400\">,&nbsp;<\/b><a style=\"font-weight: bold\" href=\"https:\/\/instagram.com\/smartphotobe\" target=\"_blank\" rel=\"noopener noreferrer\">Instagram<\/a><b style=\"font-weight: 400\">, ou&nbsp;<\/b><a style=\"font-weight: bold\" href=\"https:\/\/www.pinterest.com\/smartphotobe\/\" target=\"_blank\" rel=\"noopener noreferrer\">Pinterest<\/a>&nbsp;&nbsp;<b>avec le hashtag #smartphoto !<\/b><\/p>\n<p style=\"text-align: justify\">&nbsp;<a href=\"\/fr\/noel\/decoration-noel\"><img loading=\"lazy\" decoding=\"async\" class=\"alignnone wp-image-38630 size-full\" src=\"https:\/\/storage.googleapis.com\/smartphoto-express-production-wp-blogs-com\/9\/2017\/10\/Blog_ChristmasDeco_CTA_FR2.jpg\" alt=\"fabriquer un calendrier de l'Avent personnalis\u00e9\" width=\"720\" height=\"280\" srcset=\"https:\/\/storage.googleapis.com\/smartphoto-express-production-wp-blogs-com\/9\/2017\/10\/Blog_ChristmasDeco_CTA_FR2.jpg 720w, https:\/\/storage.googleapis.com\/smartphoto-express-production-wp-blogs-com\/9\/2017\/10\/Blog_ChristmasDeco_CTA_FR2-300x117.jpg 300w\" sizes=\"auto, (max-width: 720px) 100vw, 720px\" \/><\/a><\/p>\n","protected":false},"excerpt":{"rendered":"<p>La p\u00e9riode des f\u00eates approche. Il est temps de penser \u00e0 une tradition que les enfants (et les gourmands) adorent : le calendrier de l\u2019Avent ! Fabriquer un calendrier de l&rsquo;Avent&nbsp;personnalis\u00e9 Cette ann\u00e9e on voulait fabriquer un calendrier de l\u2019Avent personnalis\u00e9. L\u2019avantage du calendrier de l\u2019Avent, c\u2019est le plaisir de le faire bien s\u00fbr, mais surtout on y glisse ce qu\u2019on veut ! Notre exemple est fait pour les enfants (m\u00eame si les grands adorent aussi les sucreries). On y retrouve en alternance des jeux pour enfants et des bonbons. Version rapide : un d\u00e9compte en image Source image :<\/p>\n","protected":false},"author":10,"featured_media":0,"comment_status":"open","ping_status":"open","sticky":false,"template":"","format":"standard","meta":{"om_disable_all_campaigns":false,"_monsterinsights_skip_tracking":false,"_monsterinsights_sitenote_active":false,"_monsterinsights_sitenote_note":"","_monsterinsights_sitenote_category":0,"footnotes":""},"categories":[96,105],"tags":[],"class_list":["post-32587","post","type-post","status-publish","format-standard","hentry","category-bricolage","category-noel"],"yoast_head":"<!-- This site is optimized with the Yoast SEO plugin v23.8 - https:\/\/yoast.com\/wordpress\/plugins\/seo\/ -->\n<title>Fabriquer un calendrier de l&#039;Avent personnalis\u00e9 : nos id\u00e9es en images<\/title>\n<meta name=\"description\" content=\"Fabriquer un calendrier de l&#039;Avent : d\u00e9couvrez notre DIY ! Il est temps de penser \u00e0 une tradition que les gourmands adorent, le calendrier de l\u2019Avent !\" \/>\n<meta name=\"robots\" content=\"index, follow, max-snippet:-1, max-image-preview:large, max-video-preview:-1\" \/>\n<link rel=\"canonical\" href=\"https:\/\/www.smartphoto.be\/inspiration\/fabriquer-un-calendrier-de-l-avent-personnalise\" \/>\n<meta property=\"og:locale\" content=\"fr_FR\" \/>\n<meta property=\"og:type\" content=\"article\" \/>\n<meta property=\"og:title\" content=\"Fabriquer un calendrier de l&#039;Avent personnalis\u00e9 : nos id\u00e9es en images\" \/>\n<meta property=\"og:description\" content=\"Fabriquer un calendrier de l&#039;Avent : d\u00e9couvrez notre DIY ! Il est temps de penser \u00e0 une tradition que les gourmands adorent, le calendrier de l\u2019Avent !\" \/>\n<meta property=\"og:url\" content=\"\/inspiration\/fabriquer-un-calendrier-de-l-avent-personnalise\" \/>\n<meta property=\"og:site_name\" content=\"smartphoto BE FR\" \/>\n<meta property=\"article:publisher\" content=\"https:\/\/www.facebook.com\/smartphoto.be\/\" \/>\n<meta property=\"article:published_time\" content=\"2017-10-27T07:36:38+00:00\" \/>\n<meta property=\"article:modified_time\" content=\"2022-01-11T12:08:04+00:00\" \/>\n<meta name=\"author\" content=\"Claire\" \/>\n<meta name=\"twitter:card\" content=\"summary_large_image\" \/>\n<meta name=\"twitter:creator\" content=\"@smartphoto_be\" \/>\n<meta name=\"twitter:site\" content=\"@smartphoto_be\" \/>\n<meta name=\"twitter:label1\" content=\"Written by\" \/>\n\t<meta name=\"twitter:data1\" content=\"Claire\" \/>\n\t<meta name=\"twitter:label2\" content=\"Est. reading time\" \/>\n\t<meta name=\"twitter:data2\" content=\"5 minutes\" \/>\n<script type=\"application\/ld+json\" class=\"yoast-schema-graph\">{\"@context\":\"https:\/\/schema.org\",\"@graph\":[{\"@type\":\"WebPage\",\"@id\":\"\/inspiration\/fabriquer-un-calendrier-de-l-avent-personnalise\",\"url\":\"https:\/\/www.smartphoto.be\/inspiration\/fabriquer-un-calendrier-de-l-avent-personnalise\",\"name\":\"Fabriquer un calendrier de l'Avent personnalis\u00e9 : nos id\u00e9es en images\",\"isPartOf\":{\"@id\":\"https:\/\/www.smartphoto.be\/inspiration\/#website\"},\"primaryImageOfPage\":{\"@id\":\"https:\/\/www.smartphoto.be\/inspiration\/fabriquer-un-calendrier-de-l-avent-personnalise#primaryimage\"},\"image\":{\"@id\":\"https:\/\/www.smartphoto.be\/inspiration\/fabriquer-un-calendrier-de-l-avent-personnalise#primaryimage\"},\"thumbnailUrl\":\"https:\/\/storage.googleapis.com\/smartphoto-express-production-wp-blogs-com\/9\/2016\/10\/fabriquer-un-calendrier-de-l-avent-top-image-1.jpg\",\"datePublished\":\"2017-10-27T07:36:38+00:00\",\"dateModified\":\"2022-01-11T12:08:04+00:00\",\"author\":{\"@id\":\"https:\/\/www.smartphoto.be\/inspiration\/#\/schema\/person\/b743c2a89fcff4d18195130bb0259ffe\"},\"description\":\"Fabriquer un calendrier de l'Avent : d\u00e9couvrez notre DIY ! Il est temps de penser \u00e0 une tradition que les gourmands adorent, le calendrier de l\u2019Avent !\",\"breadcrumb\":{\"@id\":\"https:\/\/www.smartphoto.be\/inspiration\/fabriquer-un-calendrier-de-l-avent-personnalise#breadcrumb\"},\"inLanguage\":\"fr-BE\",\"potentialAction\":[{\"@type\":\"ReadAction\",\"target\":[\"https:\/\/www.smartphoto.be\/inspiration\/fabriquer-un-calendrier-de-l-avent-personnalise\"]}]},{\"@type\":\"ImageObject\",\"inLanguage\":\"fr-BE\",\"@id\":\"https:\/\/www.smartphoto.be\/inspiration\/fabriquer-un-calendrier-de-l-avent-personnalise#primaryimage\",\"url\":\"https:\/\/storage.googleapis.com\/smartphoto-express-production-wp-blogs-com\/9\/2016\/10\/fabriquer-un-calendrier-de-l-avent-top-image-1.jpg\",\"contentUrl\":\"https:\/\/storage.googleapis.com\/smartphoto-express-production-wp-blogs-com\/9\/2016\/10\/fabriquer-un-calendrier-de-l-avent-top-image-1.jpg\"},{\"@type\":\"BreadcrumbList\",\"@id\":\"https:\/\/www.smartphoto.be\/inspiration\/fabriquer-un-calendrier-de-l-avent-personnalise#breadcrumb\",\"itemListElement\":[{\"@type\":\"ListItem\",\"position\":1,\"name\":\"Home\",\"item\":\"\/inspiration\/\"},{\"@type\":\"ListItem\",\"position\":2,\"name\":\"Fabriquer un calendrier de l&rsquo;Avent personnalis\u00e9\"}]},{\"@type\":\"WebSite\",\"@id\":\"https:\/\/www.smartphoto.be\/inspiration\/#website\",\"url\":\"https:\/\/www.smartphoto.be\/inspiration\/\",\"name\":\"smartphoto BE FR\",\"description\":\"\",\"potentialAction\":[{\"@type\":\"SearchAction\",\"target\":{\"@type\":\"EntryPoint\",\"urlTemplate\":\"https:\/\/www.smartphoto.be\/inspiration\/?s={search_term_string}\"},\"query-input\":{\"@type\":\"PropertyValueSpecification\",\"valueRequired\":true,\"valueName\":\"search_term_string\"}}],\"inLanguage\":\"fr-BE\"},{\"@type\":\"Person\",\"@id\":\"https:\/\/www.smartphoto.be\/inspiration\/#\/schema\/person\/b743c2a89fcff4d18195130bb0259ffe\",\"name\":\"Claire\",\"image\":{\"@type\":\"ImageObject\",\"inLanguage\":\"fr-BE\",\"@id\":\"https:\/\/www.smartphoto.be\/inspiration\/#\/schema\/person\/image\/\",\"url\":\"https:\/\/secure.gravatar.com\/avatar\/9f27a09fb8046031a47a9f22ce0ca8e9?s=96&d=mm&r=g\",\"contentUrl\":\"https:\/\/secure.gravatar.com\/avatar\/9f27a09fb8046031a47a9f22ce0ca8e9?s=96&d=mm&r=g\",\"caption\":\"Claire\"},\"description\":\"Claire, 26 ans, passionn\u00e9e de voyages et de danse. J\u2019adore d\u00e9nicher les nouveaut\u00e9s DIY et d\u00e9coration. Je blogue pour smartphoto les astuces \u00e0 r\u00e9aliser avec vos photos.\",\"url\":\"https:\/\/www.smartphoto.be\/inspiration\/author\/claire\"}]}<\/script>\n<!-- \/ Yoast SEO plugin. -->","yoast_head_json":{"title":"Fabriquer un calendrier de l'Avent personnalis\u00e9 : nos id\u00e9es en images","description":"Fabriquer un calendrier de l'Avent : d\u00e9couvrez notre DIY ! Il est temps de penser \u00e0 une tradition que les gourmands adorent, le calendrier de l\u2019Avent !","robots":{"index":"index","follow":"follow","max-snippet":"max-snippet:-1","max-image-preview":"max-image-preview:large","max-video-preview":"max-video-preview:-1"},"canonical":"https:\/\/www.smartphoto.be\/inspiration\/fabriquer-un-calendrier-de-l-avent-personnalise","og_locale":"fr_FR","og_type":"article","og_title":"Fabriquer un calendrier de l'Avent personnalis\u00e9 : nos id\u00e9es en images","og_description":"Fabriquer un calendrier de l'Avent : d\u00e9couvrez notre DIY ! Il est temps de penser \u00e0 une tradition que les gourmands adorent, le calendrier de l\u2019Avent !","og_url":"\/inspiration\/fabriquer-un-calendrier-de-l-avent-personnalise","og_site_name":"smartphoto BE FR","article_publisher":"https:\/\/www.facebook.com\/smartphoto.be\/","article_published_time":"2017-10-27T07:36:38+00:00","article_modified_time":"2022-01-11T12:08:04+00:00","author":"Claire","twitter_card":"summary_large_image","twitter_creator":"@smartphoto_be","twitter_site":"@smartphoto_be","twitter_misc":{"Written by":"Claire","Est. reading time":"5 minutes"},"schema":{"@context":"https:\/\/schema.org","@graph":[{"@type":"WebPage","@id":"\/inspiration\/fabriquer-un-calendrier-de-l-avent-personnalise","url":"https:\/\/www.smartphoto.be\/inspiration\/fabriquer-un-calendrier-de-l-avent-personnalise","name":"Fabriquer un calendrier de l'Avent personnalis\u00e9 : nos id\u00e9es en images","isPartOf":{"@id":"https:\/\/www.smartphoto.be\/inspiration\/#website"},"primaryImageOfPage":{"@id":"https:\/\/www.smartphoto.be\/inspiration\/fabriquer-un-calendrier-de-l-avent-personnalise#primaryimage"},"image":{"@id":"https:\/\/www.smartphoto.be\/inspiration\/fabriquer-un-calendrier-de-l-avent-personnalise#primaryimage"},"thumbnailUrl":"https:\/\/storage.googleapis.com\/smartphoto-express-production-wp-blogs-com\/9\/2016\/10\/fabriquer-un-calendrier-de-l-avent-top-image-1.jpg","datePublished":"2017-10-27T07:36:38+00:00","dateModified":"2022-01-11T12:08:04+00:00","author":{"@id":"https:\/\/www.smartphoto.be\/inspiration\/#\/schema\/person\/b743c2a89fcff4d18195130bb0259ffe"},"description":"Fabriquer un calendrier de l'Avent : d\u00e9couvrez notre DIY ! Il est temps de penser \u00e0 une tradition que les gourmands adorent, le calendrier de l\u2019Avent !","breadcrumb":{"@id":"https:\/\/www.smartphoto.be\/inspiration\/fabriquer-un-calendrier-de-l-avent-personnalise#breadcrumb"},"inLanguage":"fr-BE","potentialAction":[{"@type":"ReadAction","target":["https:\/\/www.smartphoto.be\/inspiration\/fabriquer-un-calendrier-de-l-avent-personnalise"]}]},{"@type":"ImageObject","inLanguage":"fr-BE","@id":"https:\/\/www.smartphoto.be\/inspiration\/fabriquer-un-calendrier-de-l-avent-personnalise#primaryimage","url":"https:\/\/storage.googleapis.com\/smartphoto-express-production-wp-blogs-com\/9\/2016\/10\/fabriquer-un-calendrier-de-l-avent-top-image-1.jpg","contentUrl":"https:\/\/storage.googleapis.com\/smartphoto-express-production-wp-blogs-com\/9\/2016\/10\/fabriquer-un-calendrier-de-l-avent-top-image-1.jpg"},{"@type":"BreadcrumbList","@id":"https:\/\/www.smartphoto.be\/inspiration\/fabriquer-un-calendrier-de-l-avent-personnalise#breadcrumb","itemListElement":[{"@type":"ListItem","position":1,"name":"Home","item":"\/inspiration\/"},{"@type":"ListItem","position":2,"name":"Fabriquer un calendrier de l&rsquo;Avent personnalis\u00e9"}]},{"@type":"WebSite","@id":"https:\/\/www.smartphoto.be\/inspiration\/#website","url":"https:\/\/www.smartphoto.be\/inspiration\/","name":"smartphoto BE FR","description":"","potentialAction":[{"@type":"SearchAction","target":{"@type":"EntryPoint","urlTemplate":"https:\/\/www.smartphoto.be\/inspiration\/?s={search_term_string}"},"query-input":{"@type":"PropertyValueSpecification","valueRequired":true,"valueName":"search_term_string"}}],"inLanguage":"fr-BE"},{"@type":"Person","@id":"https:\/\/www.smartphoto.be\/inspiration\/#\/schema\/person\/b743c2a89fcff4d18195130bb0259ffe","name":"Claire","image":{"@type":"ImageObject","inLanguage":"fr-BE","@id":"https:\/\/www.smartphoto.be\/inspiration\/#\/schema\/person\/image\/","url":"https:\/\/secure.gravatar.com\/avatar\/9f27a09fb8046031a47a9f22ce0ca8e9?s=96&d=mm&r=g","contentUrl":"https:\/\/secure.gravatar.com\/avatar\/9f27a09fb8046031a47a9f22ce0ca8e9?s=96&d=mm&r=g","caption":"Claire"},"description":"Claire, 26 ans, passionn\u00e9e de voyages et de danse. J\u2019adore d\u00e9nicher les nouveaut\u00e9s DIY et d\u00e9coration. Je blogue pour smartphoto les astuces \u00e0 r\u00e9aliser avec vos photos.","url":"https:\/\/www.smartphoto.be\/inspiration\/author\/claire"}]}},"_links":{"self":[{"href":"https:\/\/www.smartphoto.be\/inspiration\/wp-json\/wp\/v2\/posts\/32587","targetHints":{"allow":["GET"]}}],"collection":[{"href":"https:\/\/www.smartphoto.be\/inspiration\/wp-json\/wp\/v2\/posts"}],"about":[{"href":"https:\/\/www.smartphoto.be\/inspiration\/wp-json\/wp\/v2\/types\/post"}],"author":[{"embeddable":true,"href":"https:\/\/www.smartphoto.be\/inspiration\/wp-json\/wp\/v2\/users\/10"}],"replies":[{"embeddable":true,"href":"https:\/\/www.smartphoto.be\/inspiration\/wp-json\/wp\/v2\/comments?post=32587"}],"version-history":[{"count":13,"href":"https:\/\/www.smartphoto.be\/inspiration\/wp-json\/wp\/v2\/posts\/32587\/revisions"}],"predecessor-version":[{"id":43297,"href":"https:\/\/www.smartphoto.be\/inspiration\/wp-json\/wp\/v2\/posts\/32587\/revisions\/43297"}],"wp:attachment":[{"href":"https:\/\/www.smartphoto.be\/inspiration\/wp-json\/wp\/v2\/media?parent=32587"}],"wp:term":[{"taxonomy":"category","embeddable":true,"href":"https:\/\/www.smartphoto.be\/inspiration\/wp-json\/wp\/v2\/categories?post=32587"},{"taxonomy":"post_tag","embeddable":true,"href":"https:\/\/www.smartphoto.be\/inspiration\/wp-json\/wp\/v2\/tags?post=32587"}],"curies":[{"name":"wp","href":"https:\/\/api.w.org\/{rel}","templated":true}]}}