{"id":29546,"date":"2015-11-07T15:20:00","date_gmt":"2015-11-07T14:20:00","guid":{"rendered":"http:\/\/www.photosmile.be\/?p=29546"},"modified":"2025-10-15T11:58:55","modified_gmt":"2025-10-15T09:58:55","slug":"creer-un-calendrier-photo-quelles-photos-choisir","status":"publish","type":"post","link":"https:\/\/www.smartphoto.be\/inspiration\/creer-un-calendrier-photo-quelles-photos-choisir","title":{"rendered":"Quelles photos choisir pour cr\u00e9er un calendrier photo ?"},"content":{"rendered":"<h3>Cr\u00e9er un calendrier photo<\/h3>\n<p>Entre les anniversaires, No\u00ebl, les diverses f\u00eates et les petits cadeaux pour faire plaisir, on ne sait plus vraiment quoi offrir\u2026 Pourquoi ne pas cr\u00e9er un calendrier photo ?<\/p>\n<p>Un calendrier personnalis\u00e9\u00a0 permet de s\u2019organiser, de se rep\u00e9rer facilement dans le temps tout en conservant des photos personnelles pr\u00e8s de soi. Le <a title=\"Calendrier 2015 le plus pratique : le calendrier familial\" href=\"https:\/\/www.smartphoto.be\/inspiration\/calendrier-2015-le-plus-pratique-le-calendrier-familial\" target=\"_blank\" rel=\"noopener noreferrer\">calendrier familial <\/a>est notamment un outil super pratique pour organiser sa vie de famille.\u00a0Un calendrier personnalis\u00e9 est\u00a0 aussi le <strong>cadeau id\u00e9al pour toute la famille<\/strong> : les <strong>grands-parents en raffolent<\/strong> et peuvent regarder des photos de leurs enfants et petits-enfants quotidiennement, les amis auront des anecdotes \u00e0 raconter en d\u00e9couvrant les photos\u2026<\/p>\n<p><a href=\"https:\/\/storage.googleapis.com\/smartphoto-express-production-wp-blogs-com\/9\/2015\/11\/Cr\u00e9er-un-calendrier-photo-calendrier-personnalis\u00e9.jpg\"><img loading=\"lazy\" decoding=\"async\" class=\"aligncenter size-full wp-image-29555\" src=\"https:\/\/storage.googleapis.com\/smartphoto-express-production-wp-blogs-com\/9\/2015\/11\/Cr\u00e9er-un-calendrier-photo-calendrier-personnalis\u00e9.jpg\" alt=\"Cr\u00e9er un calendrier photo - calendrier personnalis\u00e9\" width=\"700\" height=\"438\" \/><\/a><\/p>\n<blockquote><p>Voici nos astuces pour choisir les bonnes photos et offrir, ou cr\u00e9er pour vous-m\u00eame, un calendrier personnalis\u00e9 harmonieux que l\u2019on a plaisir \u00e0 consulter chaque jour.<\/p><\/blockquote>\n<h2><b>Un calendrier photo avec des photos de famille<\/b><\/h2>\n<p>Le calendrier personnalis\u00e9 avec des photos de famille est certainement l\u2019un des plus courants. C\u2019est assez logique : c\u2019est toujours agr\u00e9able d\u2019avoir pr\u00e8s de soi <b>les photos des gens qu\u2019on aime le plus<\/b>. L\u2019id\u00e9al est de m\u00e9langer des portraits de chaque membre de la famille, des photos des enfants ensemble et des photos de toute la famille.<\/p>\n<p>Par exemple, vous pouvez <b>utiliser une photo d&rsquo;un enfant pour illustrer le mois de son anniversaire puisqu&rsquo;il sera \u00e0 l&rsquo;honneur ce mois-l\u00e0<\/b>. Cela permet aussi de cr\u00e9er quelque chose d&rsquo;uniforme sur toute l&rsquo;ann\u00e9e car on \u00e9vite que toutes les photos de groupe se retrouvent \u00e0 la fin\u2026<\/p>\n<p>Petite astuce : si un membre de votre famille se sent l&rsquo;\u00e2me d&rsquo;un photographe, expliquez-lui que vous voulez cr\u00e9er un calendrier photo. <b>Transformez votre int\u00e9rieur en studio photo et faites des photos un peu originales <\/b>: tout le monde s&rsquo;habille en rouge ou<b> tout le monde porte un chapeau<\/b>, et pour les portraits, \u00e0 vous de trouver des id\u00e9es qui vous ressemblent !<\/p>\n<p><strong><strong>\u00a0<\/strong><\/strong><\/p>\n<h2><b>Un calendrier photo avec des photos de vacances<\/b><\/h2>\n<p>On le sait tous, les longues journ\u00e9es d&rsquo;hiver peuvent nous faire d\u00e9primer\u2026 Pour voyager un peu, on peut opter pour un calendrier avec des photos de vacances. On prend toujours des centaines de photos pendant les vacances, il ne sera donc pas tr\u00e8s difficile de cr\u00e9er un calendrier photo avec <b>des clich\u00e9s qui font r\u00eaver chaque mois<\/b>. Dans ce cas par exemple, une photo d&rsquo;un voyage au Canada pourra illustrer un mois d&rsquo;hiver en nous faisant garder le sourire. Ensuite, \u00e0 vous de varier entre les photos de paysage ou de monument. Essayez de s\u00e9lectionner des photos prises lors de voyages diff\u00e9rents pour vous rem\u00e9morer de beaux souvenirs en attendant les prochaines vacances\u2026<\/p>\n<p><strong><strong>\u00a0<a href=\"https:\/\/storage.googleapis.com\/smartphoto-express-production-wp-blogs-com\/9\/2015\/11\/Cr\u00e9er-un-calendrier-photo-calendrier-personnalis\u00e9-vacances1.jpg\"><img loading=\"lazy\" decoding=\"async\" class=\"aligncenter size-full wp-image-29563\" src=\"https:\/\/storage.googleapis.com\/smartphoto-express-production-wp-blogs-com\/9\/2015\/11\/Cr\u00e9er-un-calendrier-photo-calendrier-personnalis\u00e9-vacances1.jpg\" alt=\"Cr\u00e9er un calendrier photo - calendrier personnalis\u00e9 vacances\" width=\"700\" height=\"467\" \/><\/a><\/strong><\/strong><\/p>\n<h2><b>Un calendrier photo romantique<\/b><\/h2>\n<p>Vous voulez prouver votre amour \u00e0 votre conjoint en lui offrant un cadeau original ? Pensez au<strong> c<\/strong><b>alendrier photo avec des photos romantiques<\/b> ou, encore mieux, des photos de votre mariage. Ce cadeau peut aussi retracer votre vie ensemble, ou celle de vos parents qui seront ravis de se replonger dans les photos de leur jeunesse. Si vous l&rsquo;offrez \u00e0 votre conjoint, l&rsquo;effet de surprise est garanti car c&rsquo;est un cadeau personnalis\u00e9 qui fait toujours plaisir. Vous pouvez aussi \u00e9crire un petit mot doux, un proverbe ou une anecdote en dessous de chaque photo. C&rsquo;est le <b>cadeau id\u00e9al \u00e0 offrir pour un anniversaire de mariage<\/b> ou de rencontre.<\/p>\n<p>Petite astuce : pourquoi ne pas faire sa demande en mariage \u00e0 la fin du calendrier ? Rien de plus romantique\u2026<\/p>\n<h2><b>Offrir un calendrier photo\u00a0\u00e0 un proche<\/b><\/h2>\n<p>Vous souhaitez offrir un calendrier personnalis\u00e9 \u00e0 une personne en particulier ? Vous pouvez mettre \u00e0 l&rsquo;honneur cette personne en utilisant uniquement des photos d&rsquo;elle, ou bien mettre aussi des photos de vous puisque c&rsquo;est vous qui offrez le calendrier. S&rsquo;il est destin\u00e9 \u00e0 un ami, vous pouvez s\u00e9lectionner des photos o\u00f9 vous \u00eates tous les deux. Si vous avez la m\u00eame passion ou bien une activit\u00e9 que vous pratiquez ensemble, n&rsquo;h\u00e9sitez pas \u00e0 <b>utiliser des photos de vos loisirs en commun<\/b>. L\u00e0 encore, variez entre des portraits et des photos plus originales pour surprendre et faire plaisir \u00e0 la personne qui recevra votre calendrier.<\/p>\n<p>Petite astuce : si vous connaissez la personne depuis longtemps, pourquoi ne pas ressortir les vieilles photos, les scanner, et les utiliser pour cr\u00e9er votre calendrier photo ? Vous vous souviendrez de toutes ces ann\u00e9es pass\u00e9es ensemble\u2026 Fous rires assur\u00e9s !<\/p>\n<h2><b>Une calendrier photo avec des photos des enfants et b\u00e9b\u00e9s<\/b><\/h2>\n<p>Derni\u00e8re id\u00e9e de calendrier personnalis\u00e9 : le calendrier avec des photos des enfants et des b\u00e9b\u00e9s. Les photos des b\u00e9b\u00e9s ont le don d&rsquo;attendrir tous ceux qui les regardent. C&rsquo;est le <b>cadeau parfait pour les grands-parents<\/b> qui sont toujours fans de leurs petits-enfants, ou pour les parrains et marraines qui aiment avoir des photos de leurs filleuls d\u00e8s leur naissance. Vous pouvez <b>jouer sur les saisons<\/b> en choisissant des photos prises sous la neige pour les mois d&rsquo;hiver, des photos sur la plage ou pr\u00e8s d&rsquo;une piscine pour les mois d&rsquo;\u00e9t\u00e9. Laissez parler votre imagination et votre calendrier sera encore plus original !<\/p>\n<p><strong><strong>\u00a0<a href=\"https:\/\/storage.googleapis.com\/smartphoto-express-production-wp-blogs-com\/9\/2015\/11\/Cr\u00e9er-un-calendrier-photo-calendrier-personnalis\u00e9-b\u00e9b\u00e91.jpg\"><img loading=\"lazy\" decoding=\"async\" class=\"aligncenter size-full wp-image-29560\" src=\"https:\/\/storage.googleapis.com\/smartphoto-express-production-wp-blogs-com\/9\/2015\/11\/Cr\u00e9er-un-calendrier-photo-calendrier-personnalis\u00e9-b\u00e9b\u00e91.jpg\" alt=\"Cr\u00e9er un calendrier photo - calendrier personnalis\u00e9 b\u00e9b\u00e9\" width=\"700\" height=\"419\" \/><\/a><\/strong><\/strong><\/p>\n<h2><b>Les bonnes photos pour chaque calendrier<\/b><\/h2>\n<p>Comme plusieurs formats sont disponibles (calendrier mural, de bureau, agenda, familial\u2026), vous trouverez assez facilement celui qui correspond le mieux \u00e0 la personne qui le recevra en cadeau. Cr\u00e9er un calendrier photo est tr\u00e8s sympa \u00e0 faire car cela permet se rappeler de bons souvenirs et de passer l&rsquo;ann\u00e9e en ayant toujours le sourire aux l\u00e8vres. Et surtout, le calendrier est un objet tr\u00e8s pratique, sur lequel on peut ajouter des dates d\u2019anniversaire ou des \u00e9v\u00e8nements (dans ce cas, privil\u00e9giez les calendriers \u00e0 colonnes). Id\u00e9al pour n\u2019importe quelle occasion !<\/p>\n<p>Avez-vous pr\u00e9vu de cr\u00e9er un calendrier photo ? Dites-nous le dans les commentaires ou sur notre page\u00a0<a href=\"https:\/\/www.facebook.com\/smartphoto.be\">Facebook<\/a>, <a href=\"https:\/\/twitter.com\/smartphoto_be\">Twitter<\/a>,\u00a0<a href=\"http:\/\/instagram.com\/smartphotobe\">Instagram<\/a>\u00a0ou\u00a0<a href=\"http:\/\/www.pinterest.com\/smartphotobe\/\">Pinterest <\/a>.<\/p>\n<p><a href=\"https:\/\/www.smartphoto.be\/fr\/calendrier-photo\" target=\"_blank\" rel=\"noopener noreferrer\"><img loading=\"lazy\" decoding=\"async\" class=\"aligncenter wp-image-29567 size-full\" src=\"https:\/\/storage.googleapis.com\/smartphoto-express-production-wp-blogs-com\/9\/2015\/11\/cta-calendar-fr.jpg\" alt=\"cta-calendar-fr\" width=\"700\" height=\"250\" \/><\/a><\/p>\n","protected":false},"excerpt":{"rendered":"<p>Cr\u00e9er un calendrier photo Entre les anniversaires, No\u00ebl, les diverses f\u00eates et les petits cadeaux pour faire plaisir, on ne sait plus vraiment quoi offrir\u2026 Pourquoi ne pas cr\u00e9er un calendrier photo ? Un calendrier personnalis\u00e9\u00a0 permet de s\u2019organiser, de se rep\u00e9rer facilement dans le temps tout en conservant des photos personnelles pr\u00e8s de soi. Le calendrier familial est notamment un outil super pratique pour organiser sa vie de famille.\u00a0Un calendrier personnalis\u00e9 est\u00a0 aussi le cadeau id\u00e9al pour toute la famille : les grands-parents en raffolent et peuvent regarder des photos de leurs enfants et petits-enfants quotidiennement, les amis auront<\/p>\n","protected":false},"author":8,"featured_media":0,"comment_status":"open","ping_status":"open","sticky":false,"template":"","format":"standard","meta":{"om_disable_all_campaigns":false,"_monsterinsights_skip_tracking":false,"_monsterinsights_sitenote_active":false,"_monsterinsights_sitenote_note":"","_monsterinsights_sitenote_category":0,"footnotes":""},"categories":[1,7],"tags":[],"class_list":["post-29546","post","type-post","status-publish","format-standard","hentry","category-smartphoto","category-trucs-et-astuces"],"yoast_head":"<!-- This site is optimized with the Yoast SEO plugin v23.8 - https:\/\/yoast.com\/wordpress\/plugins\/seo\/ -->\n<title>Quelles photos choisir pour cr\u00e9er un calendrier photo ?<\/title>\n<meta name=\"description\" content=\"Cr\u00e9er un calendrier photo, c&#039;est super facile. Mais quelles photos choisir pour le rendre personnel ou pour offrir ? Suivez le guide !\" \/>\n<meta name=\"robots\" content=\"index, follow, max-snippet:-1, max-image-preview:large, max-video-preview:-1\" \/>\n<link rel=\"canonical\" href=\"https:\/\/www.smartphoto.be\/inspiration\/creer-un-calendrier-photo-quelles-photos-choisir\" \/>\n<meta property=\"og:locale\" content=\"fr_FR\" \/>\n<meta property=\"og:type\" content=\"article\" \/>\n<meta property=\"og:title\" content=\"Quelles photos choisir pour cr\u00e9er un calendrier photo ?\" \/>\n<meta property=\"og:description\" content=\"Cr\u00e9er un calendrier photo, c&#039;est super facile. Mais quelles photos choisir pour le rendre personnel ou pour offrir ? Suivez le guide !\" \/>\n<meta property=\"og:url\" content=\"https:\/\/www.smartphoto.be\/inspiration\/creer-un-calendrier-photo-quelles-photos-choisir\" \/>\n<meta property=\"og:site_name\" content=\"smartphoto BE FR\" \/>\n<meta property=\"article:publisher\" content=\"https:\/\/www.facebook.com\/smartphoto.be\/\" \/>\n<meta property=\"article:published_time\" content=\"2015-11-07T14:20:00+00:00\" \/>\n<meta property=\"article:modified_time\" content=\"2025-10-15T09:58:55+00:00\" \/>\n<meta property=\"og:image\" content=\"https:\/\/storage.googleapis.com\/smartphoto-express-production-wp-blogs-com\/9\/2014\/12\/Cr\u00e9er-un-calendrier-photo-calendrier-personnalis\u00e9.jpg\" \/>\n\t<meta property=\"og:image:width\" content=\"700\" \/>\n\t<meta property=\"og:image:height\" content=\"438\" \/>\n\t<meta property=\"og:image:type\" content=\"image\/jpeg\" \/>\n<meta name=\"author\" content=\"Camille\" \/>\n<meta name=\"twitter:card\" content=\"summary_large_image\" \/>\n<meta name=\"twitter:creator\" content=\"@smartphoto_be\" \/>\n<meta name=\"twitter:site\" content=\"@smartphoto_be\" \/>\n<meta name=\"twitter:label1\" content=\"Written by\" \/>\n\t<meta name=\"twitter:data1\" content=\"Camille\" \/>\n\t<meta name=\"twitter:label2\" content=\"Est. reading time\" \/>\n\t<meta name=\"twitter:data2\" content=\"6 minutes\" \/>\n<script type=\"application\/ld+json\" class=\"yoast-schema-graph\">{\"@context\":\"https:\/\/schema.org\",\"@graph\":[{\"@type\":\"WebPage\",\"@id\":\"https:\/\/www.smartphoto.be\/inspiration\/creer-un-calendrier-photo-quelles-photos-choisir\",\"url\":\"https:\/\/www.smartphoto.be\/inspiration\/creer-un-calendrier-photo-quelles-photos-choisir\",\"name\":\"Quelles photos choisir pour cr\u00e9er un calendrier photo ?\",\"isPartOf\":{\"@id\":\"https:\/\/www.smartphoto.be\/inspiration\/#website\"},\"primaryImageOfPage\":{\"@id\":\"https:\/\/www.smartphoto.be\/inspiration\/creer-un-calendrier-photo-quelles-photos-choisir#primaryimage\"},\"image\":{\"@id\":\"https:\/\/www.smartphoto.be\/inspiration\/creer-un-calendrier-photo-quelles-photos-choisir#primaryimage\"},\"thumbnailUrl\":\"https:\/\/storage.googleapis.com\/smartphoto-express-production-wp-blogs-com\/9\/2015\/11\/cta-calendar-fr.jpg\",\"datePublished\":\"2015-11-07T14:20:00+00:00\",\"dateModified\":\"2025-10-15T09:58:55+00:00\",\"author\":{\"@id\":\"https:\/\/www.smartphoto.be\/inspiration\/#\/schema\/person\/c6273b932edd5430f80dd2f25e053f93\"},\"description\":\"Cr\u00e9er un calendrier photo, c'est super facile. Mais quelles photos choisir pour le rendre personnel ou pour offrir ? Suivez le guide !\",\"breadcrumb\":{\"@id\":\"https:\/\/www.smartphoto.be\/inspiration\/creer-un-calendrier-photo-quelles-photos-choisir#breadcrumb\"},\"inLanguage\":\"fr-BE\",\"potentialAction\":[{\"@type\":\"ReadAction\",\"target\":[\"https:\/\/www.smartphoto.be\/inspiration\/creer-un-calendrier-photo-quelles-photos-choisir\"]}]},{\"@type\":\"ImageObject\",\"inLanguage\":\"fr-BE\",\"@id\":\"https:\/\/www.smartphoto.be\/inspiration\/creer-un-calendrier-photo-quelles-photos-choisir#primaryimage\",\"url\":\"https:\/\/storage.googleapis.com\/smartphoto-express-production-wp-blogs-com\/9\/2015\/11\/cta-calendar-fr.jpg\",\"contentUrl\":\"https:\/\/storage.googleapis.com\/smartphoto-express-production-wp-blogs-com\/9\/2015\/11\/cta-calendar-fr.jpg\"},{\"@type\":\"BreadcrumbList\",\"@id\":\"https:\/\/www.smartphoto.be\/inspiration\/creer-un-calendrier-photo-quelles-photos-choisir#breadcrumb\",\"itemListElement\":[{\"@type\":\"ListItem\",\"position\":1,\"name\":\"Home\",\"item\":\"\/inspiration\/\"},{\"@type\":\"ListItem\",\"position\":2,\"name\":\"Quelles photos choisir pour cr\u00e9er un calendrier photo ?\"}]},{\"@type\":\"WebSite\",\"@id\":\"https:\/\/www.smartphoto.be\/inspiration\/#website\",\"url\":\"https:\/\/www.smartphoto.be\/inspiration\/\",\"name\":\"smartphoto BE FR\",\"description\":\"\",\"potentialAction\":[{\"@type\":\"SearchAction\",\"target\":{\"@type\":\"EntryPoint\",\"urlTemplate\":\"https:\/\/www.smartphoto.be\/inspiration\/?s={search_term_string}\"},\"query-input\":{\"@type\":\"PropertyValueSpecification\",\"valueRequired\":true,\"valueName\":\"search_term_string\"}}],\"inLanguage\":\"fr-BE\"},{\"@type\":\"Person\",\"@id\":\"https:\/\/www.smartphoto.be\/inspiration\/#\/schema\/person\/c6273b932edd5430f80dd2f25e053f93\",\"name\":\"Camille\",\"image\":{\"@type\":\"ImageObject\",\"inLanguage\":\"fr-BE\",\"@id\":\"https:\/\/www.smartphoto.be\/inspiration\/#\/schema\/person\/image\/\",\"url\":\"https:\/\/secure.gravatar.com\/avatar\/a91e307f8905ae5fadfaf463403971c2?s=96&d=mm&r=g\",\"contentUrl\":\"https:\/\/secure.gravatar.com\/avatar\/a91e307f8905ae5fadfaf463403971c2?s=96&d=mm&r=g\",\"caption\":\"Camille\"},\"description\":\"Camille, 31 ans et expatri\u00e9e en Belgique depuis plus de 4 ans. J'adore le badminton et les voyages. Je suis curieuse de tout et je d\u00e9niche pour vous les meilleurs trucs &amp; astuces pour sublimer vos photos !\",\"url\":\"https:\/\/www.smartphoto.be\/inspiration\/author\/camille\"}]}<\/script>\n<!-- \/ Yoast SEO plugin. -->","yoast_head_json":{"title":"Quelles photos choisir pour cr\u00e9er un calendrier photo ?","description":"Cr\u00e9er un calendrier photo, c'est super facile. Mais quelles photos choisir pour le rendre personnel ou pour offrir ? Suivez le guide !","robots":{"index":"index","follow":"follow","max-snippet":"max-snippet:-1","max-image-preview":"max-image-preview:large","max-video-preview":"max-video-preview:-1"},"canonical":"https:\/\/www.smartphoto.be\/inspiration\/creer-un-calendrier-photo-quelles-photos-choisir","og_locale":"fr_FR","og_type":"article","og_title":"Quelles photos choisir pour cr\u00e9er un calendrier photo ?","og_description":"Cr\u00e9er un calendrier photo, c'est super facile. Mais quelles photos choisir pour le rendre personnel ou pour offrir ? Suivez le guide !","og_url":"https:\/\/www.smartphoto.be\/inspiration\/creer-un-calendrier-photo-quelles-photos-choisir","og_site_name":"smartphoto BE FR","article_publisher":"https:\/\/www.facebook.com\/smartphoto.be\/","article_published_time":"2015-11-07T14:20:00+00:00","article_modified_time":"2025-10-15T09:58:55+00:00","og_image":[{"width":700,"height":438,"url":"https:\/\/storage.googleapis.com\/smartphoto-express-production-wp-blogs-com\/9\/2014\/12\/Cr\u00e9er-un-calendrier-photo-calendrier-personnalis\u00e9.jpg","type":"image\/jpeg"}],"author":"Camille","twitter_card":"summary_large_image","twitter_creator":"@smartphoto_be","twitter_site":"@smartphoto_be","twitter_misc":{"Written by":"Camille","Est. reading time":"6 minutes"},"schema":{"@context":"https:\/\/schema.org","@graph":[{"@type":"WebPage","@id":"https:\/\/www.smartphoto.be\/inspiration\/creer-un-calendrier-photo-quelles-photos-choisir","url":"https:\/\/www.smartphoto.be\/inspiration\/creer-un-calendrier-photo-quelles-photos-choisir","name":"Quelles photos choisir pour cr\u00e9er un calendrier photo ?","isPartOf":{"@id":"https:\/\/www.smartphoto.be\/inspiration\/#website"},"primaryImageOfPage":{"@id":"https:\/\/www.smartphoto.be\/inspiration\/creer-un-calendrier-photo-quelles-photos-choisir#primaryimage"},"image":{"@id":"https:\/\/www.smartphoto.be\/inspiration\/creer-un-calendrier-photo-quelles-photos-choisir#primaryimage"},"thumbnailUrl":"https:\/\/storage.googleapis.com\/smartphoto-express-production-wp-blogs-com\/9\/2015\/11\/cta-calendar-fr.jpg","datePublished":"2015-11-07T14:20:00+00:00","dateModified":"2025-10-15T09:58:55+00:00","author":{"@id":"https:\/\/www.smartphoto.be\/inspiration\/#\/schema\/person\/c6273b932edd5430f80dd2f25e053f93"},"description":"Cr\u00e9er un calendrier photo, c'est super facile. Mais quelles photos choisir pour le rendre personnel ou pour offrir ? Suivez le guide !","breadcrumb":{"@id":"https:\/\/www.smartphoto.be\/inspiration\/creer-un-calendrier-photo-quelles-photos-choisir#breadcrumb"},"inLanguage":"fr-BE","potentialAction":[{"@type":"ReadAction","target":["https:\/\/www.smartphoto.be\/inspiration\/creer-un-calendrier-photo-quelles-photos-choisir"]}]},{"@type":"ImageObject","inLanguage":"fr-BE","@id":"https:\/\/www.smartphoto.be\/inspiration\/creer-un-calendrier-photo-quelles-photos-choisir#primaryimage","url":"https:\/\/storage.googleapis.com\/smartphoto-express-production-wp-blogs-com\/9\/2015\/11\/cta-calendar-fr.jpg","contentUrl":"https:\/\/storage.googleapis.com\/smartphoto-express-production-wp-blogs-com\/9\/2015\/11\/cta-calendar-fr.jpg"},{"@type":"BreadcrumbList","@id":"https:\/\/www.smartphoto.be\/inspiration\/creer-un-calendrier-photo-quelles-photos-choisir#breadcrumb","itemListElement":[{"@type":"ListItem","position":1,"name":"Home","item":"\/inspiration\/"},{"@type":"ListItem","position":2,"name":"Quelles photos choisir pour cr\u00e9er un calendrier photo ?"}]},{"@type":"WebSite","@id":"https:\/\/www.smartphoto.be\/inspiration\/#website","url":"https:\/\/www.smartphoto.be\/inspiration\/","name":"smartphoto BE FR","description":"","potentialAction":[{"@type":"SearchAction","target":{"@type":"EntryPoint","urlTemplate":"https:\/\/www.smartphoto.be\/inspiration\/?s={search_term_string}"},"query-input":{"@type":"PropertyValueSpecification","valueRequired":true,"valueName":"search_term_string"}}],"inLanguage":"fr-BE"},{"@type":"Person","@id":"https:\/\/www.smartphoto.be\/inspiration\/#\/schema\/person\/c6273b932edd5430f80dd2f25e053f93","name":"Camille","image":{"@type":"ImageObject","inLanguage":"fr-BE","@id":"https:\/\/www.smartphoto.be\/inspiration\/#\/schema\/person\/image\/","url":"https:\/\/secure.gravatar.com\/avatar\/a91e307f8905ae5fadfaf463403971c2?s=96&d=mm&r=g","contentUrl":"https:\/\/secure.gravatar.com\/avatar\/a91e307f8905ae5fadfaf463403971c2?s=96&d=mm&r=g","caption":"Camille"},"description":"Camille, 31 ans et expatri\u00e9e en Belgique depuis plus de 4 ans. J'adore le badminton et les voyages. Je suis curieuse de tout et je d\u00e9niche pour vous les meilleurs trucs &amp; astuces pour sublimer vos photos !","url":"https:\/\/www.smartphoto.be\/inspiration\/author\/camille"}]}},"_links":{"self":[{"href":"https:\/\/www.smartphoto.be\/inspiration\/wp-json\/wp\/v2\/posts\/29546","targetHints":{"allow":["GET"]}}],"collection":[{"href":"https:\/\/www.smartphoto.be\/inspiration\/wp-json\/wp\/v2\/posts"}],"about":[{"href":"https:\/\/www.smartphoto.be\/inspiration\/wp-json\/wp\/v2\/types\/post"}],"author":[{"embeddable":true,"href":"https:\/\/www.smartphoto.be\/inspiration\/wp-json\/wp\/v2\/users\/8"}],"replies":[{"embeddable":true,"href":"https:\/\/www.smartphoto.be\/inspiration\/wp-json\/wp\/v2\/comments?post=29546"}],"version-history":[{"count":5,"href":"https:\/\/www.smartphoto.be\/inspiration\/wp-json\/wp\/v2\/posts\/29546\/revisions"}],"predecessor-version":[{"id":46131,"href":"https:\/\/www.smartphoto.be\/inspiration\/wp-json\/wp\/v2\/posts\/29546\/revisions\/46131"}],"wp:attachment":[{"href":"https:\/\/www.smartphoto.be\/inspiration\/wp-json\/wp\/v2\/media?parent=29546"}],"wp:term":[{"taxonomy":"category","embeddable":true,"href":"https:\/\/www.smartphoto.be\/inspiration\/wp-json\/wp\/v2\/categories?post=29546"},{"taxonomy":"post_tag","embeddable":true,"href":"https:\/\/www.smartphoto.be\/inspiration\/wp-json\/wp\/v2\/tags?post=29546"}],"curies":[{"name":"wp","href":"https:\/\/api.w.org\/{rel}","templated":true}]}}