{"id":29247,"date":"2025-11-15T22:13:53","date_gmt":"2025-11-15T21:13:53","guid":{"rendered":"http:\/\/www.photosmile.be\/?p=29247"},"modified":"2026-01-06T15:58:48","modified_gmt":"2026-01-06T14:58:48","slug":"creez-votre-livre-photo-de-lannee","status":"publish","type":"post","link":"https:\/\/www.smartphoto.be\/inspiration\/creez-votre-livre-photo-de-lannee","title":{"rendered":"Cr\u00e9ez votre livre photo de l\u2019ann\u00e9e 2025 !"},"content":{"rendered":"\n<p><strong>Livre photo de l\u2019ann\u00e9e<\/strong><\/p>\n\n\n\n<p>Un livre photo reste le meilleur moyen de cr\u00e9er une r\u00e9trospective annuelle de tous vos pr\u00e9cieux moments. Il est temps de r\u00e9aliser votre <strong>livre photo de l&rsquo;ann\u00e9e 2025<\/strong> ! Cr\u00e9er <a href=\"https:\/\/www.smartphoto.be\/fr\/livre-photo\">un livre photo<\/a> en ligne vous permet non seulement de gagner du temps, mais aussi d&rsquo;obtenir un album photo annuel de qualit\u00e9 professionnelle.<\/p>\n\n\n\n<p>D\u00e9couvrez comment concevoir un magnifique <strong>album photo annuel<\/strong> \u00e0 offrir, ou pour votre plaisir ! Pour vous faciliter la t\u00e2che, notre \u00e9quipe a cr\u00e9\u00e9 des <a href=\"https:\/\/www.smartphoto.be\/fr\/livre-photo\/creer-un-livre-photo\/selection-design?pvc=photobookllhardpers&amp;pt=biglandscape&amp;theme=theme.newyear&amp;dt=photobookllhardpers|biglandscape_boldnewyearbook\">design sp\u00e9cifique pour votre livre de l&rsquo;ann\u00e9e<\/a>, id\u00e9al pour mettre en valeur vos aventures gr\u00e2ce \u00e0 sa structure cr\u00e9ative et pratique.<\/p>\n\n\n<div class=\"wp-block-image\">\n<figure class=\"aligncenter size-full\"><img decoding=\"async\" src=\"https:\/\/storage.googleapis.com\/smartphoto-express-production-wp-blogs-com\/10\/2024\/12\/Livre-photo-de-lannee-2025-UGC.jpg\" alt=\"\" class=\"wp-image-12826\" \/><\/figure><\/div>\n\n\n<h2 class=\"wp-block-heading\">\u00c9tape 1 : rassemblez vos photos pour votre yearbook<\/h2>\n\n\n\n<p>Premi\u00e8re \u00e9tape : rassemblez toutes les photos pour votre livre photo de l&rsquo;ann\u00e9e. Les photos de famille, de classe, de voyage, avec vos amis, les copains et copines de vos enfants, les moments complices\u2026 Bref, tout ce qui a marqu\u00e9 votre ann\u00e9e \u00e9coul\u00e9e ! Pensez \u00e0 demander \u00e0 votre entourage de vous partager leurs photos des moments pass\u00e9s enseble, ainsi votre album sera aussi complet que possible, et qu&rsquo;il ne manque aucun \u00e9v\u00e9nement marquant. <\/p>\n\n\n\n<h3 class=\"wp-block-heading\">Le choix des photos : comment s\u00e9lectionner vos favoris ?<\/h3>\n\n\n\n<p>Pour choisir vos photos pr\u00e9f\u00e9r\u00e9es, pensez d&rsquo;abord aux moments qui vous ont vraiment marqu\u00e9s. S\u00e9lectionnez les images qui racontent une histoire, celles qui capturent un souvenir authentique ou un instant pr\u00e9cieux. Ne gardez pas uniquement les photos techniquement parfaites : une image l\u00e9g\u00e8rement floue mais remplie d&rsquo;\u00e9motion vaut souvent mieux qu&rsquo;un clich\u00e9 impeccable mais sans \u00e2me.<\/p>\n\n\n\n<p>Pour faciliter votre tri, cr\u00e9ez un dossier unique par p\u00e9riode (du premier jour de janvier au dernier jour de d\u00e9cembre) ou par \u00e9v\u00e9nement. Cela vous aidera \u00e0 maintenir l&rsquo;ordre chronologique et \u00e0 ne rien oublier des beaux souvenirs de l&rsquo;ann\u00e9e.<\/p>\n\n\n\n<figure class=\"wp-block-image aligncenter size-full\"><img decoding=\"async\" src=\"https:\/\/storage.googleapis.com\/smartphoto-express-production-wp-blogs-com\/10\/2022\/01\/Photo-by-cottonbro-from-Pexels.jpg\" alt=\"Triez vos photos avant de commencer votre album photo de l'ann\u00e9e\n\" class=\"wp-image-10794\" \/><\/figure>\n\n\n\n<h3 class=\"wp-block-heading\">O\u00f9 sauvegarder vos photos pour faciliter la cr\u00e9ation<\/h3>\n\n\n\n<p>Nous vous recommandons de sauver toutes vos photos au m\u00eame endroit pour simplifier la cr\u00e9ation de votre album photo annuel :<\/p>\n\n\n\n<ul class=\"wp-block-list\">\n<li>Sur un serveur d\u00e9di\u00e9 \u00e0 vos photos de famille<\/li>\n\n\n\n<li>Via un service en ligne comme Google Photos ou iCloud<\/li>\n\n\n\n<li>Sur votre ordinateur ou tablette dans un dossier clairement identifi\u00e9<\/li>\n\n\n\n<li>Sur un disque dur externe pour une sauvegarde s\u00e9curis\u00e9e<\/li>\n\n\n\n<li>Ou dans un dossier d\u00e9di\u00e9 sous <a href=\"https:\/\/www.smartphoto.be\/fr\/mon-compte\/mes-albums\">\u00ab\u00a0mes photos\u00a0\u00bb<\/a> dans votre compte smartphoto<\/li>\n<\/ul>\n\n\n\n<p>Pssst&#8230; Veillez \u00e0 toujours garder une seconde copie, tous les supports sont faillibles ! <\/p>\n\n\n\n<p>Une fois vos photos rassembl\u00e9es, vous pourrez facilement les importer dans notre logiciel de cr\u00e9ation en ligne. Les <a href=\"https:\/\/www.smartphoto.be\/fr\/livre-photo\/creer-un-livre-photo\/nouvel-an\">livres photo en ligne<\/a> smartphoto vous permettent de travailler directement depuis votre navigateur, sans installation n\u00e9cessaire.<\/p>\n\n\n\n<h2 class=\"wp-block-heading\">\u00c9tape 2 : choisissez un th\u00e8me pour votre album<\/h2>\n\n\n\n<p>Maintenant, choisissez un th\u00e8me pour que votre livre photo de l&rsquo;ann\u00e9e 2025 soit harmonis\u00e9 et refl\u00e8te votre personnalit\u00e9.<\/p>\n\n\n\n<h3 class=\"wp-block-heading\">Utilisez le design \u00ab livre de l&rsquo;ann\u00e9e \u00bb sp\u00e9cialement con\u00e7u<\/h3>\n\n\n\n<p>Le plus simple : <a href=\"https:\/\/www.smartphoto.be\/fr\/livre-photo\/creer-un-livre-photo\/selection-design?pvc=photobookllhardpers&amp;pt=biglandscape&amp;theme=theme.newyear&amp;dt=photobookllhardpers|biglandscape_boldnewyearbook\">utiliser le th\u00e8me \u00ab livre de l&rsquo;ann\u00e9e \u00bb<\/a> ! Il est sp\u00e9cialement con\u00e7u pour avoir un aper\u00e7u des 12 mois de l&rsquo;ann\u00e9e au d\u00e9but du livre, et des pages d&rsquo;introduction pour les 4 saisons. Ce mod\u00e8le de livre photo int\u00e8gre d\u00e9j\u00e0 tous les \u00e9l\u00e9ments visuels n\u00e9cessaires pour une pr\u00e9sentation \u00e9l\u00e9gante et coh\u00e9rente.<\/p>\n\n\n\n<h3 class=\"wp-block-heading\">Explorez notre gamme de livres photos<\/h3>\n\n\n\n<p>Vous pouvez aussi <a href=\"https:\/\/www.smartphoto.be\/fr\/livre-photo\/creer-un-livre-photo\/selection-design?pvc=photobookllhardpers&amp;pt=biglandscape\">choisir un autre design<\/a>. Notre gamme de livres photos propose des dizaines de designs disponibles. Dans tous les cas, essayez d&rsquo;utiliser le plus possible les mises en page et les \u00e9l\u00e9ments pr\u00e9d\u00e9finis. Ainsi, vous aurez un livre photo parfaitement coh\u00e9rent avec des coloris harmonieux.2. Choisir un th\u00e8me<\/p>\n\n\n\n<h3 class=\"wp-block-heading\">Cr\u00e9ez votre propre mise en page personnalis\u00e9e<\/h3>\n\n\n\n<p>Vous voulez cr\u00e9er votre propre mise en page ? Mettez en avant votre cr\u00e9ativit\u00e9 et <a href=\"https:\/\/www.smartphoto.be\/fr\/design-perso\">partez d&rsquo;une mise en page vide<\/a> : vous ajoutez vous-m\u00eame les couleurs et les motifs. Votre livre sera donc \u00e0 100% personnalis\u00e9 et unique !<\/p>\n\n\n\n<p><strong>Psst&#8230;<\/strong> Pour un rendu vraiment harmonieux, utilisez les m\u00eames couleurs pour vos textes et arri\u00e8re-plans tout au long de votre album. Choisissez 2 \u00e0 3 couleurs maximum et tenez-vous-y !<\/p>\n\n\n<div class=\"wp-block-image\">\n<figure class=\"aligncenter size-full\"><a href=\"https:\/\/www.smartphoto.be\/fr\/designselection.aspx?dg=yearbook\" target=\"_blank\" rel=\"noopener\"><img decoding=\"async\" src=\"https:\/\/storage.googleapis.com\/smartphoto-express-production-wp-blogs-com\/10\/2022\/01\/Livre-photo-de-lannee-2024-4.jpg\" alt=\"\" class=\"wp-image-12035\" \/><\/a><figcaption class=\"wp-element-caption\">Le design pour livre photo annuel inclut des pages sp\u00e9ciales. Par exemple, cette double page donne une vue de l&rsquo;ann\u00e9e \u00e9coul\u00e9e mois par mois. Tous les textes et images peuvent \u00eatre personnalis\u00e9s !<\/figcaption><\/figure><\/div>\n\n\n<h2 class=\"wp-block-heading\">\u00c9tape 3 : organisez votre livre photo \u2013 chronologique ou th\u00e9matique<\/h2>\n\n\n\n<p>Quel que soit le th\u00e8me choisi pour votre livre photo de l&rsquo;ann\u00e9e 2025, vous devez d\u00e9cider comment organiser vos photos au sein du livre. Voici les deux approches principales :<\/p>\n\n\n\n<h3 class=\"wp-block-heading\">Organisation chronologique : suivre le fil de l&rsquo;ann\u00e9e<\/h3>\n\n\n\n<p>L&rsquo;ordre chronologique reste la m\u00e9thode la plus naturelle pour un livre photo ann\u00e9e. Vous suivez simplement le fil de votre ann\u00e9e, de janvier \u00e0 d\u00e9cembre. Cette structure permet de revivre votre ann\u00e9e dans sa progression naturelle et de constater l&rsquo;\u00e9volution de votre famille, de vos enfants ou de vos projets.<\/p>\n\n\n\n<p>Vous pouvez structurer votre livre de plusieurs fa\u00e7ons :<\/p>\n\n\n\n<ul class=\"wp-block-list\">\n<li>Une double page compl\u00e8te par mois pour un aper\u00e7u r\u00e9gulier<\/li>\n\n\n\n<li>Une section par saison pour mettre en valeur les changements naturels<\/li>\n\n\n\n<li>Un d\u00e9coupage par grandes p\u00e9riodes (vacances scolaires, projets professionnels)<\/li>\n<\/ul>\n\n\n\n<p>Si vous avez r\u00e9alis\u00e9 un <a href=\"\/inspiration\/7-projets-photo-creatifs\">projet photo<\/a> cette ann\u00e9e, il peut servir de fil rouge \u00e0 votre livre photo de 2025 !<\/p>\n\n\n<div class=\"wp-block-image\">\n<figure class=\"aligncenter\"><a href=\"https:\/\/www.smartphoto.be\/fr\/designselection.aspx?dg=yearbook\" target=\"_blank\" rel=\"noopener noreferrer\"><img loading=\"lazy\" decoding=\"async\" width=\"450\" height=\"244\" src=\"https:\/\/storage.googleapis.com\/smartphoto-express-production-wp-blogs-com\/9\/2017\/01\/livre_photo_de_l_annee.gif\" alt=\"Livre photo de l\u2019ann\u00e9e\" class=\"wp-image-39133\" \/><\/a><\/figure><\/div>\n\n\n<h3 class=\"wp-block-heading\">Organisation th\u00e9matique : regrouper par cat\u00e9gories<\/h3>\n\n\n\n<p>L&rsquo;organisation th\u00e9matique convient mieux si vous souhaitez mettre l&rsquo;accent sur des aspects sp\u00e9cifiques de votre vie. Vous pouvez par exemple regrouper :<\/p>\n\n\n\n<ul class=\"wp-block-list\">\n<li>Tous les portraits de famille dans une section: la meilleur fa\u00e7on de voir l&rsquo;\u00e9volution de chacun au cours de l&rsquo;ann\u00e9e<\/li>\n\n\n\n<li>Les paysages et voyages dans une autre<\/li>\n\n\n\n<li>Les moments dr\u00f4les, \u00e9mouvants ou surprenants<\/li>\n\n\n\n<li>Les c\u00e9l\u00e9brations et \u00e9v\u00e9nements sp\u00e9ciaux (anniversaires, mariages, f\u00eates)<\/li>\n<\/ul>\n\n\n\n<figure class=\"wp-block-table\"><table class=\"has-fixed-layout\"><thead><tr><th>Approche<\/th><th>Avantages<\/th><th>Quand l&rsquo;utiliser<\/th><\/tr><\/thead><tbody><tr><td><strong>Ordre chronologique<\/strong><\/td><td>Raconte une histoire lin\u00e9aire, facile \u00e0 suivre, montre l&rsquo;\u00e9volution dans le temps<\/td><td>Pour un album photo annuel traditionnel, pour suivre la croissance des enfants<\/td><\/tr><tr><td><strong>Structure th\u00e9matique<\/strong><\/td><td>Met en valeur des aspects sp\u00e9cifiques, plus cr\u00e9atif, permet de m\u00e9langer les p\u00e9riodes<\/td><td>Pour valoriser un hobby, un projet, ou cr\u00e9er un album plus artistique<\/td><\/tr><\/tbody><\/table><\/figure>\n\n\n\n<p><strong>Une id\u00e9e originale <\/strong>consiste \u00e0 organiser votre livre photo suivant l&rsquo;ordre alphab\u00e9tique ! Par exemple : A comme \u00c0 la maison, B comme Balades, C comme Chez Mamie, E comme \u00c9cole (parfait pour y glisser une photo de classe), M comme Mariage ou Mer.<\/p>\n\n\n<div class=\"wp-block-image\">\n<figure class=\"aligncenter\"><img loading=\"lazy\" decoding=\"async\" width=\"720\" height=\"400\" src=\"https:\/\/storage.googleapis.com\/smartphoto-express-production-wp-blogs-com\/9\/2019\/06\/Blog_ABC_Book.jpg\" alt=\"Livre photo de l'ann\u00e9e 2024 - les lettres de l'alphabet\" class=\"wp-image-41252\" srcset=\"https:\/\/storage.googleapis.com\/smartphoto-express-production-wp-blogs-com\/9\/2019\/06\/Blog_ABC_Book.jpg 720w, https:\/\/storage.googleapis.com\/smartphoto-express-production-wp-blogs-com\/9\/2019\/06\/Blog_ABC_Book-300x167.jpg 300w\" sizes=\"auto, (max-width: 720px) 100vw, 720px\" \/><\/figure><\/div>\n\n\n<p>Pour un format id\u00e9al qui vous laisse une grande libert\u00e9 de mise en page, optez pour un grand format (L ou XL) \u00e0 couverture rigide. Si vous aimez l&rsquo;esth\u00e9tique vintage, pensez aussi \u00e0 passer certaines de vos photos en noir et blanc pour cr\u00e9er une ambiance coh\u00e9rente dans une section sp\u00e9cifique. Des filtres sont disponibles dans l&rsquo;outil de mise en page.<\/p>\n\n\n\n<h2 class=\"wp-block-heading\">\u00c9tape 4 : ajoutez bien plus que des photos<\/h2>\n\n\n\n<p>Votre livre photo ne doit pas forc\u00e9ment contenir que des photos : libre \u00e0 vous d&rsquo;ajouter un document important pour vous et votre famille, transformant ainsi vos beaux souvenirs en v\u00e9ritables tr\u00e9sors de m\u00e9moire pour l&rsquo;ann\u00e9e 2025.<\/p>\n\n\n\n<h3 class=\"wp-block-heading\">Objets et documents \u00e0 int\u00e9grer dans votre album<\/h3>\n\n\n\n<p>Voici quelques exemples de documents qui enrichiront votre livre photo ann\u00e9e :<\/p>\n\n\n\n<ul class=\"wp-block-list\">\n<li>Un article de journal marquant<\/li>\n\n\n\n<li>Un ticket pour un \u00e9v\u00e9nement important (concert, spectacle, match)<\/li>\n\n\n\n<li>Un billet d&rsquo;avion de vos plus belles vacances<\/li>\n\n\n\n<li>Une photocopie du permis de conduire ou d&rsquo;un dipl\u00f4me obtenu cette ann\u00e9e<\/li>\n\n\n\n<li>Un dessin de votre enfant qui capture parfaitement son \u00e9volution<\/li>\n\n\n\n<li>Un po\u00e8me ou un texte \u00e9crit par un proche<\/li>\n\n\n\n<li>La couverture d&rsquo;un livre qui vous a marqu\u00e9<\/li>\n\n\n\n<li>La liste de vos r\u00e9solutions de l&rsquo;ann\u00e9e (\u00e0 comparer avec celles de 2026 !)<\/li>\n\n\n\n<li>Votre carte de f\u00eate des m\u00e8res ou des p\u00e8res<\/li>\n<\/ul>\n\n\n<div class=\"wp-block-image\">\n<figure class=\"aligncenter size-full\"><img loading=\"lazy\" decoding=\"async\" width=\"699\" height=\"365\" src=\"https:\/\/storage.googleapis.com\/smartphoto-express-production-wp-blogs-com\/9\/2022\/01\/photos-et-cartes-geographiques-pour-livre-photo-de-lannee-souvenirs-nostalgie.jpg\" alt=\"Petits extras\" class=\"wp-image-43347\" srcset=\"https:\/\/storage.googleapis.com\/smartphoto-express-production-wp-blogs-com\/9\/2022\/01\/photos-et-cartes-geographiques-pour-livre-photo-de-lannee-souvenirs-nostalgie.jpg 699w, https:\/\/storage.googleapis.com\/smartphoto-express-production-wp-blogs-com\/9\/2022\/01\/photos-et-cartes-geographiques-pour-livre-photo-de-lannee-souvenirs-nostalgie-300x157.jpg 300w\" sizes=\"auto, (max-width: 699px) 100vw, 699px\" \/><\/figure><\/div>\n\n\n<h3 class=\"wp-block-heading\">Trois id\u00e9es pour int\u00e9grer ces \u00e9l\u00e9ments<\/h3>\n\n\n\n<p>Pour ins\u00e9rer ces documents dans votre livre, voici trois m\u00e9thodes efficaces :<\/p>\n\n\n\n<ul class=\"wp-block-list\">\n<li><strong>Utilisez un scanner.<\/strong> Vous pouvez scanner bien plus que du papier : tissus, doudou, cartes, petits objets plats comme des feuilles s\u00e9ch\u00e9es ou m\u00eame des cl\u00e9s. <\/li>\n\n\n\n<li><strong>Pr\u00e9voyez un emplacement d\u00e9di\u00e9.<\/strong> Cr\u00e9ez une mise en page sp\u00e9cifique avec un espace vierge o\u00f9 vous collerez ult\u00e9rieurement un \u00e9l\u00e9ment en papier (carte, ticket, photo Polaroid). Cela fonctionne particuli\u00e8rement bien pour les cartes postales et les tickets d&rsquo;\u00e9v\u00e9nements.<\/li>\n\n\n\n<li><strong>Ajoutez une enveloppe \u00e0 votre album.<\/strong> Vous pouvez aussi ajouter une petite enveloppe en papier translucide dans laquelle vous glisserez de petits objets (m\u00e8che de cheveux, fleurs s\u00e9ch\u00e9es, confettis, ticket, sable&#8230;). Les enveloppes en papier translucides sont parfaites pour cela.<\/li>\n<\/ul>\n\n\n\n<figure class=\"wp-block-gallery has-nested-images columns-default is-cropped wp-block-gallery-1 is-layout-flex wp-block-gallery-is-layout-flex\">\n<figure class=\"wp-block-image size-full\"><img loading=\"lazy\" decoding=\"async\" width=\"463\" height=\"478\" data-id=\"43344\" src=\"https:\/\/storage.googleapis.com\/smartphoto-express-production-wp-blogs-com\/9\/2022\/01\/Fleurs-et-cartes-postales-pour-livre-photo-de-lannee-souvenirs-nostalgie.jpg\" alt=\"\" class=\"wp-image-43344\" srcset=\"https:\/\/storage.googleapis.com\/smartphoto-express-production-wp-blogs-com\/9\/2022\/01\/Fleurs-et-cartes-postales-pour-livre-photo-de-lannee-souvenirs-nostalgie.jpg 463w, https:\/\/storage.googleapis.com\/smartphoto-express-production-wp-blogs-com\/9\/2022\/01\/Fleurs-et-cartes-postales-pour-livre-photo-de-lannee-souvenirs-nostalgie-291x300.jpg 291w\" sizes=\"auto, (max-width: 463px) 100vw, 463px\" \/><\/figure>\n\n\n\n<figure class=\"wp-block-image size-full\"><img loading=\"lazy\" decoding=\"async\" width=\"402\" height=\"364\" data-id=\"43345\" src=\"https:\/\/storage.googleapis.com\/smartphoto-express-production-wp-blogs-com\/9\/2022\/01\/echographie-inseree-dans-un-livre-photo-annuel.jpg\" alt=\"\" class=\"wp-image-43345\" srcset=\"https:\/\/storage.googleapis.com\/smartphoto-express-production-wp-blogs-com\/9\/2022\/01\/echographie-inseree-dans-un-livre-photo-annuel.jpg 402w, https:\/\/storage.googleapis.com\/smartphoto-express-production-wp-blogs-com\/9\/2022\/01\/echographie-inseree-dans-un-livre-photo-annuel-300x272.jpg 300w\" sizes=\"auto, (max-width: 402px) 100vw, 402px\" \/><\/figure>\n<\/figure>\n\n\n\n<h2 class=\"wp-block-heading\">\u00c9tape 5 : soignez le texte de votre album<\/h2>\n\n\n\n<p>Apr\u00e8s l&rsquo;image, place au texte ! Allez-vous \u00e9crire des descriptions pour chaque page ou seulement pour les \u00e9v\u00e9nements les plus marquants ?<\/p>\n\n\n\n<h3 class=\"wp-block-heading\">Ajoutez des l\u00e9gendes qui capturent le moindre d\u00e9tail<\/h3>\n\n\n\n<p>Nous vous conseillons d&rsquo;ajouter au moins quelques lignes de texte pour les moments importants. Ces petits textes vous \u00e9viteront d&rsquo;oublier les d\u00e9tails croustillants et les anecdotes de votre ann\u00e9e 2025. Une l\u00e9gende peut simplement d\u00e9crire la photo pr\u00e9f\u00e9r\u00e9e de la page, raconter ce qui s&rsquo;est pass\u00e9 ce jour-l\u00e0, ou expliquer pourquoi ce moment \u00e9tait sp\u00e9cial.<\/p>\n\n\n\n<p>Par exemple, pour une photo de vacances \u00e0 la plage : \u00ab Premi\u00e8re baignade de l&rsquo;ann\u00e9e \u00e0 Biarritz, 15 juin. Louis a enfin os\u00e9 mettre la t\u00eate sous l&rsquo;eau ! \u00bb Ce genre de petite note vous fera sourire dans 10 ans quand vous le moindre d\u00e9tail sera oubli\u00e9.<\/p>\n\n\n<div class=\"wp-block-image\">\n<figure class=\"aligncenter size-full\"><img decoding=\"async\" src=\"https:\/\/storage.googleapis.com\/smartphoto-express-production-wp-blogs-com\/10\/2022\/01\/Livre-photo-de-lannee-2024-3.jpg\" alt=\"\" class=\"wp-image-12034\" \/><\/figure><\/div>\n\n\n<p>Utilisez des citations qui parlent \u00e0 votre c\u0153ur<\/p>\n\n\n\n<p>Vous pouvez aussi trouver des citations d&rsquo;auteurs qui correspondent aux photos de chaque saison de l&rsquo;ann\u00e9e \u00e9coul\u00e9e :<\/p>\n\n\n\n<ul class=\"wp-block-list\">\n<li>Une belle phrase d&rsquo;amour pour la photo d&rsquo;un mariage &#8211; vous pouvez aussi citer un extrait .particuli\u00e8rement marquant d&rsquo;un des discours du mariage.<\/li>\n\n\n\n<li>Des citations inspirantes sur le th\u00e8me de la saison affich\u00e9e (No\u00ebl, vacances d&rsquo;\u00e9t\u00e9,&#8230;).<\/li>\n\n\n\n<li>Des proverbes sur la famille pour les photos de r\u00e9unions familiales.<\/li>\n\n\n\n<li>Des vers de po\u00e9sie pour accompagner vos plus beaux paysages.<\/li>\n\n\n\n<li>Un extrait de votre livre pr\u00e9f\u00e9r\u00e9 de l&rsquo;ann\u00e9e.<\/li>\n\n\n\n<li>Une expression qui a acompagn\u00e9 votre vie de famille cette ann\u00e9e.<\/li>\n<\/ul>\n\n\n\n<p>Mais n&rsquo;h\u00e9sitez pas aussi \u00e0 cr\u00e9er vos propres citations en utilisant des phrases marquantes de l&rsquo;ann\u00e9e : vos lapsus, les r\u00e9flexions dr\u00f4les de vos enfants, les expressions favorites de votre famille. Cela rendra votre album photo encore plus personnel et unique, et vous fera red\u00e9couvrir avec plaisir tous ces petits moments qui font la magie du quotidien.<\/p>\n\n\n\n<h2 class=\"wp-block-heading\">\u00c9tape 6 : cr\u00e9ez un best-of des meilleurs moments de l&rsquo;ann\u00e9e 2025<\/h2>\n\n\n\n<p>Derni\u00e8re \u00e9tape : le top des meilleurs moments de votre ann\u00e9e ! L&rsquo;id\u00e9e est de faire une r\u00e9trospective annuelle concentr\u00e9e sur l&rsquo;essentiel. Terminez votre voyage \u00e0 travers les 12 mois \u00e9coul\u00e9s et projetez vous vers l&rsquo;ann\u00e9e suivante en listant les moments-cl\u00e9s qui ont vraiment fait la diff\u00e9rence en 2025 :<\/p>\n\n\n\n<ul class=\"wp-block-list\">\n<li>Vos 5 photos favorites de l&rsquo;ann\u00e9e<\/li>\n\n\n\n<li>Les 3 plus belles d\u00e9couvertes (lieu, restaurant, activit\u00e9)<\/li>\n\n\n\n<li>Le moment le plus dr\u00f4le et celui qui vous a le plus \u00e9mu<\/li>\n\n\n\n<li>Votre citation de l&rsquo;ann\u00e9e ou votre chanson f\u00e9tiche<\/li>\n\n\n\n<li>Une petite ic\u00f4ne ou illustration pour chaque membre de la famille<\/li>\n\n\n\n<li>Vos objectifs pour 2026 (\u00e0 relire dans votre prochain livre !)<\/li>\n<\/ul>\n\n\n\n<p>Cette page de cl\u00f4ture donnera une belle conclusion \u00e0 votre livre photo de l&rsquo;ann\u00e9e 2025 et permettra de saisir l&rsquo;essence de cette ann\u00e9e en un coup d&rsquo;\u0153il. C&rsquo;est une jolie fa\u00e7on de  <a href=\"https:\/\/www.smartphoto.be\/fr\/livre-photo\">votre livre photo de l&rsquo;ann\u00e9e 2025<\/a>. <\/p>\n\n\n\n<figure class=\"wp-block-image size-full\"><img loading=\"lazy\" decoding=\"async\" width=\"881\" height=\"567\" src=\"https:\/\/storage.googleapis.com\/smartphoto-express-production-wp-blogs-com\/9\/2022\/01\/Nos-pepites-livre-photo-de-lannee.jpg\" alt=\"\" class=\"wp-image-43349\" srcset=\"https:\/\/storage.googleapis.com\/smartphoto-express-production-wp-blogs-com\/9\/2022\/01\/Nos-pepites-livre-photo-de-lannee.jpg 881w, https:\/\/storage.googleapis.com\/smartphoto-express-production-wp-blogs-com\/9\/2022\/01\/Nos-pepites-livre-photo-de-lannee-300x193.jpg 300w, https:\/\/storage.googleapis.com\/smartphoto-express-production-wp-blogs-com\/9\/2022\/01\/Nos-pepites-livre-photo-de-lannee-768x494.jpg 768w\" sizes=\"auto, (max-width: 881px) 100vw, 881px\" \/><figcaption class=\"wp-element-caption\">Mise en page: smartphoto, photos: Pexel<\/figcaption><\/figure>\n\n\n\n<h3 class=\"wp-block-heading\">Gr\u00e2ce \u00e0 tous ces conseils, votre livre photo sera unique et vous garderez un beau souvenir de votre ann\u00e9e 2025 !<\/h3>\n\n\n\n<p>Si vous faites cela chaque ann\u00e9e, vous serez bient\u00f4t dot\u00e9 d&rsquo;une collection de livres photo qui racontent votre histoire, ou celle de votre famille. Et on peut vous assurer qu&rsquo;il n&rsquo;y a rien de plus satisfaisant !<\/p>\n\n\n<div class=\"wp-block-image\">\n<figure class=\"aligncenter size-full\"><img decoding=\"async\" src=\"https:\/\/storage.googleapis.com\/smartphoto-express-production-wp-blogs-com\/10\/2022\/01\/Livre-photo-de-lannee-2024-1.png\" alt=\"\" class=\"wp-image-12033\" \/><\/figure><\/div>\n\n\n<p>Gr\u00e2ce \u00e0 ces conseils, votre livre photo de l&rsquo;ann\u00e9e 2025 sera unique et vous garderez un tr\u00e8s joli souvenir ! Partagez vos cr\u00e9ations avec nous sur <a href=\"https:\/\/www.facebook.com\/smartphoto.be\">Facebook<\/a>, <a href=\"https:\/\/www.instagram.com\/smartphotobe\/\">Instagram<\/a> ou <a href=\"https:\/\/www.pinterest.com\/smartphotobe\/\">Pinterest<\/a> avec le hashtag <strong>#mysmartphoto<\/strong> !<\/p>\n\n\n\n<p>Commencez d\u00e8s aujourd&rsquo;hui \u00e0 cr\u00e9er votre livre photo 2025 et mettez un sourire sur le visage de vos proches.<\/p>\n\n\n\n<figure class=\"wp-block-image\"><a href=\"https:\/\/www.smartphoto.be\/fr\/livre-photo\" target=\"_blank\" rel=\"noopener noreferrer\"><img loading=\"lazy\" decoding=\"async\" width=\"720\" height=\"280\" src=\"https:\/\/storage.googleapis.com\/smartphoto-express-production-wp-blogs-com\/9\/2017\/01\/Blog_YearBook_CTA_FR.jpg\" alt=\"Livre photo de l\u2019ann\u00e9e\" class=\"wp-image-39136\" srcset=\"https:\/\/storage.googleapis.com\/smartphoto-express-production-wp-blogs-com\/9\/2017\/01\/Blog_YearBook_CTA_FR.jpg 720w, https:\/\/storage.googleapis.com\/smartphoto-express-production-wp-blogs-com\/9\/2017\/01\/Blog_YearBook_CTA_FR-300x117.jpg 300w\" sizes=\"auto, (max-width: 720px) 100vw, 720px\" \/><\/a><\/figure>\n\n\n\n<p>BONUS<\/p>\n\n\n\n<h2 class=\"wp-block-heading\">Formats et finitions pour un livre photo de qualit\u00e9<\/h2>\n\n\n\n<p>Pour que votre livre photo de l&rsquo;ann\u00e9e 2025 vous accompagne durablement, le choix du format et des finitions est crucial.<\/p>\n\n\n\n<h3 class=\"wp-block-heading\">Ouverture \u00e0 plat : l&rsquo;option gratuite chez smartphoto !<\/h3>\n\n\n\n<p>L&rsquo;ouverture \u00e0 plat permet d&rsquo;ouvrir votre livre compl\u00e8tement, sans pli visible au centre. Vos photos panoramiques s&rsquo;\u00e9talent ainsi sur toute la double page, cr\u00e9ant un effet visuel spectaculaire. Tous nos livres photo \u00e0 couverture rigide L et XL proposent cette option pour un rendu professionnel.<\/p>\n\n\n\n<h3 class=\"wp-block-heading\">Choisir le type de papier<\/h3>\n\n\n\n<ul class=\"wp-block-list\">\n<li><strong>Papier brillant :<\/strong> Il fait ressortir les couleurs vives et donne de l&rsquo;\u00e9clat \u00e0 vos photos de vacances et portraits color\u00e9s.<\/li>\n\n\n\n<li><strong>Papier mat :<\/strong> Il offre un rendu plus sobre et \u00e9l\u00e9gant, sans reflets. Parfait pour les photos en noir et blanc ou si vous manipulez souvent votre livre.<\/li>\n<\/ul>\n\n\n\n<h2 class=\"wp-block-heading\">FAQ \u2013 votre livre photo de l&rsquo;ann\u00e9e en 6 questions<\/h2>\n\n\n\n<h3 class=\"wp-block-heading\">Combien de pages pour un livre photo ann\u00e9e ?<\/h3>\n\n\n\n<p>Un album photo de l&rsquo;ann\u00e9e compl\u00e8tecompte g\u00e9n\u00e9ralement entre 50 et 100 pages. Cela vous permet d&rsquo;inclure 15 \u00e0 50 photos par mois en moyenne, plus quelques pages sp\u00e9ciales pour les grands \u00e9v\u00e9nements.<\/p>\n\n\n\n<h3 class=\"wp-block-heading\">Quel format choisir pour un album photo 2025 ?<\/h3>\n\n\n\n<p>Le format L paysage (envriosn la taille d&rsquo;un A4) reste le plus populaire pour un album photo annuel. Il offre un excellent \u00e9quilibre entre surface d&rsquo;affichage, prix, qualit\u00e9 et maniabilit\u00e9.<\/p>\n\n\n\n<h3 class=\"wp-block-heading\">Puis-je m\u00e9langer mes photos couleur et photos en noir et blanc ?<\/h3>\n\n\n\n<p>Absolument ! L&rsquo;astuce consiste \u00e0 cr\u00e9er des sections distinctes plut\u00f4t que d&rsquo;alterner les styles sur la m\u00eame page.<\/p>\n\n\n\n<h3 class=\"wp-block-heading\">Comment \u00e9viter les traces de doigts sur mon livre photo ?<\/h3>\n\n\n\n<p>Optez pour un papier photo avec finition mate, manipulez avec les mains propres et tenez les pages par le coin sup\u00e9rieur.<\/p>\n\n\n\n<h3 class=\"wp-block-heading\">Peut-on r\u00e9utiliser un mod\u00e8le de livre photo chaque ann\u00e9e ?<\/h3>\n\n\n\n<p>Oui, et c&rsquo;est m\u00eame recommand\u00e9 ! Cela cr\u00e9e une belle coh\u00e9rence visuelle dans votre collection rend le r\u00e9sultat plus agr\u00e9able au fil des ans, et vous fait gagner du temps.<\/p>\n\n\n\n<h3 class=\"wp-block-heading\">Quelle est la diff\u00e9rence entre un yearbook et un album photo annuel ?<\/h3>\n\n\n\n<p>Les deux termes d\u00e9signent le m\u00eame concept : <\/p>\n\n\n\n<ul class=\"wp-block-list\">\n<li>L&rsquo;album photo annuel est un livre photo qui rassemble les meilleurs moments d&rsquo;une ann\u00e9e compl\u00e8te, g\u00e9n\u00e9ralement dans le cadre familial.<\/li>\n\n\n\n<li>Le yearbook d\u00e9signe aussi les albums photo de l&rsquo;ann\u00e9e cr\u00e9\u00e9s par des \u00e9l\u00e8ves \u00e0 la fin de leurs \u00e9tudes. Pour un Yearbook scolaire, on vous conseille le format L portrait avec couverture souple et papier standard, parcequ&rsquo;il est meilleur march\u00e9 et permet d&rsquo;\u00e9crire dessus.<\/li>\n<\/ul>\n","protected":false},"excerpt":{"rendered":"<p>Livre photo de l&rsquo;ann\u00e9e 2025 : cr\u00e9ez votre album photo annuel en 6 \u00e9tapes<\/p>\n","protected":false},"author":39,"featured_media":46215,"comment_status":"open","ping_status":"open","sticky":false,"template":"","format":"standard","meta":{"om_disable_all_campaigns":false,"_monsterinsights_skip_tracking":false,"_monsterinsights_sitenote_active":false,"_monsterinsights_sitenote_note":"","_monsterinsights_sitenote_category":0,"footnotes":""},"categories":[2,106,7],"tags":[],"class_list":["post-29247","post","type-post","status-publish","format-standard","has-post-thumbnail","hentry","category-idees","category-nouvel-an","category-trucs-et-astuces"],"yoast_head":"<!-- This site is optimized with the Yoast SEO plugin v23.8 - https:\/\/yoast.com\/wordpress\/plugins\/seo\/ -->\n<title>Cr\u00e9ez votre livre photo de l\u2019ann\u00e9e<\/title>\n<meta name=\"description\" content=\"Livre photo de l\u2019ann\u00e9e : c\u2019est le meilleur moyen d&#039;avoir un souvenir de l&#039;ann\u00e9e qui s&#039;est \u00e9coul\u00e9e. La fin de l&#039;ann\u00e9e arrive, c&#039;est le moment de le cr\u00e9er.\" \/>\n<meta name=\"robots\" content=\"index, follow, max-snippet:-1, max-image-preview:large, max-video-preview:-1\" \/>\n<link rel=\"canonical\" href=\"https:\/\/www.smartphoto.be\/inspiration\/creez-votre-livre-photo-de-lannee\" \/>\n<meta property=\"og:locale\" content=\"fr_FR\" \/>\n<meta property=\"og:type\" content=\"article\" \/>\n<meta property=\"og:title\" content=\"Cr\u00e9ez votre livre photo de l\u2019ann\u00e9e\" \/>\n<meta property=\"og:description\" content=\"Livre photo de l\u2019ann\u00e9e : c\u2019est le meilleur moyen d&#039;avoir un souvenir de l&#039;ann\u00e9e qui s&#039;est \u00e9coul\u00e9e. La fin de l&#039;ann\u00e9e arrive, c&#039;est le moment de le cr\u00e9er.\" \/>\n<meta property=\"og:url\" content=\"https:\/\/www.smartphoto.be\/inspiration\/creez-votre-livre-photo-de-lannee\" \/>\n<meta property=\"og:site_name\" content=\"smartphoto BE FR\" \/>\n<meta property=\"article:publisher\" content=\"https:\/\/www.facebook.com\/smartphoto.be\/\" \/>\n<meta property=\"article:published_time\" content=\"2025-11-15T21:13:53+00:00\" \/>\n<meta property=\"article:modified_time\" content=\"2026-01-06T14:58:48+00:00\" \/>\n<meta name=\"author\" content=\"Caroline\" \/>\n<meta name=\"twitter:card\" content=\"summary_large_image\" \/>\n<meta name=\"twitter:image\" content=\"https:\/\/storage.googleapis.com\/smartphoto-express-production-wp-blogs-com\/9\/2024\/12\/Livre-photo-de-lannee-2025-UGC.jpg\" \/>\n<meta name=\"twitter:creator\" content=\"@smartphoto_be\" \/>\n<meta name=\"twitter:site\" content=\"@smartphoto_be\" \/>\n<meta name=\"twitter:label1\" content=\"Written by\" \/>\n\t<meta name=\"twitter:data1\" content=\"Caroline\" \/>\n\t<meta name=\"twitter:label2\" content=\"Est. reading time\" \/>\n\t<meta name=\"twitter:data2\" content=\"15 minutes\" \/>\n<script type=\"application\/ld+json\" class=\"yoast-schema-graph\">{\"@context\":\"https:\/\/schema.org\",\"@graph\":[{\"@type\":\"WebPage\",\"@id\":\"https:\/\/www.smartphoto.be\/inspiration\/creez-votre-livre-photo-de-lannee\",\"url\":\"https:\/\/www.smartphoto.be\/inspiration\/creez-votre-livre-photo-de-lannee\",\"name\":\"Cr\u00e9ez votre livre photo de l\u2019ann\u00e9e\",\"isPartOf\":{\"@id\":\"https:\/\/www.smartphoto.be\/inspiration\/#website\"},\"primaryImageOfPage\":{\"@id\":\"https:\/\/www.smartphoto.be\/inspiration\/creez-votre-livre-photo-de-lannee#primaryimage\"},\"image\":{\"@id\":\"https:\/\/www.smartphoto.be\/inspiration\/creez-votre-livre-photo-de-lannee#primaryimage\"},\"thumbnailUrl\":\"https:\/\/storage.googleapis.com\/smartphoto-express-production-wp-blogs-com\/9\/2024\/12\/Livre-photo-de-lannee-2025-UGC.jpg\",\"datePublished\":\"2025-11-15T21:13:53+00:00\",\"dateModified\":\"2026-01-06T14:58:48+00:00\",\"author\":{\"@id\":\"https:\/\/www.smartphoto.be\/inspiration\/#\/schema\/person\/14abe7c86f4bda0d741e3ec66a39733e\"},\"description\":\"Livre photo de l\u2019ann\u00e9e : c\u2019est le meilleur moyen d'avoir un souvenir de l'ann\u00e9e qui s'est \u00e9coul\u00e9e. La fin de l'ann\u00e9e arrive, c'est le moment de le cr\u00e9er.\",\"breadcrumb\":{\"@id\":\"https:\/\/www.smartphoto.be\/inspiration\/creez-votre-livre-photo-de-lannee#breadcrumb\"},\"inLanguage\":\"fr-BE\",\"potentialAction\":[{\"@type\":\"ReadAction\",\"target\":[\"https:\/\/www.smartphoto.be\/inspiration\/creez-votre-livre-photo-de-lannee\"]}]},{\"@type\":\"ImageObject\",\"inLanguage\":\"fr-BE\",\"@id\":\"https:\/\/www.smartphoto.be\/inspiration\/creez-votre-livre-photo-de-lannee#primaryimage\",\"url\":\"https:\/\/storage.googleapis.com\/smartphoto-express-production-wp-blogs-com\/9\/2024\/12\/Livre-photo-de-lannee-2025-UGC.jpg\",\"contentUrl\":\"https:\/\/storage.googleapis.com\/smartphoto-express-production-wp-blogs-com\/9\/2024\/12\/Livre-photo-de-lannee-2025-UGC.jpg\",\"width\":1000,\"height\":864},{\"@type\":\"BreadcrumbList\",\"@id\":\"https:\/\/www.smartphoto.be\/inspiration\/creez-votre-livre-photo-de-lannee#breadcrumb\",\"itemListElement\":[{\"@type\":\"ListItem\",\"position\":1,\"name\":\"Home\",\"item\":\"\/inspiration\/\"},{\"@type\":\"ListItem\",\"position\":2,\"name\":\"Cr\u00e9ez votre livre photo de l\u2019ann\u00e9e 2025 !\"}]},{\"@type\":\"WebSite\",\"@id\":\"https:\/\/www.smartphoto.be\/inspiration\/#website\",\"url\":\"https:\/\/www.smartphoto.be\/inspiration\/\",\"name\":\"smartphoto BE FR\",\"description\":\"\",\"potentialAction\":[{\"@type\":\"SearchAction\",\"target\":{\"@type\":\"EntryPoint\",\"urlTemplate\":\"https:\/\/www.smartphoto.be\/inspiration\/?s={search_term_string}\"},\"query-input\":{\"@type\":\"PropertyValueSpecification\",\"valueRequired\":true,\"valueName\":\"search_term_string\"}}],\"inLanguage\":\"fr-BE\"},{\"@type\":\"Person\",\"@id\":\"https:\/\/www.smartphoto.be\/inspiration\/#\/schema\/person\/14abe7c86f4bda0d741e3ec66a39733e\",\"name\":\"Caroline\",\"image\":{\"@type\":\"ImageObject\",\"inLanguage\":\"fr-BE\",\"@id\":\"https:\/\/www.smartphoto.be\/inspiration\/#\/schema\/person\/image\/\",\"url\":\"https:\/\/secure.gravatar.com\/avatar\/3bf4c2775ae12d0bb3bb504b56a0508c?s=96&d=mm&r=g\",\"contentUrl\":\"https:\/\/secure.gravatar.com\/avatar\/3bf4c2775ae12d0bb3bb504b56a0508c?s=96&d=mm&r=g\",\"caption\":\"Caroline\"},\"description\":\"Des id\u00e9es cr\u00e9atives pour vous inspirer, des sujets qui vous aident vraiment dans votre quotidien, voil\u00e0 ce que j'esp\u00e8re partager avec vous via ce blog. Quand je ne blogue pas pour smartphoto, je profites de bons moments en famille avec mon ch\u00e9ri et mes enfants, ou j'\u00e9tudie et je pratique le yoga.\",\"sameAs\":[\"http:\/\/www.smartphoto.fr\/inspiration\",\"https:\/\/www.instagram.com\/smartphoto_fr\/\"],\"url\":\"https:\/\/www.smartphoto.be\/inspiration\/author\/caroline\"}]}<\/script>\n<!-- \/ Yoast SEO plugin. -->","yoast_head_json":{"title":"Cr\u00e9ez votre livre photo de l\u2019ann\u00e9e","description":"Livre photo de l\u2019ann\u00e9e : c\u2019est le meilleur moyen d'avoir un souvenir de l'ann\u00e9e qui s'est \u00e9coul\u00e9e. La fin de l'ann\u00e9e arrive, c'est le moment de le cr\u00e9er.","robots":{"index":"index","follow":"follow","max-snippet":"max-snippet:-1","max-image-preview":"max-image-preview:large","max-video-preview":"max-video-preview:-1"},"canonical":"https:\/\/www.smartphoto.be\/inspiration\/creez-votre-livre-photo-de-lannee","og_locale":"fr_FR","og_type":"article","og_title":"Cr\u00e9ez votre livre photo de l\u2019ann\u00e9e","og_description":"Livre photo de l\u2019ann\u00e9e : c\u2019est le meilleur moyen d'avoir un souvenir de l'ann\u00e9e qui s'est \u00e9coul\u00e9e. La fin de l'ann\u00e9e arrive, c'est le moment de le cr\u00e9er.","og_url":"https:\/\/www.smartphoto.be\/inspiration\/creez-votre-livre-photo-de-lannee","og_site_name":"smartphoto BE FR","article_publisher":"https:\/\/www.facebook.com\/smartphoto.be\/","article_published_time":"2025-11-15T21:13:53+00:00","article_modified_time":"2026-01-06T14:58:48+00:00","author":"Caroline","twitter_card":"summary_large_image","twitter_image":"https:\/\/storage.googleapis.com\/smartphoto-express-production-wp-blogs-com\/9\/2024\/12\/Livre-photo-de-lannee-2025-UGC.jpg","twitter_creator":"@smartphoto_be","twitter_site":"@smartphoto_be","twitter_misc":{"Written by":"Caroline","Est. reading time":"15 minutes"},"schema":{"@context":"https:\/\/schema.org","@graph":[{"@type":"WebPage","@id":"https:\/\/www.smartphoto.be\/inspiration\/creez-votre-livre-photo-de-lannee","url":"https:\/\/www.smartphoto.be\/inspiration\/creez-votre-livre-photo-de-lannee","name":"Cr\u00e9ez votre livre photo de l\u2019ann\u00e9e","isPartOf":{"@id":"https:\/\/www.smartphoto.be\/inspiration\/#website"},"primaryImageOfPage":{"@id":"https:\/\/www.smartphoto.be\/inspiration\/creez-votre-livre-photo-de-lannee#primaryimage"},"image":{"@id":"https:\/\/www.smartphoto.be\/inspiration\/creez-votre-livre-photo-de-lannee#primaryimage"},"thumbnailUrl":"https:\/\/storage.googleapis.com\/smartphoto-express-production-wp-blogs-com\/9\/2024\/12\/Livre-photo-de-lannee-2025-UGC.jpg","datePublished":"2025-11-15T21:13:53+00:00","dateModified":"2026-01-06T14:58:48+00:00","author":{"@id":"https:\/\/www.smartphoto.be\/inspiration\/#\/schema\/person\/14abe7c86f4bda0d741e3ec66a39733e"},"description":"Livre photo de l\u2019ann\u00e9e : c\u2019est le meilleur moyen d'avoir un souvenir de l'ann\u00e9e qui s'est \u00e9coul\u00e9e. La fin de l'ann\u00e9e arrive, c'est le moment de le cr\u00e9er.","breadcrumb":{"@id":"https:\/\/www.smartphoto.be\/inspiration\/creez-votre-livre-photo-de-lannee#breadcrumb"},"inLanguage":"fr-BE","potentialAction":[{"@type":"ReadAction","target":["https:\/\/www.smartphoto.be\/inspiration\/creez-votre-livre-photo-de-lannee"]}]},{"@type":"ImageObject","inLanguage":"fr-BE","@id":"https:\/\/www.smartphoto.be\/inspiration\/creez-votre-livre-photo-de-lannee#primaryimage","url":"https:\/\/storage.googleapis.com\/smartphoto-express-production-wp-blogs-com\/9\/2024\/12\/Livre-photo-de-lannee-2025-UGC.jpg","contentUrl":"https:\/\/storage.googleapis.com\/smartphoto-express-production-wp-blogs-com\/9\/2024\/12\/Livre-photo-de-lannee-2025-UGC.jpg","width":1000,"height":864},{"@type":"BreadcrumbList","@id":"https:\/\/www.smartphoto.be\/inspiration\/creez-votre-livre-photo-de-lannee#breadcrumb","itemListElement":[{"@type":"ListItem","position":1,"name":"Home","item":"\/inspiration\/"},{"@type":"ListItem","position":2,"name":"Cr\u00e9ez votre livre photo de l\u2019ann\u00e9e 2025 !"}]},{"@type":"WebSite","@id":"https:\/\/www.smartphoto.be\/inspiration\/#website","url":"https:\/\/www.smartphoto.be\/inspiration\/","name":"smartphoto BE FR","description":"","potentialAction":[{"@type":"SearchAction","target":{"@type":"EntryPoint","urlTemplate":"https:\/\/www.smartphoto.be\/inspiration\/?s={search_term_string}"},"query-input":{"@type":"PropertyValueSpecification","valueRequired":true,"valueName":"search_term_string"}}],"inLanguage":"fr-BE"},{"@type":"Person","@id":"https:\/\/www.smartphoto.be\/inspiration\/#\/schema\/person\/14abe7c86f4bda0d741e3ec66a39733e","name":"Caroline","image":{"@type":"ImageObject","inLanguage":"fr-BE","@id":"https:\/\/www.smartphoto.be\/inspiration\/#\/schema\/person\/image\/","url":"https:\/\/secure.gravatar.com\/avatar\/3bf4c2775ae12d0bb3bb504b56a0508c?s=96&d=mm&r=g","contentUrl":"https:\/\/secure.gravatar.com\/avatar\/3bf4c2775ae12d0bb3bb504b56a0508c?s=96&d=mm&r=g","caption":"Caroline"},"description":"Des id\u00e9es cr\u00e9atives pour vous inspirer, des sujets qui vous aident vraiment dans votre quotidien, voil\u00e0 ce que j'esp\u00e8re partager avec vous via ce blog. Quand je ne blogue pas pour smartphoto, je profites de bons moments en famille avec mon ch\u00e9ri et mes enfants, ou j'\u00e9tudie et je pratique le yoga.","sameAs":["http:\/\/www.smartphoto.fr\/inspiration","https:\/\/www.instagram.com\/smartphoto_fr\/"],"url":"https:\/\/www.smartphoto.be\/inspiration\/author\/caroline"}]}},"_links":{"self":[{"href":"https:\/\/www.smartphoto.be\/inspiration\/wp-json\/wp\/v2\/posts\/29247","targetHints":{"allow":["GET"]}}],"collection":[{"href":"https:\/\/www.smartphoto.be\/inspiration\/wp-json\/wp\/v2\/posts"}],"about":[{"href":"https:\/\/www.smartphoto.be\/inspiration\/wp-json\/wp\/v2\/types\/post"}],"author":[{"embeddable":true,"href":"https:\/\/www.smartphoto.be\/inspiration\/wp-json\/wp\/v2\/users\/39"}],"replies":[{"embeddable":true,"href":"https:\/\/www.smartphoto.be\/inspiration\/wp-json\/wp\/v2\/comments?post=29247"}],"version-history":[{"count":30,"href":"https:\/\/www.smartphoto.be\/inspiration\/wp-json\/wp\/v2\/posts\/29247\/revisions"}],"predecessor-version":[{"id":46316,"href":"https:\/\/www.smartphoto.be\/inspiration\/wp-json\/wp\/v2\/posts\/29247\/revisions\/46316"}],"wp:featuredmedia":[{"embeddable":true,"href":"https:\/\/www.smartphoto.be\/inspiration\/wp-json\/wp\/v2\/media\/46215"}],"wp:attachment":[{"href":"https:\/\/www.smartphoto.be\/inspiration\/wp-json\/wp\/v2\/media?parent=29247"}],"wp:term":[{"taxonomy":"category","embeddable":true,"href":"https:\/\/www.smartphoto.be\/inspiration\/wp-json\/wp\/v2\/categories?post=29247"},{"taxonomy":"post_tag","embeddable":true,"href":"https:\/\/www.smartphoto.be\/inspiration\/wp-json\/wp\/v2\/tags?post=29247"}],"curies":[{"name":"wp","href":"https:\/\/api.w.org\/{rel}","templated":true}]}}