{"id":31054,"date":"2015-09-14T09:58:06","date_gmt":"2015-09-14T09:58:06","guid":{"rendered":"http:\/\/www.photosmile.be\/?p=31054"},"modified":"2025-09-08T11:02:17","modified_gmt":"2025-09-08T09:02:17","slug":"nieuwe-editor-smartphoto","status":"publish","type":"post","link":"https:\/\/www.smartphoto.be\/blog\/nieuwe-editor-smartphoto","title":{"rendered":"Nieuwe editor smartphoto: super eenvoudig en rijk aan mogelijkheden"},"content":{"rendered":"<p>Is het leven\u00a0niet veel beter\u00a0met steeds de warmte van familie en vrienden om je heen?<br \/>\nIn dat opzicht gaven we de\u00a0gebruikerseditor van smartphoto onlangs een meer dan\u00a0stevige\u00a0update.<br \/>\nConcreet? Het gaat nu<strong> veel vlotter en eenvoudiger\u00a0om jouw herinneringen om te zetten in tastbare gepersonaliseerde fotoproducten.<br \/>\n<\/strong>En het wordt nog beter&#8230;<!--more--><\/p>\n<p><a href=\"https:\/\/www.smartphoto.be\/nl\/producten\/fotoboeken?utm_source=blog&amp;utm_medium=social&amp;utm_campaign=nieuwe-editor\"><img loading=\"lazy\" decoding=\"async\" class=\"aligncenter size-full wp-image-31704\" src=\"https:\/\/storage.googleapis.com\/smartphoto-express-production-wp-blogs-com\/7\/2015\/09\/TOPIMG_EDITOR_700X400_NL1.png\" alt=\"nieuwe editor smartphoto\" width=\"700\" height=\"400\" \/><\/a><\/p>\n<p>De nieuwe editor is een stuk gebruiksvriendelijker en brengt bovendien een reeks <strong>nieuwe mogelijkheden<\/strong> met zich mee. Laat je niet meer beperken maar geniet nog jaren van jouw herinneringen\u00a0door jouw foto&#8217;s op een knappe manier tot leven te brengen.<\/p>\n<p>Al benieuwd hoe jouw herinneringen\u00a0er in\u00a0een fotoboek kunnen uitzien?<br \/>\nWe geven je graag een <strong>snelle\u00a0handleiding<\/strong> zodat je heel snel jouw mooiste gepersonaliseerd fotoproduct ooit kan samenstellen. \ud83d\ude42<\/p>\n<p><strong><span style=\"font-weight: 400\"><strong>Heb je een keileuke zomer beleefd? Dat treft!<\/strong> <\/span><span style=\"font-weight: 400\"><br \/>\n<\/span><span style=\"font-weight: 400\">Laten we samen eenvoudig\u00a0een leuk\u00a0<\/span><\/strong>fotoboek<b>\u00a0<\/b>maken<strong><span style=\"font-weight: 400\">, gevuld met\u00a0jouw mooiste herinneringen.<br \/>\nWe overlopen snel het proces in de nieuwe editor, stap voor stap.<br \/>\n<\/span><\/strong><\/p>\n<h4>1. \u00a0Kies een design naar jouw smaak<\/h4>\n<p>Stap 1, ga ik voor\u00a0\u00a0een <strong>vierkant, staand of liggend<\/strong> formaat?<br \/>\nElk formaat heeft zijn charmes en heeft zijn eigen manier om jouw\u00a0foto&#8217;s mooi tot zijn recht te laten\u00a0komen.<\/p>\n<p><img loading=\"lazy\" decoding=\"async\" class=\"aligncenter wp-image-31706\" src=\"https:\/\/storage.googleapis.com\/smartphoto-express-production-wp-blogs-com\/7\/2015\/09\/fotoboek-keuze.jpg\" alt=\"fotoboek keuze\" width=\"600\" height=\"444\" \/><br \/>\nEenmaal gekozen krijg je een aantal opties zoals:<\/p>\n<ul>\n<li>Fotoboek met harde kaft<\/li>\n<li>Fotoboek met fotopapier<\/li>\n<li>Fotoboek met designkaft<\/li>\n<li>Fotoboek met spiraalbinding<\/li>\n<\/ul>\n<p>Vooraleer je kan starten met het opvullen van jouw foto&#8217;s kan je alvast opteren om met een\u00a0<strong>standaard design<\/strong> te werken.<br \/>\nEr zijn designs voor een fotoboek van je vakantie, kids, baby, huwelijk en ook meer\u00a0algemene designs.<\/p>\n<p><img loading=\"lazy\" decoding=\"async\" class=\"aligncenter size-full wp-image-31658\" src=\"https:\/\/storage.googleapis.com\/smartphoto-express-production-wp-blogs-com\/7\/2015\/09\/0-kies-design.jpg\" alt=\"Kies een design voor fotoboek\" width=\"379\" height=\"669\" \/><\/p>\n<h4>2. Upload jouw foto&#8217;s<\/h4>\n<p>Wanneer je een geschikt model\u00a0en design hebt gekozen krijg je meteen de kaft van jouw fotoboek te zien.<br \/>\nKlik op het icoon om jouw foto\u2019s op te laden. Je kan zowel klikken op het icoon links bovenaan of meteen op het icoon afgebeeld op het boek.<br \/>\n<img loading=\"lazy\" decoding=\"async\" class=\"aligncenter wp-image-31659\" src=\"https:\/\/storage.googleapis.com\/smartphoto-express-production-wp-blogs-com\/7\/2015\/09\/1-fotos-uploaden-1024x517.jpg\" alt=\"Fotoboek foto's uploaden\" width=\"700\" height=\"354\" \/><\/p>\n<h4><\/h4>\n<h4>3. Voeg je foto&#8217;s manueel of automatisch toe<\/h4>\n<p>Om het proces te vereenvoudigen biedt smartphoto jou de mogelijkheid jouw foto\u2019s automatisch in te vullen. Kies je voor deze optie, dan zal de editor jouw fotoboek automatisch vullen. Je kan daarna nog steeds gemakkelijk jouw foto\u2019s van plaats wisselen.<br \/>\nUiteraard kan je ook kiezen om jouw foto\u2019s manueel \u00e9\u00e9n voor \u00e9\u00e9n toe te voegen om zo tot het gewenste resultaat te komen.<\/p>\n<p><img loading=\"lazy\" decoding=\"async\" class=\"aligncenter wp-image-31661\" src=\"https:\/\/storage.googleapis.com\/smartphoto-express-production-wp-blogs-com\/7\/2015\/09\/2-zelf-vullen-of-automatisch-1024x532.jpg\" alt=\"fotoboek foto's\" width=\"704\" height=\"366\" \/><\/p>\n<h4>4. Algemene bewerkingsopties<\/h4>\n<p><span style=\"font-weight: 400\">Wanneer\u00a0jouw foto\u2019s succesvol zijn opgeladen kan je deze bewerken\u00a0naar jouw voorkeuren.<br \/>\nSleep jouw foto naar de gewenste plaats om toe te voegen of van plaats te wisselen. Klik dan op de foto en zie de mogelijke bewerkingsopties verschijnen. Je kan je foto in- of uitzoomen, draaien, vergroten, verkleinen, centreren of terug uit het boek verwijderen.<\/span><\/p>\n<p><img loading=\"lazy\" decoding=\"async\" class=\"aligncenter wp-image-31662\" src=\"https:\/\/storage.googleapis.com\/smartphoto-express-production-wp-blogs-com\/7\/2015\/09\/3-algemene-foto-opties-1024x505.jpg\" alt=\"fotoboek foto bewerken\" width=\"700\" height=\"346\" \/><\/p>\n<h4>5. Tekst en lettertype<\/h4>\n<p><span style=\"font-weight: 400\">Geef jouw boek een originele titel door te klikken op het kader met \u201ctekst\u201d.<br \/>\n<\/span>Links verschijnt een nieuw venster met aanpassingsmogelijkheden. Typ de gewenste tekst en kies een passend lettertype. Je kan de stijl, uitlijning , grootte en kleur naar smaak bepalen. Bovenaan het venster kan je zo je wil ook een extra tekstvak toevoegen.<\/p>\n<p><img loading=\"lazy\" decoding=\"async\" class=\"aligncenter wp-image-31678\" src=\"https:\/\/storage.googleapis.com\/smartphoto-express-production-wp-blogs-com\/7\/2015\/09\/tekst-toevoegen1-1024x486.jpg\" alt=\"tekst toevoegen\" width=\"700\" height=\"333\" \/><\/p>\n<p><img loading=\"lazy\" decoding=\"async\" class=\"aligncenter wp-image-31664\" src=\"https:\/\/storage.googleapis.com\/smartphoto-express-production-wp-blogs-com\/7\/2015\/09\/4-tekst-toevoegen-2-1024x515.jpg\" alt=\"Fotoboek met tekst\" width=\"700\" height=\"352\" \/><\/p>\n<h4>6. Effecten<\/h4>\n<p>Je foto\u2019s in sepia, zwart-wit of met een knappe glans?<br \/>\nMet de nieuwe editor kan je eenvoudig een mooie filter over je foto\u2019s plaatsen. Deze optie vind je door de foto te selecteren en links op \u201ceffecten\u201d te klikken.<\/p>\n<p><img loading=\"lazy\" decoding=\"async\" class=\"aligncenter wp-image-31665\" src=\"https:\/\/storage.googleapis.com\/smartphoto-express-production-wp-blogs-com\/7\/2015\/09\/5-effecten-1024x498.jpg\" alt=\"fotoboek filters\" width=\"700\" height=\"341\" \/><\/p>\n<h4>7. Verfraaien<\/h4>\n<p>Je wil dat jouw fotoboek er nog net wat knapper uitziet?<br \/>\nOm je foto\u2019s nog een tikkeltje extra te geven, kan je ze in een kader plaatsen of wat diepte geven met een schaduw. In onze editor vind je zeker en vast wat je wil. Daarnaast vind je ook enkele leuke vormen\u00a0om je foto\u2019s nog meer te doen opvallen.<\/p>\n<p><img loading=\"lazy\" decoding=\"async\" class=\"aligncenter wp-image-31666\" src=\"https:\/\/storage.googleapis.com\/smartphoto-express-production-wp-blogs-com\/7\/2015\/09\/6-verfraaien-1-1024x514.jpg\" alt=\"Fotoboek met kaders\" width=\"700\" height=\"352\" \/><\/p>\n<p><img loading=\"lazy\" decoding=\"async\" class=\"aligncenter wp-image-31667\" src=\"https:\/\/storage.googleapis.com\/smartphoto-express-production-wp-blogs-com\/7\/2015\/09\/6-verfraaien-2.jpg\" alt=\"fotoboek met vormen\" width=\"700\" height=\"246\" \/><\/p>\n<h4><\/h4>\n<h4>8. Symbolen naargelang jouw smaak<\/h4>\n<p>In veel van onze fotoboeken wordt reeds standaard gebruik gemaakt van symbolen, het staat u vrij om deze naargelang uw voorkeur aan te passen.<br \/>\nVerwijder de standaard toegevoegde symbolen en voeg zelf jouw favoriete versieringen, vlinders, bloemen en meer toe. Maak je boek volledig gepersonaliseerd in de stijl naar jouw hart.<\/p>\n<p><img loading=\"lazy\" decoding=\"async\" class=\"aligncenter wp-image-31668\" src=\"https:\/\/storage.googleapis.com\/smartphoto-express-production-wp-blogs-com\/7\/2015\/09\/7-symbolen-1-1024x504.jpg\" alt=\"Fotoboek symbolen\" width=\"700\" height=\"345\" \/><\/p>\n<p><img loading=\"lazy\" decoding=\"async\" class=\"aligncenter wp-image-31669\" src=\"https:\/\/storage.googleapis.com\/smartphoto-express-production-wp-blogs-com\/7\/2015\/09\/7-symbolen-2-1024x493.jpg\" alt=\"Fotoboek met symbolen\" width=\"700\" height=\"337\" \/><\/p>\n<h4><\/h4>\n<h4>9. Voeg kleuren toe<\/h4>\n<p>En omdat het leven mooier is in kleur, kan je jouw achtergrond en cover van een passende kleur voorzien.<br \/>\nKlik op \u201cAchtergronden\u201d links op je scherm en probeer verschillende tot je tevreden bent over het geheel. Uiteraard kan je ook de originele kleur behouden.<\/p>\n<p><img loading=\"lazy\" decoding=\"async\" class=\"aligncenter wp-image-31670\" src=\"https:\/\/storage.googleapis.com\/smartphoto-express-production-wp-blogs-com\/7\/2015\/09\/8-achtergrond-1024x515.jpg\" alt=\"Fotoboek achtergrond\" width=\"700\" height=\"353\" \/><\/p>\n<h4><\/h4>\n<h4>10. Lay-out<\/h4>\n<p><span style=\"font-weight: 400\">Om pagina per pagina jouw fotoboek samen te stellen, klik je gewoon op de witte pijltjes links en rechts van je boek. Je kan ook onderaan meteen de specifieke pagina selecteren die je wenst in te vullen of aan te passen. Aan de linkerkant van je scherm kan je via \u201cLay-out\u201d het aantal foto\u2019s kiezen die je wenst weer te geven op dat specifieke blad.<\/span><\/p>\n<p><img loading=\"lazy\" decoding=\"async\" class=\"aligncenter wp-image-31674\" src=\"https:\/\/storage.googleapis.com\/smartphoto-express-production-wp-blogs-com\/7\/2015\/09\/lay-out-1024x514.jpg\" alt=\"fotoboek lay-out\" width=\"700\" height=\"352\" \/><\/p>\n<p><img loading=\"lazy\" decoding=\"async\" class=\"aligncenter wp-image-31672\" src=\"https:\/\/storage.googleapis.com\/smartphoto-express-production-wp-blogs-com\/7\/2015\/09\/10-overzicht-fotos-1024x510.jpg\" alt=\"Fotoboek foto's\" width=\"700\" height=\"349\" \/><\/p>\n<h4>11. Extra opties: Presentatiebox en geverniste pagina&#8217;s<\/h4>\n<p><span style=\"font-weight: 400\">Jouw fotoboek is nu helemaal klaar. E\u00e9nmaal tevreden over jouw ontwerp, klik rechts bovenaan op de knop \u201cLeg in winkelmandje\u201d. <\/span><\/p>\n<p><span style=\"font-weight: 400\">Vooraleer in het winkelmandje te komen opent er een nieuw venster. Daarin krijg je de mogelijkheid om een mooie presentatiedoos aan je bestelling toe te voegen en\/of jouw pagina\u2019s te voorzien van een extra vernislaagje om je foto\u2019s nog beter tot hun recht te laten komen. Klik indien gewenst op het kleine symbool <\/span><b>\u2714<\/b><span style=\"font-weight: 400\"> om dit te selecteren. Wil je meteen verder gaan, klik dan op: \u201cNaar het winkelmandje\u201d.<\/span><\/p>\n<p><img loading=\"lazy\" decoding=\"async\" class=\"aligncenter wp-image-31673\" src=\"https:\/\/storage.googleapis.com\/smartphoto-express-production-wp-blogs-com\/7\/2015\/09\/11-extra-opties-1024x544.jpg\" alt=\"fotoboek presentatiedoos\" width=\"700\" height=\"372\" \/><\/p>\n<p><span style=\"font-weight: 400\">Mooi! Nu\u00a0ben je helemaal klaar met het realiseren van een 100% gepersonaliseerd fotoalbum\u00a0naar jouw voorkeur.<br \/>\n<\/span><span style=\"font-weight: 400\">Nu moet je enkel nog even geduld hebben vooraleer we jouw fotoboek met de grootste zorg hebben klaar gemaakt. \ud83d\ude42 Hiervoor gebruikt onze productiedienst de modernste en snelste technieken om jouw pareltje zo snel en kwaliteitsvol mogelijk bij je thuis te brengen.<\/span><\/p>\n<p><span style=\"font-weight: 400\">Laat gerust jouw reactie achter op onze <a href=\"https:\/\/www.facebook.com\/smartphoto.be?fref=ts\">Facebookpagina<\/a>&#8230;<br \/>\n<img loading=\"lazy\" decoding=\"async\" class=\"aligncenter size-full wp-image-31694\" src=\"https:\/\/storage.googleapis.com\/smartphoto-express-production-wp-blogs-com\/7\/2015\/09\/reactie.jpg\" alt=\"reactie\" width=\"426\" height=\"158\" \/> <\/span><\/p>\n<p><span style=\"font-weight: 400\"><img loading=\"lazy\" decoding=\"async\" class=\"aligncenter size-full wp-image-31693\" src=\"https:\/\/storage.googleapis.com\/smartphoto-express-production-wp-blogs-com\/7\/2015\/09\/Naamloos.jpg\" alt=\"Klantenservice\" width=\"426\" height=\"196\" \/><br \/>\n<\/span><span style=\"font-weight: 400\">Wil je graag het volledige gamma van onze fotoboeken ontdekken, klik dan <a href=\"https:\/\/www.smartphoto.be\/nl\/producten\/fotoboeken\" target=\"_blank\" rel=\"noopener\">hier<\/a>.<\/span><\/p>\n<p><span style=\"font-weight: 400\">Wil u ook graag eens zien hoe we jouw fotoboek maken? <\/span><span style=\"font-weight: 400\"><br \/>\n<\/span><span style=\"font-weight: 400\">Neem dan een <a href=\"https:\/\/www.smartphoto.be\/blog\/fotoboek-maken-bij-smartphoto\" target=\"_blank\" rel=\"noopener\">kijkje achter de schermen<\/a>. <\/span><\/p>\n<p><strong><br \/>\n<b>Heb je een vraag omtrent onze nieuwe gebruikers editor of wil je graag jouw tips delen over het maken van een online fotoboek, deel ze in de commentaren of via Facebook, Twitter, Instagram of Pinterest met de hashtag #mysmartphoto.<\/b><\/strong><\/p>\n<h5><a href=\"http:\/\/www.smartphoto.be\/nl\/producten\/fotoboeken?utm_source=blog&amp;utm_medium=social&amp;utm_campaign=fotoboek\"><img loading=\"lazy\" decoding=\"async\" class=\"aligncenter size-full wp-image-31675\" src=\"https:\/\/storage.googleapis.com\/smartphoto-express-production-wp-blogs-com\/7\/2015\/09\/banner_blog_3_NL.png\" alt=\"banner_blog_3_NL\" width=\"700\" height=\"250\" \/><\/a><a href=\"http:\/\/www.photosmile.be\/het-instagram-fotoboek\/\" target=\"_blank\" rel=\"noopener\"><br \/>\n<\/a><\/h5>\n","protected":false},"excerpt":{"rendered":"<p>Is het leven\u00a0niet veel beter\u00a0met steeds de warmte van familie en vrienden om je heen? In dat opzicht gaven we de\u00a0gebruikerseditor van smartphoto onlangs een meer dan\u00a0stevige\u00a0update. Concreet? Het gaat nu veel vlotter en eenvoudiger\u00a0om jouw herinneringen om te zetten in tastbare gepersonaliseerde fotoproducten. En het wordt nog beter&#8230;<\/p>\n","protected":false},"author":11,"featured_media":0,"comment_status":"open","ping_status":"open","sticky":false,"template":"","format":"standard","meta":{"om_disable_all_campaigns":false,"_monsterinsights_skip_tracking":false,"_monsterinsights_sitenote_active":false,"_monsterinsights_sitenote_note":"","_monsterinsights_sitenote_category":0,"footnotes":""},"categories":[321],"tags":[],"class_list":["post-31054","post","type-post","status-publish","format-standard","hentry","category-doe-het-zelf"],"yoast_head":"<!-- This site is optimized with the Yoast SEO plugin v23.8 - https:\/\/yoast.com\/wordpress\/plugins\/seo\/ -->\n<title>Nieuwe editor smartphoto: eenvoudig en rijk aan mogelijkheden<\/title>\n<meta name=\"description\" content=\"Nu is het nog eenvoudiger om je fotoboek of fotoproduct te maken en te personaliseren. Ontdek de mogelijkheden van de nieuwe gebruikers editor.\" \/>\n<meta name=\"robots\" content=\"index, follow, max-snippet:-1, max-image-preview:large, max-video-preview:-1\" \/>\n<link rel=\"canonical\" href=\"https:\/\/www.smartphoto.be\/blog\/nieuwe-editor-smartphoto\" \/>\n<meta property=\"og:locale\" content=\"nl_NL\" \/>\n<meta property=\"og:type\" content=\"article\" \/>\n<meta property=\"og:title\" content=\"Nieuwe editor smartphoto: super eenvoudig en rijk aan mogelijkheden\" \/>\n<meta property=\"og:description\" content=\"Nu is het nog eenvoudiger om je fotoboek of fotoproduct helemaal naar wens samen te stellen en te personaliseren. Ontdek de mogelijkheden van de nieuwe gebruikers editor.\" \/>\n<meta property=\"og:url\" content=\"https:\/\/www.smartphoto.be\/blog\/nieuwe-editor-smartphoto\" \/>\n<meta property=\"og:site_name\" content=\"smartphoto blog\" \/>\n<meta property=\"article:publisher\" content=\"https:\/\/www.facebook.com\/smartphoto.be\/\" \/>\n<meta property=\"article:published_time\" content=\"2015-09-14T09:58:06+00:00\" \/>\n<meta property=\"article:modified_time\" content=\"2025-09-08T09:02:17+00:00\" \/>\n<meta property=\"og:image\" content=\"https:\/\/storage.googleapis.com\/smartphoto-express-production-wp-blogs-com\/7\/2015\/09\/TOPIMG_EDITOR_700X400_NL.png\" \/>\n\t<meta property=\"og:image:width\" content=\"700\" \/>\n\t<meta property=\"og:image:height\" content=\"400\" \/>\n\t<meta property=\"og:image:type\" content=\"image\/png\" \/>\n<meta name=\"author\" content=\"Kristof\" \/>\n<meta name=\"twitter:card\" content=\"summary_large_image\" \/>\n<meta name=\"twitter:title\" content=\"Nieuwe editor smartphoto: super eenvoudig en rijk aan mogelijkheden\" \/>\n<meta name=\"twitter:description\" content=\"Nu is het nog eenvoudiger om je fotoboek of fotoproduct helemaal naar wens samen te stellen en te personaliseren.\" \/>\n<meta name=\"twitter:creator\" content=\"@smartphoto_be\" \/>\n<meta name=\"twitter:site\" content=\"@smartphoto_be\" \/>\n<meta name=\"twitter:label1\" content=\"Written by\" \/>\n\t<meta name=\"twitter:data1\" content=\"Kristof\" \/>\n\t<meta name=\"twitter:label2\" content=\"Est. reading time\" \/>\n\t<meta name=\"twitter:data2\" content=\"10 minutes\" \/>\n<script type=\"application\/ld+json\" class=\"yoast-schema-graph\">{\"@context\":\"https:\/\/schema.org\",\"@graph\":[{\"@type\":\"WebPage\",\"@id\":\"https:\/\/www.smartphoto.be\/blog\/nieuwe-editor-smartphoto\",\"url\":\"https:\/\/www.smartphoto.be\/blog\/nieuwe-editor-smartphoto\",\"name\":\"Nieuwe editor smartphoto: eenvoudig en rijk aan mogelijkheden\",\"isPartOf\":{\"@id\":\"https:\/\/www.smartphoto.be\/blog\/#website\"},\"primaryImageOfPage\":{\"@id\":\"https:\/\/www.smartphoto.be\/blog\/nieuwe-editor-smartphoto#primaryimage\"},\"image\":{\"@id\":\"https:\/\/www.smartphoto.be\/blog\/nieuwe-editor-smartphoto#primaryimage\"},\"thumbnailUrl\":\"https:\/\/storage.googleapis.com\/smartphoto-express-production-wp-blogs-com\/7\/2015\/09\/TOPIMG_EDITOR_700X400_NL1.png\",\"datePublished\":\"2015-09-14T09:58:06+00:00\",\"dateModified\":\"2025-09-08T09:02:17+00:00\",\"author\":{\"@id\":\"https:\/\/www.smartphoto.be\/blog\/#\/schema\/person\/574df13eec2ab72b7739fc7be540dfb1\"},\"description\":\"Nu is het nog eenvoudiger om je fotoboek of fotoproduct te maken en te personaliseren. Ontdek de mogelijkheden van de nieuwe gebruikers editor.\",\"breadcrumb\":{\"@id\":\"https:\/\/www.smartphoto.be\/blog\/nieuwe-editor-smartphoto#breadcrumb\"},\"inLanguage\":\"nl\",\"potentialAction\":[{\"@type\":\"ReadAction\",\"target\":[\"https:\/\/www.smartphoto.be\/blog\/nieuwe-editor-smartphoto\"]}]},{\"@type\":\"ImageObject\",\"inLanguage\":\"nl\",\"@id\":\"https:\/\/www.smartphoto.be\/blog\/nieuwe-editor-smartphoto#primaryimage\",\"url\":\"https:\/\/storage.googleapis.com\/smartphoto-express-production-wp-blogs-com\/7\/2015\/09\/TOPIMG_EDITOR_700X400_NL1.png\",\"contentUrl\":\"https:\/\/storage.googleapis.com\/smartphoto-express-production-wp-blogs-com\/7\/2015\/09\/TOPIMG_EDITOR_700X400_NL1.png\"},{\"@type\":\"BreadcrumbList\",\"@id\":\"https:\/\/www.smartphoto.be\/blog\/nieuwe-editor-smartphoto#breadcrumb\",\"itemListElement\":[{\"@type\":\"ListItem\",\"position\":1,\"name\":\"Home\",\"item\":\"https:\/\/www.smartphoto.be\/blog\"},{\"@type\":\"ListItem\",\"position\":2,\"name\":\"Nieuwe editor smartphoto: super eenvoudig en rijk aan mogelijkheden\"}]},{\"@type\":\"WebSite\",\"@id\":\"https:\/\/www.smartphoto.be\/blog\/#website\",\"url\":\"https:\/\/www.smartphoto.be\/blog\/\",\"name\":\"smartphoto blog\",\"description\":\"\",\"potentialAction\":[{\"@type\":\"SearchAction\",\"target\":{\"@type\":\"EntryPoint\",\"urlTemplate\":\"https:\/\/www.smartphoto.be\/blog\/?s={search_term_string}\"},\"query-input\":{\"@type\":\"PropertyValueSpecification\",\"valueRequired\":true,\"valueName\":\"search_term_string\"}}],\"inLanguage\":\"nl\"},{\"@type\":\"Person\",\"@id\":\"https:\/\/www.smartphoto.be\/blog\/#\/schema\/person\/574df13eec2ab72b7739fc7be540dfb1\",\"name\":\"Kristof\",\"image\":{\"@type\":\"ImageObject\",\"inLanguage\":\"nl\",\"@id\":\"https:\/\/www.smartphoto.be\/blog\/#\/schema\/person\/image\/\",\"url\":\"https:\/\/secure.gravatar.com\/avatar\/3e5c98c025f72268b4bee59a8d1e214a?s=96&d=mm&r=g\",\"contentUrl\":\"https:\/\/secure.gravatar.com\/avatar\/3e5c98c025f72268b4bee59a8d1e214a?s=96&d=mm&r=g\",\"caption\":\"Kristof\"},\"description\":\"Kristof, 33 jaar. Alles met teksten en beelden. Hobby's: fietsen, lopen, mountainbike, tennis en van de natuur genieten. Blogposts achter de schermen van smartphoto + heel wat inspiratie voor je foto's en belangrijke momenten!\",\"sameAs\":[\"https:\/\/www.instagram.com\/kristofblancke\/\",\"https:\/\/www.linkedin.com\/in\/kristofblancke\"],\"url\":\"https:\/\/www.smartphoto.be\/blog\/author\/kristof\"}]}<\/script>\n<!-- \/ Yoast SEO plugin. -->","yoast_head_json":{"title":"Nieuwe editor smartphoto: eenvoudig en rijk aan mogelijkheden","description":"Nu is het nog eenvoudiger om je fotoboek of fotoproduct te maken en te personaliseren. Ontdek de mogelijkheden van de nieuwe gebruikers editor.","robots":{"index":"index","follow":"follow","max-snippet":"max-snippet:-1","max-image-preview":"max-image-preview:large","max-video-preview":"max-video-preview:-1"},"canonical":"https:\/\/www.smartphoto.be\/blog\/nieuwe-editor-smartphoto","og_locale":"nl_NL","og_type":"article","og_title":"Nieuwe editor smartphoto: super eenvoudig en rijk aan mogelijkheden","og_description":"Nu is het nog eenvoudiger om je fotoboek of fotoproduct helemaal naar wens samen te stellen en te personaliseren. Ontdek de mogelijkheden van de nieuwe gebruikers editor.","og_url":"https:\/\/www.smartphoto.be\/blog\/nieuwe-editor-smartphoto","og_site_name":"smartphoto blog","article_publisher":"https:\/\/www.facebook.com\/smartphoto.be\/","article_published_time":"2015-09-14T09:58:06+00:00","article_modified_time":"2025-09-08T09:02:17+00:00","og_image":[{"width":700,"height":400,"url":"https:\/\/storage.googleapis.com\/smartphoto-express-production-wp-blogs-com\/7\/2015\/09\/TOPIMG_EDITOR_700X400_NL.png","type":"image\/png"}],"author":"Kristof","twitter_card":"summary_large_image","twitter_title":"Nieuwe editor smartphoto: super eenvoudig en rijk aan mogelijkheden","twitter_description":"Nu is het nog eenvoudiger om je fotoboek of fotoproduct helemaal naar wens samen te stellen en te personaliseren.","twitter_creator":"@smartphoto_be","twitter_site":"@smartphoto_be","twitter_misc":{"Written by":"Kristof","Est. reading time":"10 minutes"},"schema":{"@context":"https:\/\/schema.org","@graph":[{"@type":"WebPage","@id":"https:\/\/www.smartphoto.be\/blog\/nieuwe-editor-smartphoto","url":"https:\/\/www.smartphoto.be\/blog\/nieuwe-editor-smartphoto","name":"Nieuwe editor smartphoto: eenvoudig en rijk aan mogelijkheden","isPartOf":{"@id":"https:\/\/www.smartphoto.be\/blog\/#website"},"primaryImageOfPage":{"@id":"https:\/\/www.smartphoto.be\/blog\/nieuwe-editor-smartphoto#primaryimage"},"image":{"@id":"https:\/\/www.smartphoto.be\/blog\/nieuwe-editor-smartphoto#primaryimage"},"thumbnailUrl":"https:\/\/storage.googleapis.com\/smartphoto-express-production-wp-blogs-com\/7\/2015\/09\/TOPIMG_EDITOR_700X400_NL1.png","datePublished":"2015-09-14T09:58:06+00:00","dateModified":"2025-09-08T09:02:17+00:00","author":{"@id":"https:\/\/www.smartphoto.be\/blog\/#\/schema\/person\/574df13eec2ab72b7739fc7be540dfb1"},"description":"Nu is het nog eenvoudiger om je fotoboek of fotoproduct te maken en te personaliseren. Ontdek de mogelijkheden van de nieuwe gebruikers editor.","breadcrumb":{"@id":"https:\/\/www.smartphoto.be\/blog\/nieuwe-editor-smartphoto#breadcrumb"},"inLanguage":"nl","potentialAction":[{"@type":"ReadAction","target":["https:\/\/www.smartphoto.be\/blog\/nieuwe-editor-smartphoto"]}]},{"@type":"ImageObject","inLanguage":"nl","@id":"https:\/\/www.smartphoto.be\/blog\/nieuwe-editor-smartphoto#primaryimage","url":"https:\/\/storage.googleapis.com\/smartphoto-express-production-wp-blogs-com\/7\/2015\/09\/TOPIMG_EDITOR_700X400_NL1.png","contentUrl":"https:\/\/storage.googleapis.com\/smartphoto-express-production-wp-blogs-com\/7\/2015\/09\/TOPIMG_EDITOR_700X400_NL1.png"},{"@type":"BreadcrumbList","@id":"https:\/\/www.smartphoto.be\/blog\/nieuwe-editor-smartphoto#breadcrumb","itemListElement":[{"@type":"ListItem","position":1,"name":"Home","item":"https:\/\/www.smartphoto.be\/blog"},{"@type":"ListItem","position":2,"name":"Nieuwe editor smartphoto: super eenvoudig en rijk aan mogelijkheden"}]},{"@type":"WebSite","@id":"https:\/\/www.smartphoto.be\/blog\/#website","url":"https:\/\/www.smartphoto.be\/blog\/","name":"smartphoto blog","description":"","potentialAction":[{"@type":"SearchAction","target":{"@type":"EntryPoint","urlTemplate":"https:\/\/www.smartphoto.be\/blog\/?s={search_term_string}"},"query-input":{"@type":"PropertyValueSpecification","valueRequired":true,"valueName":"search_term_string"}}],"inLanguage":"nl"},{"@type":"Person","@id":"https:\/\/www.smartphoto.be\/blog\/#\/schema\/person\/574df13eec2ab72b7739fc7be540dfb1","name":"Kristof","image":{"@type":"ImageObject","inLanguage":"nl","@id":"https:\/\/www.smartphoto.be\/blog\/#\/schema\/person\/image\/","url":"https:\/\/secure.gravatar.com\/avatar\/3e5c98c025f72268b4bee59a8d1e214a?s=96&d=mm&r=g","contentUrl":"https:\/\/secure.gravatar.com\/avatar\/3e5c98c025f72268b4bee59a8d1e214a?s=96&d=mm&r=g","caption":"Kristof"},"description":"Kristof, 33 jaar. Alles met teksten en beelden. Hobby's: fietsen, lopen, mountainbike, tennis en van de natuur genieten. Blogposts achter de schermen van smartphoto + heel wat inspiratie voor je foto's en belangrijke momenten!","sameAs":["https:\/\/www.instagram.com\/kristofblancke\/","https:\/\/www.linkedin.com\/in\/kristofblancke"],"url":"https:\/\/www.smartphoto.be\/blog\/author\/kristof"}]}},"_links":{"self":[{"href":"https:\/\/www.smartphoto.be\/blog\/wp-json\/wp\/v2\/posts\/31054","targetHints":{"allow":["GET"]}}],"collection":[{"href":"https:\/\/www.smartphoto.be\/blog\/wp-json\/wp\/v2\/posts"}],"about":[{"href":"https:\/\/www.smartphoto.be\/blog\/wp-json\/wp\/v2\/types\/post"}],"author":[{"embeddable":true,"href":"https:\/\/www.smartphoto.be\/blog\/wp-json\/wp\/v2\/users\/11"}],"replies":[{"embeddable":true,"href":"https:\/\/www.smartphoto.be\/blog\/wp-json\/wp\/v2\/comments?post=31054"}],"version-history":[{"count":5,"href":"https:\/\/www.smartphoto.be\/blog\/wp-json\/wp\/v2\/posts\/31054\/revisions"}],"predecessor-version":[{"id":51887,"href":"https:\/\/www.smartphoto.be\/blog\/wp-json\/wp\/v2\/posts\/31054\/revisions\/51887"}],"wp:attachment":[{"href":"https:\/\/www.smartphoto.be\/blog\/wp-json\/wp\/v2\/media?parent=31054"}],"wp:term":[{"taxonomy":"category","embeddable":true,"href":"https:\/\/www.smartphoto.be\/blog\/wp-json\/wp\/v2\/categories?post=31054"},{"taxonomy":"post_tag","embeddable":true,"href":"https:\/\/www.smartphoto.be\/blog\/wp-json\/wp\/v2\/tags?post=31054"}],"curies":[{"name":"wp","href":"https:\/\/api.w.org\/{rel}","templated":true}]}}