{"id":29347,"date":"2014-11-20T10:24:01","date_gmt":"2014-11-20T10:24:01","guid":{"rendered":"http:\/\/www.photosmile.be\/?p=29347"},"modified":"2019-06-21T12:06:30","modified_gmt":"2019-06-21T10:06:30","slug":"kalender-2015","status":"publish","type":"post","link":"https:\/\/www.smartphoto.be\/blog\/kalender-2015","title":{"rendered":"De handigste kalender voor 2015: de familieplanner"},"content":{"rendered":"<p><b>Kalender 2015<\/b><\/p>\n<p>Het is altijd weer een uitdaging om thuis alles goed voor elkaar te krijgen. Mama en papa moeten werken, natuurlijk op verschillende dagen en tijden<\/p>\n<p><!--more-->\u00a0De kinderen gaan naar school en moeten gebracht en gehaald worden. Vervolgens moet je zoontje op zaterdag voetballen en je dochter heeft zondag een balletuitvoering.<\/p>\n<p>Natuurlijk wil je ook nog even een bezoekje aan je ouders brengen, de broer van je man belt dat ze langs willen komen en oh ja, de boodschappen voor het etentje met vrienden volgende week moeten ook nog gehaald worden. Niet vergeten de oppas voor de kinderen alvast te bellen!<\/p>\n<p><strong>Loopt jouw hoofd al over?<\/strong> Het is soms een echte uitdaging overzicht te houden over alle afspraken en verplichtingen die je als gezin hebt en te voorkomen dat er dubbele afspraken worden gemaakt of dat je een afspraak vergeet!<\/p>\n<p><strong><strong>\u00a0<a href=\"https:\/\/storage.googleapis.com\/smartphoto-express-production-wp-blogs-com\/7\/2014\/11\/blog-yearplanner-nl-11.jpg\"><img loading=\"lazy\" decoding=\"async\" class=\"aligncenter size-full wp-image-29416\" src=\"https:\/\/storage.googleapis.com\/smartphoto-express-production-wp-blogs-com\/7\/2014\/11\/blog-yearplanner-nl-11.jpg\" alt=\"kalender 2015 maken - jaarplanner\" width=\"700\" height=\"436\" \/><\/a><\/strong><\/strong><\/p>\n<p><b>Familieplanner<\/b><\/p>\n<p>Gelukkig is er nu een oplossing voor dit probleem: de <a href=\"http:\/\/www.smartphoto.be\/nl\/producten\/fotokalenders-fotoagendas\/familieplanner?utm_source=facebook&amp;utm_medium=social&amp;utm_campaign=kalender-2015\" target=\"_blank\" rel=\"noopener\"><b>familieplanner<\/b><\/a>! Een handige kalender 2015 die het verdient hier even in de spotlight gezet te worden, want dit biedt daadwerkelijk op een eenvoudige manier een oplossing voor heel veel planningsproblemen in gezinnen. Een <a href=\"http:\/\/www.smartphoto.be\/nl\/producten\/fotokalenders-fotoagendas\/familieplanner?utm_source=facebook&amp;utm_medium=social&amp;utm_campaign=kalender-2015\" target=\"_blank\" rel=\"noopener\">familieplanner<\/a> is <a href=\"http:\/\/www.smartphoto.be\/nl\/producten\/fotokalenders-fotoagendas?utm_source=facebook&amp;utm_medium=social&amp;utm_campaign=kalender-2015\" target=\"_blank\" rel=\"noopener\">een kalender<\/a> waar per maand voor elk familielid de afspraken per dag kunnen worden opgeschreven. Met \u00e9\u00e9n blik op de kalender 2015 heb je dus direct overzicht hoe of wat, voor het hele gezin.<\/p>\n<p><strong><strong><a href=\"https:\/\/storage.googleapis.com\/smartphoto-express-production-wp-blogs-com\/7\/2014\/11\/LIFESTYLE-CALENDER-FAMPLAN-1.jpg\"><img loading=\"lazy\" decoding=\"async\" class=\"aligncenter size-full wp-image-29348\" src=\"https:\/\/storage.googleapis.com\/smartphoto-express-production-wp-blogs-com\/7\/2014\/11\/LIFESTYLE-CALENDER-FAMPLAN-1.jpg\" alt=\"kalender 2015\" width=\"700\" height=\"324\" \/><\/a><\/strong><\/strong><\/p>\n<p><b>Maak een familieplanner<\/b><\/p>\n<p>Het is dus in alle opzichten een goed idee om van uw kalender voor 2015 een familieplanner te maken. Dit kan heel eenvoudig via <a href=\"http:\/\/www.smartphoto.be\/nl\/producten\/fotokalenders-fotoagendas\/familieplanner?utm_source=facebook&amp;utm_medium=social&amp;utm_campaign=kalender-2015\" target=\"_blank\" rel=\"noopener\">Smartphoto<\/a>. De familieplanner heeft standaard \u00e9\u00e9n blad per maand. Op dit blad staan naar keuze 3, 4 of 5 kolommen voor de betreffende gezinsleden. Het papier is van kwalitatief hoge kwaliteit en je hebt de keuze uit diverse ontwerpen. De kalender wordt heel persoonlijk doordat op elke pagina eigen foto&#8217;s worden geplaatst. Je hebt hierbij de keuze tussen \u00e9\u00e9n grote foto of meerdere kleine foto&#8217;s. Het is leuk bijvoorbeeld voor \u00e9\u00e9n grote foto te kiezen die afgestemd is op de maand (een sneeuwfoto in januari, een strandfoto in juli). Maar ook handig is om boven elke kolom een foto van het betreffende gezinslid te plaatsen.<\/p>\n<p><strong><strong><a href=\"https:\/\/storage.googleapis.com\/smartphoto-express-production-wp-blogs-com\/7\/2014\/11\/Schermafbeelding-2014-11-13-om-14.12.53.png\"><img loading=\"lazy\" decoding=\"async\" class=\"aligncenter size-full wp-image-29349\" src=\"https:\/\/storage.googleapis.com\/smartphoto-express-production-wp-blogs-com\/7\/2014\/11\/Schermafbeelding-2014-11-13-om-14.12.53.png\" alt=\"kalender 2015 maken\" width=\"799\" height=\"403\" \/><\/a><\/strong><\/strong><\/p>\n<p><b>In het dagelijks leven<\/b><\/p>\n<p>Het succes van een familieplanner valt of staat natuurlijk wel met hoe consequent iedereen is met zijn of haar eigen afspraken erop te zetten. Spreek af dat de familieplanner leidend is: met afspraken die er niet opstaan, wordt in principe geen rekening gehouden. <strong>Zo wordt de kalender van 2015 ook daadwerkelijk het middelpunt van het huishouden.<\/strong><\/p>\n<p>Jongere kinderen moeten misschien nog geholpen worden met het invullen. Wanneer je kinderen hebt die nog niet kunnen lezen, zou je kunnen overwegen om met symbooltjes op de kalender te werken, of met gekleurde stickertjes. Zo hebben ook zij overzicht over de activiteiten van iedereen. Het is handig om de kalender \u00e9\u00e9n keer per week samen te bekijken om te voorkomen dat bepaalde afspraken toch er tussendoor glippen.<br \/>\nEn, zou een familieplanner handig zijn bij jullie in het gezin? Laat het ons weten weten via de commentaren of <a href=\"https:\/\/www.facebook.com\/smartphoto.be\">Facebook<\/a>, <a href=\"https:\/\/twitter.com\/smartphoto_be\">Twitter<\/a>, <a href=\"http:\/\/instagram.com\/smartphotobe\">Instagram<\/a>\u00a0of\u00a0<a href=\"http:\/\/www.pinterest.com\/smartphotobe\/\">Pinterest <\/a>\u00a0met de hashtag <strong>#mysmartphoto.<\/strong><\/p>\n<p><a href=\"http:\/\/www.smartphoto.be\/nl\/producten\/fotokalenders-fotoagendas?utm_source=blog&amp;utm_medium=social&amp;utm_campaign=fotokalender-maken-CTA\" target=\"_blank\" rel=\"noopener\"><img loading=\"lazy\" decoding=\"async\" class=\"aligncenter size-full wp-image-29583\" src=\"https:\/\/storage.googleapis.com\/smartphoto-express-production-wp-blogs-com\/7\/2014\/11\/cta-kalender-NL.jpg\" alt=\"cta-kalender-NL\" width=\"700\" height=\"250\" \/><\/a><\/p>\n","protected":false},"excerpt":{"rendered":"<p>Kalender 2015 Het is altijd weer een uitdaging om thuis alles goed voor elkaar te krijgen. Mama en papa moeten werken, natuurlijk op verschillende dagen en tijden<\/p>\n","protected":false},"author":11,"featured_media":0,"comment_status":"open","ping_status":"open","sticky":false,"template":"","format":"standard","meta":{"om_disable_all_campaigns":false,"_monsterinsights_skip_tracking":false,"footnotes":"","_members_access_role":[],"_members_access_error":""},"categories":[321],"tags":[],"class_list":["post-29347","post","type-post","status-publish","format-standard","hentry","category-doe-het-zelf"],"yoast_head":"<!-- This site is optimized with the Yoast SEO plugin v28.1 - https:\/\/yoast.com\/product\/yoast-seo-wordpress\/ -->\n<title>De handigste kalender voor 2015: de familieplanner<\/title>\n<meta name=\"description\" content=\"Kalender 2015 Het is altijd weer een uitdaging om thuis alles goed voor elkaar te krijgen. Mama en papa moeten werken, natuurlijk op verschillende dagen\" \/>\n<meta name=\"robots\" content=\"index, follow, max-snippet:-1, max-image-preview:large, max-video-preview:-1\" \/>\n<link rel=\"canonical\" href=\"https:\/\/www.smartphoto.be\/blog\/kalender-2015\" \/>\n<meta property=\"og:locale\" content=\"nl_NL\" \/>\n<meta property=\"og:type\" content=\"article\" \/>\n<meta property=\"og:title\" content=\"De handigste kalender voor 2015: de familieplanner\" \/>\n<meta property=\"og:description\" content=\"Kalender 2015 Het is altijd weer een uitdaging om thuis alles goed voor elkaar te krijgen. Mama en papa moeten werken, natuurlijk op verschillende dagen\" \/>\n<meta property=\"og:url\" content=\"https:\/\/www.smartphoto.be\/blog\/kalender-2015\" \/>\n<meta property=\"og:site_name\" content=\"smartphoto blog\" \/>\n<meta property=\"article:publisher\" content=\"https:\/\/www.facebook.com\/smartphoto.be\/\" \/>\n<meta property=\"article:published_time\" content=\"2014-11-20T10:24:01+00:00\" \/>\n<meta property=\"article:modified_time\" content=\"2019-06-21T10:06:30+00:00\" \/>\n<meta property=\"og:image\" content=\"https:\/\/storage.googleapis.com\/smartphoto-express-production-wp-blogs-com\/7\/2014\/11\/blog-yearplanner-nl-1.jpg\" \/>\n\t<meta property=\"og:image:width\" content=\"700\" \/>\n\t<meta property=\"og:image:height\" content=\"436\" \/>\n\t<meta property=\"og:image:type\" content=\"image\/jpeg\" \/>\n<meta name=\"author\" content=\"Kristof\" \/>\n<meta name=\"twitter:card\" content=\"summary_large_image\" \/>\n<meta name=\"twitter:creator\" content=\"@smartphoto_be\" \/>\n<meta name=\"twitter:site\" content=\"@smartphoto_be\" \/>\n<meta name=\"twitter:label1\" content=\"Written by\" \/>\n\t<meta name=\"twitter:data1\" content=\"Kristof\" \/>\n\t<meta name=\"twitter:label2\" content=\"Est. reading time\" \/>\n\t<meta name=\"twitter:data2\" content=\"3 minutes\" \/>\n<script type=\"application\/ld+json\" class=\"yoast-schema-graph\">{\"@context\":\"https:\\\/\\\/schema.org\",\"@graph\":[{\"@type\":\"Article\",\"@id\":\"https:\\\/\\\/www.smartphoto.be\\\/blog\\\/kalender-2015#article\",\"isPartOf\":{\"@id\":\"https:\\\/\\\/www.smartphoto.be\\\/blog\\\/kalender-2015\"},\"author\":{\"name\":\"Kristof\",\"@id\":\"https:\\\/\\\/www.smartphoto.be\\\/blog\\\/#\\\/schema\\\/person\\\/574df13eec2ab72b7739fc7be540dfb1\"},\"headline\":\"De handigste kalender voor 2015: de familieplanner\",\"datePublished\":\"2014-11-20T10:24:01+00:00\",\"dateModified\":\"2019-06-21T10:06:30+00:00\",\"mainEntityOfPage\":{\"@id\":\"https:\\\/\\\/www.smartphoto.be\\\/blog\\\/kalender-2015\"},\"wordCount\":510,\"commentCount\":0,\"image\":{\"@id\":\"https:\\\/\\\/www.smartphoto.be\\\/blog\\\/kalender-2015#primaryimage\"},\"thumbnailUrl\":\"https:\\\/\\\/storage.googleapis.com\\\/smartphoto-express-production-wp-blogs-com\\\/7\\\/2014\\\/11\\\/blog-yearplanner-nl-11.jpg\",\"articleSection\":[\"Maak het zelf\"],\"inLanguage\":\"nl\",\"potentialAction\":[{\"@type\":\"CommentAction\",\"name\":\"Comment\",\"target\":[\"https:\\\/\\\/www.smartphoto.be\\\/blog\\\/kalender-2015#respond\"]}]},{\"@type\":\"WebPage\",\"@id\":\"https:\\\/\\\/www.smartphoto.be\\\/blog\\\/kalender-2015\",\"url\":\"https:\\\/\\\/www.smartphoto.be\\\/blog\\\/kalender-2015\",\"name\":\"De handigste kalender voor 2015: de familieplanner\",\"isPartOf\":{\"@id\":\"https:\\\/\\\/www.smartphoto.be\\\/blog\\\/#website\"},\"primaryImageOfPage\":{\"@id\":\"https:\\\/\\\/www.smartphoto.be\\\/blog\\\/kalender-2015#primaryimage\"},\"image\":{\"@id\":\"https:\\\/\\\/www.smartphoto.be\\\/blog\\\/kalender-2015#primaryimage\"},\"thumbnailUrl\":\"https:\\\/\\\/storage.googleapis.com\\\/smartphoto-express-production-wp-blogs-com\\\/7\\\/2014\\\/11\\\/blog-yearplanner-nl-11.jpg\",\"datePublished\":\"2014-11-20T10:24:01+00:00\",\"dateModified\":\"2019-06-21T10:06:30+00:00\",\"author\":{\"@id\":\"https:\\\/\\\/www.smartphoto.be\\\/blog\\\/#\\\/schema\\\/person\\\/574df13eec2ab72b7739fc7be540dfb1\"},\"description\":\"Kalender 2015 Het is altijd weer een uitdaging om thuis alles goed voor elkaar te krijgen. Mama en papa moeten werken, natuurlijk op verschillende dagen\",\"breadcrumb\":{\"@id\":\"https:\\\/\\\/www.smartphoto.be\\\/blog\\\/kalender-2015#breadcrumb\"},\"inLanguage\":\"nl\",\"potentialAction\":[{\"@type\":\"ReadAction\",\"target\":[\"https:\\\/\\\/www.smartphoto.be\\\/blog\\\/kalender-2015\"]}]},{\"@type\":\"ImageObject\",\"inLanguage\":\"nl\",\"@id\":\"https:\\\/\\\/www.smartphoto.be\\\/blog\\\/kalender-2015#primaryimage\",\"url\":\"https:\\\/\\\/storage.googleapis.com\\\/smartphoto-express-production-wp-blogs-com\\\/7\\\/2014\\\/11\\\/blog-yearplanner-nl-11.jpg\",\"contentUrl\":\"https:\\\/\\\/storage.googleapis.com\\\/smartphoto-express-production-wp-blogs-com\\\/7\\\/2014\\\/11\\\/blog-yearplanner-nl-11.jpg\"},{\"@type\":\"BreadcrumbList\",\"@id\":\"https:\\\/\\\/www.smartphoto.be\\\/blog\\\/kalender-2015#breadcrumb\",\"itemListElement\":[{\"@type\":\"ListItem\",\"position\":1,\"name\":\"Home\",\"item\":\"https:\\\/\\\/www.smartphoto.be\\\/blog\"},{\"@type\":\"ListItem\",\"position\":2,\"name\":\"De handigste kalender voor 2015: de familieplanner\"}]},{\"@type\":\"WebSite\",\"@id\":\"https:\\\/\\\/www.smartphoto.be\\\/blog\\\/#website\",\"url\":\"https:\\\/\\\/www.smartphoto.be\\\/blog\\\/\",\"name\":\"smartphoto blog\",\"description\":\"\",\"potentialAction\":[{\"@type\":\"SearchAction\",\"target\":{\"@type\":\"EntryPoint\",\"urlTemplate\":\"https:\\\/\\\/www.smartphoto.be\\\/blog\\\/?s={search_term_string}\"},\"query-input\":{\"@type\":\"PropertyValueSpecification\",\"valueRequired\":true,\"valueName\":\"search_term_string\"}}],\"inLanguage\":\"nl\"},{\"@type\":\"Person\",\"@id\":\"https:\\\/\\\/www.smartphoto.be\\\/blog\\\/#\\\/schema\\\/person\\\/574df13eec2ab72b7739fc7be540dfb1\",\"name\":\"Kristof\",\"image\":{\"@type\":\"ImageObject\",\"inLanguage\":\"nl\",\"@id\":\"https:\\\/\\\/secure.gravatar.com\\\/avatar\\\/94b1ad6fb89e0fb3f2852516382131796afb455feee17e6ed46fbd114a66984f?s=96&d=mm&r=g\",\"url\":\"https:\\\/\\\/secure.gravatar.com\\\/avatar\\\/94b1ad6fb89e0fb3f2852516382131796afb455feee17e6ed46fbd114a66984f?s=96&d=mm&r=g\",\"contentUrl\":\"https:\\\/\\\/secure.gravatar.com\\\/avatar\\\/94b1ad6fb89e0fb3f2852516382131796afb455feee17e6ed46fbd114a66984f?s=96&d=mm&r=g\",\"caption\":\"Kristof\"},\"description\":\"Kristof, 33 jaar. Alles met teksten en beelden. Hobby's: fietsen, lopen, mountainbike, tennis en van de natuur genieten. Blogposts achter de schermen van smartphoto + heel wat inspiratie voor je foto's en belangrijke momenten!\",\"sameAs\":[\"https:\\\/\\\/www.instagram.com\\\/kristofblancke\\\/\",\"https:\\\/\\\/www.linkedin.com\\\/in\\\/kristofblancke\"],\"url\":\"https:\\\/\\\/www.smartphoto.be\\\/blog\\\/author\\\/kristof\"}]}<\/script>\n<!-- \/ Yoast SEO plugin. -->","yoast_head_json":{"title":"De handigste kalender voor 2015: de familieplanner","description":"Kalender 2015 Het is altijd weer een uitdaging om thuis alles goed voor elkaar te krijgen. Mama en papa moeten werken, natuurlijk op verschillende dagen","robots":{"index":"index","follow":"follow","max-snippet":"max-snippet:-1","max-image-preview":"max-image-preview:large","max-video-preview":"max-video-preview:-1"},"canonical":"https:\/\/www.smartphoto.be\/blog\/kalender-2015","og_locale":"nl_NL","og_type":"article","og_title":"De handigste kalender voor 2015: de familieplanner","og_description":"Kalender 2015 Het is altijd weer een uitdaging om thuis alles goed voor elkaar te krijgen. Mama en papa moeten werken, natuurlijk op verschillende dagen","og_url":"https:\/\/www.smartphoto.be\/blog\/kalender-2015","og_site_name":"smartphoto blog","article_publisher":"https:\/\/www.facebook.com\/smartphoto.be\/","article_published_time":"2014-11-20T10:24:01+00:00","article_modified_time":"2019-06-21T10:06:30+00:00","og_image":[{"width":700,"height":436,"url":"https:\/\/storage.googleapis.com\/smartphoto-express-production-wp-blogs-com\/7\/2014\/11\/blog-yearplanner-nl-1.jpg","type":"image\/jpeg"}],"author":"Kristof","twitter_card":"summary_large_image","twitter_creator":"@smartphoto_be","twitter_site":"@smartphoto_be","twitter_misc":{"Written by":"Kristof","Est. reading time":"3 minutes"},"schema":{"@context":"https:\/\/schema.org","@graph":[{"@type":"Article","@id":"https:\/\/www.smartphoto.be\/blog\/kalender-2015#article","isPartOf":{"@id":"https:\/\/www.smartphoto.be\/blog\/kalender-2015"},"author":{"name":"Kristof","@id":"https:\/\/www.smartphoto.be\/blog\/#\/schema\/person\/574df13eec2ab72b7739fc7be540dfb1"},"headline":"De handigste kalender voor 2015: de familieplanner","datePublished":"2014-11-20T10:24:01+00:00","dateModified":"2019-06-21T10:06:30+00:00","mainEntityOfPage":{"@id":"https:\/\/www.smartphoto.be\/blog\/kalender-2015"},"wordCount":510,"commentCount":0,"image":{"@id":"https:\/\/www.smartphoto.be\/blog\/kalender-2015#primaryimage"},"thumbnailUrl":"https:\/\/storage.googleapis.com\/smartphoto-express-production-wp-blogs-com\/7\/2014\/11\/blog-yearplanner-nl-11.jpg","articleSection":["Maak het zelf"],"inLanguage":"nl","potentialAction":[{"@type":"CommentAction","name":"Comment","target":["https:\/\/www.smartphoto.be\/blog\/kalender-2015#respond"]}]},{"@type":"WebPage","@id":"https:\/\/www.smartphoto.be\/blog\/kalender-2015","url":"https:\/\/www.smartphoto.be\/blog\/kalender-2015","name":"De handigste kalender voor 2015: de familieplanner","isPartOf":{"@id":"https:\/\/www.smartphoto.be\/blog\/#website"},"primaryImageOfPage":{"@id":"https:\/\/www.smartphoto.be\/blog\/kalender-2015#primaryimage"},"image":{"@id":"https:\/\/www.smartphoto.be\/blog\/kalender-2015#primaryimage"},"thumbnailUrl":"https:\/\/storage.googleapis.com\/smartphoto-express-production-wp-blogs-com\/7\/2014\/11\/blog-yearplanner-nl-11.jpg","datePublished":"2014-11-20T10:24:01+00:00","dateModified":"2019-06-21T10:06:30+00:00","author":{"@id":"https:\/\/www.smartphoto.be\/blog\/#\/schema\/person\/574df13eec2ab72b7739fc7be540dfb1"},"description":"Kalender 2015 Het is altijd weer een uitdaging om thuis alles goed voor elkaar te krijgen. Mama en papa moeten werken, natuurlijk op verschillende dagen","breadcrumb":{"@id":"https:\/\/www.smartphoto.be\/blog\/kalender-2015#breadcrumb"},"inLanguage":"nl","potentialAction":[{"@type":"ReadAction","target":["https:\/\/www.smartphoto.be\/blog\/kalender-2015"]}]},{"@type":"ImageObject","inLanguage":"nl","@id":"https:\/\/www.smartphoto.be\/blog\/kalender-2015#primaryimage","url":"https:\/\/storage.googleapis.com\/smartphoto-express-production-wp-blogs-com\/7\/2014\/11\/blog-yearplanner-nl-11.jpg","contentUrl":"https:\/\/storage.googleapis.com\/smartphoto-express-production-wp-blogs-com\/7\/2014\/11\/blog-yearplanner-nl-11.jpg"},{"@type":"BreadcrumbList","@id":"https:\/\/www.smartphoto.be\/blog\/kalender-2015#breadcrumb","itemListElement":[{"@type":"ListItem","position":1,"name":"Home","item":"https:\/\/www.smartphoto.be\/blog"},{"@type":"ListItem","position":2,"name":"De handigste kalender voor 2015: de familieplanner"}]},{"@type":"WebSite","@id":"https:\/\/www.smartphoto.be\/blog\/#website","url":"https:\/\/www.smartphoto.be\/blog\/","name":"smartphoto blog","description":"","potentialAction":[{"@type":"SearchAction","target":{"@type":"EntryPoint","urlTemplate":"https:\/\/www.smartphoto.be\/blog\/?s={search_term_string}"},"query-input":{"@type":"PropertyValueSpecification","valueRequired":true,"valueName":"search_term_string"}}],"inLanguage":"nl"},{"@type":"Person","@id":"https:\/\/www.smartphoto.be\/blog\/#\/schema\/person\/574df13eec2ab72b7739fc7be540dfb1","name":"Kristof","image":{"@type":"ImageObject","inLanguage":"nl","@id":"https:\/\/secure.gravatar.com\/avatar\/94b1ad6fb89e0fb3f2852516382131796afb455feee17e6ed46fbd114a66984f?s=96&d=mm&r=g","url":"https:\/\/secure.gravatar.com\/avatar\/94b1ad6fb89e0fb3f2852516382131796afb455feee17e6ed46fbd114a66984f?s=96&d=mm&r=g","contentUrl":"https:\/\/secure.gravatar.com\/avatar\/94b1ad6fb89e0fb3f2852516382131796afb455feee17e6ed46fbd114a66984f?s=96&d=mm&r=g","caption":"Kristof"},"description":"Kristof, 33 jaar. Alles met teksten en beelden. Hobby's: fietsen, lopen, mountainbike, tennis en van de natuur genieten. Blogposts achter de schermen van smartphoto + heel wat inspiratie voor je foto's en belangrijke momenten!","sameAs":["https:\/\/www.instagram.com\/kristofblancke\/","https:\/\/www.linkedin.com\/in\/kristofblancke"],"url":"https:\/\/www.smartphoto.be\/blog\/author\/kristof"}]}},"_links":{"self":[{"href":"https:\/\/www.smartphoto.be\/blog\/wp-json\/wp\/v2\/posts\/29347","targetHints":{"allow":["GET"]}}],"collection":[{"href":"https:\/\/www.smartphoto.be\/blog\/wp-json\/wp\/v2\/posts"}],"about":[{"href":"https:\/\/www.smartphoto.be\/blog\/wp-json\/wp\/v2\/types\/post"}],"author":[{"embeddable":true,"href":"https:\/\/www.smartphoto.be\/blog\/wp-json\/wp\/v2\/users\/11"}],"replies":[{"embeddable":true,"href":"https:\/\/www.smartphoto.be\/blog\/wp-json\/wp\/v2\/comments?post=29347"}],"version-history":[{"count":2,"href":"https:\/\/www.smartphoto.be\/blog\/wp-json\/wp\/v2\/posts\/29347\/revisions"}],"predecessor-version":[{"id":43696,"href":"https:\/\/www.smartphoto.be\/blog\/wp-json\/wp\/v2\/posts\/29347\/revisions\/43696"}],"wp:attachment":[{"href":"https:\/\/www.smartphoto.be\/blog\/wp-json\/wp\/v2\/media?parent=29347"}],"wp:term":[{"taxonomy":"category","embeddable":true,"href":"https:\/\/www.smartphoto.be\/blog\/wp-json\/wp\/v2\/categories?post=29347"},{"taxonomy":"post_tag","embeddable":true,"href":"https:\/\/www.smartphoto.be\/blog\/wp-json\/wp\/v2\/tags?post=29347"}],"curies":[{"name":"wp","href":"https:\/\/api.w.org\/{rel}","templated":true}]}}